{"id":251934,"date":"2023-09-18T15:40:36","date_gmt":"2023-09-18T19:40:36","guid":{"rendered":"https:\/\/www.ocorreionews.com.br\/acervo-correio\/?p=251934"},"modified":"2023-09-18T15:40:36","modified_gmt":"2023-09-18T19:40:36","slug":"comeca-nesta-terca-feira-19-em-costa-rica-17a-edicao-da-primavera-dos-museus-com-foco-nos-indigenas","status":"publish","type":"post","link":"https:\/\/www.ocorreionews.com.br\/acervo-correio\/?p=251934","title":{"rendered":"Come\u00e7a nesta ter\u00e7a feira 19, em Costa Rica  17\u00aa edi\u00e7\u00e3o da Primavera dos Museus com foco nos ind\u00edgenas"},"content":{"rendered":"<div class=\"ntc_resumo_noticia sw_lato_bold\">A cidade de Costa Rica receber\u00e1 a 17\u00aa edi\u00e7\u00e3o da Primavera dos Museus, com atividades culturais relacionadas ao tema &#8220;ind\u00edgenas&#8221; no Museu Interativo Prof. Nelson Silva Soares, de 19 a 22 de setembro. A programa\u00e7\u00e3o inclui exposi\u00e7\u00e3o de pinturas, colagens, document\u00e1rios e teatro de fantoches. A iniciativa busca fortalecer a rela\u00e7\u00e3o dos museus brasileiros com a sociedade. O museu oferece uma experi\u00eancia virtual sobre a hist\u00f3ria, cultura e biodiversidade da regi\u00e3o.<\/div>\n<div class=\"ntc_descricao_noticia\">\n<div class=\"ntc_cont_descricao_noticia sw_txteditor\">A cidade de Costa Rica, se prepara para receber a 17\u00aa edi\u00e7\u00e3o da Primavera dos Museus, um evento anual que promove atividades culturais em museus e institui\u00e7\u00f5es de mem\u00f3ria por todo o pa\u00eds. Dentro do tema de 2023 ser\u00e1 trabalhado &#8220;ind\u00edgenas&#8221;, o Museu Interativo Prof. Nelson Silva Soares ser\u00e1 o local das atividades, que acontecer\u00e3o entre os dias 19 a 22 de setembro.<\/p>\n<p>A programa\u00e7\u00e3o ter\u00e1 in\u00edcio nesta ter\u00e7a-feira (19), com a abertura oficial do evento e a inaugura\u00e7\u00e3o da exposi\u00e7\u00e3o de pinturas e colagens &#8220;Cultura Ind\u00edgena MS&#8221;, organizada pelo grupo Florestinha. Durante a tarde, haver\u00e1 uma apresenta\u00e7\u00e3o de teatro de fantoches com o tema &#8220;Nossos \u00cdndios&#8221;, tamb\u00e9m realizado pelo grupo Florestinha.<\/p>\n<p>No dia 20, o professor Andr\u00e9 Silva organizar\u00e1 uma exibi\u00e7\u00e3o de document\u00e1rios sobre os \u00edndios de Mato Grosso do Sul. A tarde ser\u00e1 novamente dedicada ao teatro de fantoches com o grupo Florestinha.<\/p>\n<p>No dia 21, ser\u00e1 realizada uma exposi\u00e7\u00e3o dos trabalhos produzidos pelo grupo Florestinha. A tarde seguir\u00e1 com a apresenta\u00e7\u00e3o do teatro de fantoches &#8220;Nossos \u00cdndios&#8221;.<\/p>\n<p>No \u00faltimo dia, 22 de setembro, acontecer\u00e1 mais uma apresenta\u00e7\u00e3o do teatro de fantoches &#8220;Nossos \u00cdndios&#8221;. \u00c0 noite, ser\u00e1 realizada uma mesa redonda com a participa\u00e7\u00e3o da professora Jeane Vasconcelos da Cruz, da descendente ind\u00edgena Joana Mara Soares Leandro e do mediador professor Andr\u00e9 Silva.<\/p>\n<p>A Primavera dos Museus \u00e9 uma iniciativa que busca promover os museus brasileiros e fortalecer sua rela\u00e7\u00e3o com a sociedade. Coordenada pelo Instituto Brasileiro de Museus (Ibram), a temporada cultural acontece anualmente na semana de in\u00edcio da primavera e conta com a participa\u00e7\u00e3o de institui\u00e7\u00f5es de mem\u00f3ria e centros culturais de todo o pa\u00eds.<\/p>\n<p>Os museus s\u00e3o considerados importantes instrumentos de preserva\u00e7\u00e3o da mem\u00f3ria cultural de um povo, sendo respons\u00e1veis pela guarda do patrim\u00f4nio material e imaterial. O Museu Interativo Prof. Nelson Silva Soares, local das atividades da Primavera dos Museus em Costa Rica, tem como objetivo levar os visitantes a uma jornada virtual pelas paisagens da cidade. Por meio de jogos interativos, realidade virtual, proje\u00e7\u00e3o mapeada e imers\u00e3o 360 graus, os visitantes podem conhecer mais sobre a hist\u00f3ria, a cultura e a biodiversidade da regi\u00e3o.<\/p>\n<p>O museu est\u00e1 localizado na Rua Ambrosina Paes Coelho, 2.760, pr\u00f3ximo ao Centro de Eventos Ramez Tebet. O hor\u00e1rio de funcionamento \u00e9 de ter\u00e7a a sexta, das 9h \u00e0s 11h e das 13h \u00e0s 17h, aos s\u00e1bados das 14h \u00e0s 17h30, e aos domingos e feriados das 9h \u00e0s 11h.<\/p>\n<\/div>\n<div class=\"ntc_area_info_noticia sw_lato\">\n<div>\n<div class=\"ntc_info_noticia\"><strong class=\"sw_lato_black\">Fonte:<\/strong>Assessoria de Comunica\u00e7\u00e3o &#8211; PMCR<\/div>\n<\/div>\n<\/div>\n<\/div>\n","protected":false},"excerpt":{"rendered":"<p>A cidade de Costa Rica receber\u00e1 a 17\u00aa edi\u00e7\u00e3o da Primavera dos Museus, com atividades culturais relacionadas ao tema &#8220;ind\u00edgenas&#8221; no Museu Interativo Prof. Nelson Silva Soares, de 19 a 22 de setembro. A programa\u00e7\u00e3o inclui exposi\u00e7\u00e3o de pinturas, colagens, document\u00e1rios e teatro de fantoches. A iniciativa busca fortalecer a rela\u00e7\u00e3o dos museus brasileiros com [&hellip;]<\/p>\n","protected":false},"author":4,"featured_media":251935,"comment_status":"closed","ping_status":"closed","sticky":false,"template":"","format":"standard","meta":{"footnotes":""},"categories":[25],"tags":[],"class_list":["post-251934","post","type-post","status-publish","format-standard","has-post-thumbnail","hentry","category-costa-rica"],"_links":{"self":[{"href":"https:\/\/www.ocorreionews.com.br\/acervo-correio\/index.php?rest_route=\/wp\/v2\/posts\/251934","targetHints":{"allow":["GET"]}}],"collection":[{"href":"https:\/\/www.ocorreionews.com.br\/acervo-correio\/index.php?rest_route=\/wp\/v2\/posts"}],"about":[{"href":"https:\/\/www.ocorreionews.com.br\/acervo-correio\/index.php?rest_route=\/wp\/v2\/types\/post"}],"author":[{"embeddable":true,"href":"https:\/\/www.ocorreionews.com.br\/acervo-correio\/index.php?rest_route=\/wp\/v2\/users\/4"}],"replies":[{"embeddable":true,"href":"https:\/\/www.ocorreionews.com.br\/acervo-correio\/index.php?rest_route=%2Fwp%2Fv2%2Fcomments&post=251934"}],"version-history":[{"count":1,"href":"https:\/\/www.ocorreionews.com.br\/acervo-correio\/index.php?rest_route=\/wp\/v2\/posts\/251934\/revisions"}],"predecessor-version":[{"id":251936,"href":"https:\/\/www.ocorreionews.com.br\/acervo-correio\/index.php?rest_route=\/wp\/v2\/posts\/251934\/revisions\/251936"}],"wp:featuredmedia":[{"embeddable":true,"href":"https:\/\/www.ocorreionews.com.br\/acervo-correio\/index.php?rest_route=\/wp\/v2\/media\/251935"}],"wp:attachment":[{"href":"https:\/\/www.ocorreionews.com.br\/acervo-correio\/index.php?rest_route=%2Fwp%2Fv2%2Fmedia&parent=251934"}],"wp:term":[{"taxonomy":"category","embeddable":true,"href":"https:\/\/www.ocorreionews.com.br\/acervo-correio\/index.php?rest_route=%2Fwp%2Fv2%2Fcategories&post=251934"},{"taxonomy":"post_tag","embeddable":true,"href":"https:\/\/www.ocorreionews.com.br\/acervo-correio\/index.php?rest_route=%2Fwp%2Fv2%2Ftags&post=251934"}],"curies":[{"name":"wp","href":"https:\/\/api.w.org\/{rel}","templated":true}]}}