{"id":251937,"date":"2023-09-18T15:48:25","date_gmt":"2023-09-18T19:48:25","guid":{"rendered":"https:\/\/www.ocorreionews.com.br\/acervo-correio\/?p=251937"},"modified":"2023-09-18T15:48:25","modified_gmt":"2023-09-18T19:48:25","slug":"ms-primeiro-foco-de-influenza-aviaria-em-aves-de-subsistencia","status":"publish","type":"post","link":"https:\/\/www.ocorreionews.com.br\/acervo-correio\/?p=251937","title":{"rendered":"MS: primeiro foco de influenza avi\u00e1ria em aves de subsist\u00eancia"},"content":{"rendered":"<blockquote><p><strong><em><span class=\"agk-cont-destaque3 noticia-linha-apoio bottommargin\">\u00c9 o primeiro registro da doen\u00e7a no estado e o terceiro em aves de subsist\u00eancia identificado no Brasil<\/span><\/em><\/strong><\/p><\/blockquote>\n<p>Minist\u00e9rio da Agricultura e Pecu\u00e1ria (Mapa) confirmou nesta segunda-feira, 18 de setembro, a detec\u00e7\u00e3o do v\u00edrus da influenza avi\u00e1ria de alta patogenicidade (IAAP &#8211; H5N1) em um criat\u00f3rio de aves dom\u00e9sticas de subsist\u00eancia localizado em Bonito, Mato Grosso do Sul. Esse \u00e9 o primeiro registro da doen\u00e7a no estado e o terceiro em aves de subsist\u00eancia identificado no Brasil.<\/p>\n<p>O Servi\u00e7o Veterin\u00e1rio Oficial est\u00e1 implementando medidas sanit\u00e1rias para conter e erradicar o foco da doen\u00e7a, enquanto as a\u00e7\u00f5es de vigil\u00e2ncia em aves dom\u00e9sticas na regi\u00e3o est\u00e3o sendo intensificadas. Importante destacar que n\u00e3o existem estabelecimentos av\u00edcolas industriais nas \u00e1reas de risco epidemiol\u00f3gico pr\u00f3ximas ao foco.<\/p>\n<p>Com esse novo foco, o total de registros confirmados de influenza avi\u00e1ria no Brasil agora chega a 103, sendo 100 em aves silvestres e 3 em aves de subsist\u00eancia. A atualiza\u00e7\u00e3o no Painel BI do Mapa ser\u00e1 realizada hoje, incluindo essas informa\u00e7\u00f5es. A plataforma do Mapa permite consultar detalhes sobre a quantidade de focos, localiza\u00e7\u00e3o e as esp\u00e9cies afetadas pelo v\u00edrus.<\/p>\n<p>De acordo com as informa\u00e7\u00f5es da nota oficial divulgada pelo Mapa, a ocorr\u00eancia do foco de IAAP em aves de subsist\u00eancia n\u00e3o implica em restri\u00e7\u00f5es ao com\u00e9rcio internacional de produtos av\u00edcolas brasileiros, garantindo a seguran\u00e7a tanto para o consumo interno quanto para a exporta\u00e7\u00e3o.<\/p>\n<p>O Mapa refor\u00e7a o alerta \u00e0 popula\u00e7\u00e3o para n\u00e3o manusear aves doentes ou mortas e, em vez disso, entrar em contato com o servi\u00e7o veterin\u00e1rio mais pr\u00f3ximo para evitar a dissemina\u00e7\u00e3o da doen\u00e7a.\u00a0O status do Brasil como pa\u00eds livre de influenza avi\u00e1ria, reconhecido pela Organiza\u00e7\u00e3o Mundial de Sa\u00fade Animal (OMSA), permanece inalterado, uma vez que a doen\u00e7a n\u00e3o foi registrada na produ\u00e7\u00e3o comercial.<\/p>\n<p>Agrolink<\/p>\n","protected":false},"excerpt":{"rendered":"<p>\u00c9 o primeiro registro da doen\u00e7a no estado e o terceiro em aves de subsist\u00eancia identificado no Brasil Minist\u00e9rio da Agricultura e Pecu\u00e1ria (Mapa) confirmou nesta segunda-feira, 18 de setembro, a detec\u00e7\u00e3o do v\u00edrus da influenza avi\u00e1ria de alta patogenicidade (IAAP &#8211; H5N1) em um criat\u00f3rio de aves dom\u00e9sticas de subsist\u00eancia localizado em Bonito, Mato [&hellip;]<\/p>\n","protected":false},"author":4,"featured_media":251938,"comment_status":"closed","ping_status":"closed","sticky":false,"template":"","format":"standard","meta":{"footnotes":""},"categories":[17,39],"tags":[],"class_list":["post-251937","post","type-post","status-publish","format-standard","has-post-thumbnail","hentry","category-agropecuaria","category-saude"],"_links":{"self":[{"href":"https:\/\/www.ocorreionews.com.br\/acervo-correio\/index.php?rest_route=\/wp\/v2\/posts\/251937","targetHints":{"allow":["GET"]}}],"collection":[{"href":"https:\/\/www.ocorreionews.com.br\/acervo-correio\/index.php?rest_route=\/wp\/v2\/posts"}],"about":[{"href":"https:\/\/www.ocorreionews.com.br\/acervo-correio\/index.php?rest_route=\/wp\/v2\/types\/post"}],"author":[{"embeddable":true,"href":"https:\/\/www.ocorreionews.com.br\/acervo-correio\/index.php?rest_route=\/wp\/v2\/users\/4"}],"replies":[{"embeddable":true,"href":"https:\/\/www.ocorreionews.com.br\/acervo-correio\/index.php?rest_route=%2Fwp%2Fv2%2Fcomments&post=251937"}],"version-history":[{"count":1,"href":"https:\/\/www.ocorreionews.com.br\/acervo-correio\/index.php?rest_route=\/wp\/v2\/posts\/251937\/revisions"}],"predecessor-version":[{"id":251939,"href":"https:\/\/www.ocorreionews.com.br\/acervo-correio\/index.php?rest_route=\/wp\/v2\/posts\/251937\/revisions\/251939"}],"wp:featuredmedia":[{"embeddable":true,"href":"https:\/\/www.ocorreionews.com.br\/acervo-correio\/index.php?rest_route=\/wp\/v2\/media\/251938"}],"wp:attachment":[{"href":"https:\/\/www.ocorreionews.com.br\/acervo-correio\/index.php?rest_route=%2Fwp%2Fv2%2Fmedia&parent=251937"}],"wp:term":[{"taxonomy":"category","embeddable":true,"href":"https:\/\/www.ocorreionews.com.br\/acervo-correio\/index.php?rest_route=%2Fwp%2Fv2%2Fcategories&post=251937"},{"taxonomy":"post_tag","embeddable":true,"href":"https:\/\/www.ocorreionews.com.br\/acervo-correio\/index.php?rest_route=%2Fwp%2Fv2%2Ftags&post=251937"}],"curies":[{"name":"wp","href":"https:\/\/api.w.org\/{rel}","templated":true}]}}