{"id":251947,"date":"2023-09-18T16:22:12","date_gmt":"2023-09-18T20:22:12","guid":{"rendered":"https:\/\/www.ocorreionews.com.br\/acervo-correio\/?p=251947"},"modified":"2023-09-18T16:22:12","modified_gmt":"2023-09-18T20:22:12","slug":"pm-de-costa-rica-prende-homem-que-nao-quis-abaixar-volume-do-aparelho-de-som","status":"publish","type":"post","link":"https:\/\/www.ocorreionews.com.br\/acervo-correio\/?p=251947","title":{"rendered":"PM de Costa Rica prende homem que n\u00e3o quis abaixar volume do aparelho de som"},"content":{"rendered":"<p>Na noite da \u00faltima sexta-feira (15), um homem de 30 anos foi detido, ao negar abaixar o volume do aparelho de som que estava incomodando os vizinhos em Costa Rica.<\/p>\n<p>De acordo com o Boletim de Ocorr\u00eancia, por volta das 22h, a Pol\u00edcia Militar de Costa Rica foi acionada a comparecer em uma resid\u00eancia na Rua An\u00edsio Pereira de Oliveira, Centro da cidade, onde o comunicante alegou estar incomodado com um som alto proveniente da casa de seu vizinho, al\u00e9m do som alto havia muita algazarra e presen\u00e7a de pessoas no local. Antes acionar a PM, a v\u00edtima tentou conversar com o autor na tentativa de cessar a perturba\u00e7\u00e3o, por\u00e9m n\u00e3o foi atendido.<\/p>\n<p>Ent\u00e3o os militares chegaram ao local e fizeram contato com o autor e o mesmo disse que n\u00e3o desligaria o som, pois estava dentro do \u201chor\u00e1rio\u201d.<\/p>\n<p>Diante da negativa foi dado voz de pris\u00e3o ao mesmo pelo motivo da perturba\u00e7\u00e3o, o autor e o aparelho de som foram entregues na Delegacia de Pol\u00edcia.<\/p>\n","protected":false},"excerpt":{"rendered":"<p>Na noite da \u00faltima sexta-feira (15), um homem de 30 anos foi detido, ao negar abaixar o volume do aparelho de som que estava incomodando os vizinhos em Costa Rica. De acordo com o Boletim de Ocorr\u00eancia, por volta das 22h, a Pol\u00edcia Militar de Costa Rica foi acionada a comparecer em uma resid\u00eancia na [&hellip;]<\/p>\n","protected":false},"author":5,"featured_media":205746,"comment_status":"closed","ping_status":"closed","sticky":false,"template":"","format":"standard","meta":{"footnotes":""},"categories":[25,38],"tags":[],"class_list":["post-251947","post","type-post","status-publish","format-standard","has-post-thumbnail","hentry","category-costa-rica","category-policia"],"_links":{"self":[{"href":"https:\/\/www.ocorreionews.com.br\/acervo-correio\/index.php?rest_route=\/wp\/v2\/posts\/251947","targetHints":{"allow":["GET"]}}],"collection":[{"href":"https:\/\/www.ocorreionews.com.br\/acervo-correio\/index.php?rest_route=\/wp\/v2\/posts"}],"about":[{"href":"https:\/\/www.ocorreionews.com.br\/acervo-correio\/index.php?rest_route=\/wp\/v2\/types\/post"}],"author":[{"embeddable":true,"href":"https:\/\/www.ocorreionews.com.br\/acervo-correio\/index.php?rest_route=\/wp\/v2\/users\/5"}],"replies":[{"embeddable":true,"href":"https:\/\/www.ocorreionews.com.br\/acervo-correio\/index.php?rest_route=%2Fwp%2Fv2%2Fcomments&post=251947"}],"version-history":[{"count":1,"href":"https:\/\/www.ocorreionews.com.br\/acervo-correio\/index.php?rest_route=\/wp\/v2\/posts\/251947\/revisions"}],"predecessor-version":[{"id":251948,"href":"https:\/\/www.ocorreionews.com.br\/acervo-correio\/index.php?rest_route=\/wp\/v2\/posts\/251947\/revisions\/251948"}],"wp:featuredmedia":[{"embeddable":true,"href":"https:\/\/www.ocorreionews.com.br\/acervo-correio\/index.php?rest_route=\/wp\/v2\/media\/205746"}],"wp:attachment":[{"href":"https:\/\/www.ocorreionews.com.br\/acervo-correio\/index.php?rest_route=%2Fwp%2Fv2%2Fmedia&parent=251947"}],"wp:term":[{"taxonomy":"category","embeddable":true,"href":"https:\/\/www.ocorreionews.com.br\/acervo-correio\/index.php?rest_route=%2Fwp%2Fv2%2Fcategories&post=251947"},{"taxonomy":"post_tag","embeddable":true,"href":"https:\/\/www.ocorreionews.com.br\/acervo-correio\/index.php?rest_route=%2Fwp%2Fv2%2Ftags&post=251947"}],"curies":[{"name":"wp","href":"https:\/\/api.w.org\/{rel}","templated":true}]}}