{"id":251949,"date":"2023-09-18T19:50:36","date_gmt":"2023-09-18T23:50:36","guid":{"rendered":"https:\/\/www.ocorreionews.com.br\/acervo-correio\/?p=251949"},"modified":"2023-09-19T14:15:35","modified_gmt":"2023-09-19T18:15:35","slug":"chapadao-do-sjul-gera-11-vereadores-em-2024","status":"publish","type":"post","link":"https:\/\/www.ocorreionews.com.br\/acervo-correio\/?p=251949","title":{"rendered":"Chapad\u00e3o do Sul passar\u00e1 a ter 11 vereadores a partir da elei\u00e7\u00f5es de 2024"},"content":{"rendered":"<p>Foi aprovado em segunda vota\u00e7\u00e3o a proposta de Emenda 27\/2023 a Lei Org\u00e2nica Municipal, que aumenta o n\u00famero de vereadores da C\u00e2mara Municipal de Chapad\u00e3o do Sul, de 9 para 11, a partir das pr\u00f3ximas elei\u00e7\u00e3o que acontece em 2024.<\/p>\n<p>A vota\u00e7\u00e3o permaneceu a mesma da primeira, ou seja, 8&#215;1, tendo o voto do vereador Sapo contrario.<\/p>\n<p>Como est\u00e1 na Constitui\u00e7\u00e3o Federal, cada cidade tem direito a um n\u00famero de vereadores proporcional \u00e0 popula\u00e7\u00e3o. Conforme dados do novo Censo de 2022, Chapad\u00e3o do Sul est\u00e1 com mais de 30 mil habitantes e com isso pode aumentar o n\u00famero de vereadores de 09 para 13 parlamentares, mas os vereadores preferiram optar por 11. Est\u00e1 na Constitui\u00e7\u00e3o Federal a previs\u00e3o de quantos vereadores cada cidade pode ter, com base na popula\u00e7\u00e3o. O artigo 29, em seu inciso IV, foi alterado por meio da\u00a0<strong><a href=\"http:\/\/www.planalto.gov.br\/ccivil_03\/constituicao\/emendas\/emc\/emc58.htm\" target=\"_blank\" rel=\"noreferrer noopener\">Emenda Constitucional 58\/2009<\/a><\/strong>.<\/p>\n<p>A amplia\u00e7\u00e3o da representa\u00e7\u00e3o legislativa n\u00e3o apenas reflete o crescimento demogr\u00e1fico de Chapad\u00e3o do Sul, mas tamb\u00e9m visa fortalecer a voz da comunidade no processo pol\u00edtico. Com duas cadeiras adicionais, a C\u00e2mara Municipal estar\u00e1 melhor equipada para representar a diversidade de opini\u00f5es e demandas da popula\u00e7\u00e3o.<\/p>\n<p>Al\u00e9m disso, o aumento do n\u00famero de vereadores n\u00e3o ter\u00e1 impacto financeiro no or\u00e7amento do munic\u00edpio. O repasse de duod\u00e9cimo da Prefeitura para a C\u00e2mara Municipal permanecer\u00e1 inalterado, garantindo a estabilidade financeira necess\u00e1ria para o bom funcionamento do poder legislativo.<\/p>\n<p>Um aspecto importante destacado pelos defensores da medida \u00e9 o fortalecimento do poder fiscalizat\u00f3rio da C\u00e2mara sobre o Executivo. Com mais vereadores, haver\u00e1 uma capacidade ampliada para supervisionar as pol\u00edticas p\u00fablicas, fiscalizar o uso dos recursos municipais e garantir que as a\u00e7\u00f5es da administra\u00e7\u00e3o estejam alinhadas com os interesses da comunidade.<\/p>\n<p>&nbsp;<\/p>\n<p>&nbsp;<\/p>\n","protected":false},"excerpt":{"rendered":"<p>Foi aprovado em segunda vota\u00e7\u00e3o a proposta de Emenda 27\/2023 a Lei Org\u00e2nica Municipal, que aumenta o n\u00famero de vereadores da C\u00e2mara Municipal de Chapad\u00e3o do Sul, de 9 para 11, a partir das pr\u00f3ximas elei\u00e7\u00e3o que acontece em 2024. A vota\u00e7\u00e3o permaneceu a mesma da primeira, ou seja, 8&#215;1, tendo o voto do vereador [&hellip;]<\/p>\n","protected":false},"author":4,"featured_media":251950,"comment_status":"closed","ping_status":"closed","sticky":false,"template":"","format":"standard","meta":{"footnotes":""},"categories":[20,23,41],"tags":[],"class_list":["post-251949","post","type-post","status-publish","format-standard","has-post-thumbnail","hentry","category-camara-municipal","category-chapadao-do-sul","category-destaque"],"_links":{"self":[{"href":"https:\/\/www.ocorreionews.com.br\/acervo-correio\/index.php?rest_route=\/wp\/v2\/posts\/251949","targetHints":{"allow":["GET"]}}],"collection":[{"href":"https:\/\/www.ocorreionews.com.br\/acervo-correio\/index.php?rest_route=\/wp\/v2\/posts"}],"about":[{"href":"https:\/\/www.ocorreionews.com.br\/acervo-correio\/index.php?rest_route=\/wp\/v2\/types\/post"}],"author":[{"embeddable":true,"href":"https:\/\/www.ocorreionews.com.br\/acervo-correio\/index.php?rest_route=\/wp\/v2\/users\/4"}],"replies":[{"embeddable":true,"href":"https:\/\/www.ocorreionews.com.br\/acervo-correio\/index.php?rest_route=%2Fwp%2Fv2%2Fcomments&post=251949"}],"version-history":[{"count":5,"href":"https:\/\/www.ocorreionews.com.br\/acervo-correio\/index.php?rest_route=\/wp\/v2\/posts\/251949\/revisions"}],"predecessor-version":[{"id":252043,"href":"https:\/\/www.ocorreionews.com.br\/acervo-correio\/index.php?rest_route=\/wp\/v2\/posts\/251949\/revisions\/252043"}],"wp:featuredmedia":[{"embeddable":true,"href":"https:\/\/www.ocorreionews.com.br\/acervo-correio\/index.php?rest_route=\/wp\/v2\/media\/251950"}],"wp:attachment":[{"href":"https:\/\/www.ocorreionews.com.br\/acervo-correio\/index.php?rest_route=%2Fwp%2Fv2%2Fmedia&parent=251949"}],"wp:term":[{"taxonomy":"category","embeddable":true,"href":"https:\/\/www.ocorreionews.com.br\/acervo-correio\/index.php?rest_route=%2Fwp%2Fv2%2Fcategories&post=251949"},{"taxonomy":"post_tag","embeddable":true,"href":"https:\/\/www.ocorreionews.com.br\/acervo-correio\/index.php?rest_route=%2Fwp%2Fv2%2Ftags&post=251949"}],"curies":[{"name":"wp","href":"https:\/\/api.w.org\/{rel}","templated":true}]}}