{"id":25197,"date":"2016-04-13T10:13:14","date_gmt":"2016-04-13T14:13:14","guid":{"rendered":"https:\/\/ocorreionews.com.br\/?p=25197"},"modified":"2016-04-13T10:48:44","modified_gmt":"2016-04-13T14:48:44","slug":"costa-rica-realiza-nesta-feriadao-copa-america-de-corrida-de-aventuraadventure-race-e-motocross","status":"publish","type":"post","link":"https:\/\/www.ocorreionews.com.br\/acervo-correio\/?p=25197","title":{"rendered":"Costa Rica realiza nesta feriad\u00e3o Copa Am\u00e9rica de Corrida de Aventura, Adventure Race e Motocross"},"content":{"rendered":"<div class=\"marginBottom30px link-Internas\">\n<p style=\"text-align: justify;\">A cidade de Costa Rica \u2013 MS recebe neste m\u00eas de abril tr\u00eas grandes competi\u00e7\u00f5es radicais que v\u00e3o mobilizar toda a regi\u00e3o com participa\u00e7\u00f5es de atletas do mundo todo. No per\u00edodo de 21 a 24 de abril a popula\u00e7\u00e3o vai poder sentir muita adrenalina e assistir a duas modalidades de esportes, radicais e de aventura.<\/p>\n<p style=\"text-align: justify;\"><strong>2\u00aa Copa Am\u00e9rica de Corrida de Aventura<\/strong><\/p>\n<p style=\"text-align: justify;\">Para iniciar a programa\u00e7\u00e3o, a CBCA &#8211; Confedera\u00e7\u00e3o Brasileira de Corrida de Aventura (CBCA) em parceria com as federa\u00e7\u00f5es e entidades estaduais e internacionais e com apoio do Governo Municipal realiza entre os dias 21 e 23 de abril a 2\u00aa Copa Am\u00e9rica de Corrida de Aventura. Para esta competi\u00e7\u00e3o foram convidadas as melhores equipes das Am\u00e9ricas do Norte, Central e Sul.<\/p>\n<p style=\"text-align: justify;\">A estimativa dos organizadores da competi\u00e7\u00e3o \u00e9 reunir mais de 150 atletas que v\u00e3o fazer a prova em um percurso de 201 km. Os competidores precisam tra\u00e7ar a melhor estrat\u00e9gia e trabalhar em equipe para completar a prova que envolve quatro modalidades esportivas: Mountain Biking, Orienta\u00e7\u00e3o, Canoagem e Trekking.<\/p>\n<p style=\"text-align: justify;\">O presidente da CBCA e diretor geral da prova, Mauricio Santi, destaca que essa \u00e9 a grande oportunidade de Costa Rica que sediar\u00e1 o evento com o objetivo de divulgar o esporte de aventura e o turismo na regi\u00e3o. \u201cAl\u00e9m de divulgarmos os pontos de turismo do Munic\u00edpio, queremos consagrar o Brasil como um exemplo de organiza\u00e7\u00e3o neste esporte que cresce em todo o mundo, e consolidar o Pa\u00eds como um dos principais fomentadores do turismo e esporte de aventura no mundo\u201d, enfatiza.<\/p>\n<p style=\"text-align: justify;\">\u201cOs organizadores e atletas tamb\u00e9m v\u00e3o participar de um projeto EcoSocial, ocasi\u00e3o em que no dia 21 de abril (s\u00e1bado) v\u00e3o plantar mudas de \u00e1rvores nativas no Parque Ecol\u00f3gico Vilibaldo Rodrigues Barbosa \u2018Vilibaldo\u2019\u201d, complementou Santi.<\/p>\n<p style=\"text-align: justify;\"><strong>Segue abaixo a Programa\u00e7\u00e3o da competi\u00e7\u00e3o:<\/strong><\/p>\n<p style=\"text-align: justify;\"><strong>21 de Abri (Quinta-Feira)<\/strong><\/p>\n<p style=\"text-align: justify;\">10h00 \u2013 Checagem de Equipamentos das Equipes no Parque Natural Municipal Salto do Sucuri\u00fa;<\/p>\n<p style=\"text-align: justify;\">16h00 \u2013 Projeto EcoSocial (plantio de \u00e1rvores nativas) no Parque Ecol\u00f3gico Vilibaldo Rodrigues Barbosa \u2018Viliboldo\u2019;<\/p>\n<p style=\"text-align: justify;\">18h00 \u2013 Cerim\u00f4nia de Abertura e Briefing (instru\u00e7\u00f5es);<\/p>\n<p style=\"text-align: justify;\">22 de Abri (Sexta-Feira)<\/p>\n<p style=\"text-align: justify;\">10h00 \u2013 Largada dos Atletas no Centro de Eventos Ramez Tebet;<\/p>\n<p style=\"text-align: justify;\">23 de Abri (S\u00e1bado)<\/p>\n<p style=\"text-align: justify;\">12h00 \u2013 Previs\u00e3o de chegada dos primeiros competidores no Centro de Eventos Ramez Tebet;<\/p>\n<p style=\"text-align: justify;\">19h00 \u2013 Cerim\u00f4nia de Encerramento, Premia\u00e7\u00f5es e Show com Dj no Centro de Eventos Ramez Tebet.<\/p>\n<p style=\"text-align: justify;\"><strong>1<\/strong><strong>\u00aa Costa Rica Brasil Adventure Race<\/strong><\/p>\n<p style=\"text-align: justify;\">Al\u00e9m da Copa Am\u00e9rica de Corrida de Aventura, Costa Rica receber\u00e1 tamb\u00e9m a 1\u00aa Costa Rica Brasil Adventure Race. O evento \u00e9 uma realiza\u00e7\u00e3o da CBCA com apoio do Governo Municipal e Governo do Estado de Mato Grosso do Sul.<\/p>\n<p style=\"text-align: justify;\">A CBCA fornecer\u00e1 toda a infraestrutura necess\u00e1ria para a realiza\u00e7\u00e3o do evento incluindo mapas da regi\u00e3o atualizados, instru\u00e7\u00f5es de prova, postos de controles, seguro atleta, caiaques com remos e todo o apoio necess\u00e1rio para o evento. Esta prova ter\u00e1 um percurso de 186 km que passar\u00e1 por estradas de terra, planta\u00e7\u00f5es, pastos, trilhas, rios e cachoeiras, distribu\u00eddos nas modalidades Mountain Bike, Canoagem, Trekking, T\u00e9cnicas Verticais e Orienta\u00e7\u00e3o percorridos pelos atletas, ininterruptamente e sem equipe de apoio da largada at\u00e9 a linha de chegada.<\/p>\n<p style=\"text-align: justify;\">Podem participar equipes formadas em duplas masculinas ou duplas mistas. O organizador do evento, Mauricio Santi, informa que durante a prova a organiza\u00e7\u00e3o far\u00e1 o transporte das caixas de reabastecimento e saco de canoagem para as \u00e1reas de transi\u00e7\u00f5es das equipes tornando a competi\u00e7\u00e3o muito din\u00e2mica para os atletas. \u201cTodos os atletas que completarem o percurso receber\u00e3o medalhas de participa\u00e7\u00e3o. As tr\u00eas primeiras equipes de cada categoria ganham trof\u00e9us\u201d, ressalta o presidente da CBCA.<\/p>\n<p style=\"text-align: justify;\"><strong>2\u00aa Copa Integra\u00e7\u00e3o de Motocross<\/strong><\/p>\n<p style=\"text-align: justify;\">J\u00e1 nos dias 23 e 24 de abril de 2016 ser\u00e1 realizada a 2\u00aa Copa Integra\u00e7\u00e3o de Motocross. A competi\u00e7\u00e3o \u00e9 realizada pela Associa\u00e7\u00e3o Moto Club de Costa Rica sobre a supervis\u00e3o da FEMEMS &#8211; Federa\u00e7\u00e3o de Motociclismo de Mato Grosso do Sul e conta com apoio da Administra\u00e7\u00e3o Municipal por meio da Secretaria de Turismo, Meio Ambiente, Esporte e Cultura.<\/p>\n<p style=\"text-align: justify;\">As competi\u00e7\u00f5es ser\u00e3o realizadas no Mot\u00f3dromo Sonho de Viver \u201cJhonathan de Oliveira Freitas\u201d, no bairro Jardim Afonso III. Para o organizador da competi\u00e7\u00e3o Od\u00e9cio Dias de Jesus popularmente conhecido como Boy, o evento neste ano ser\u00e1 melhor do que o realizado em 2015. \u201cAcredito que vamos fazer uma \u00f3tima competi\u00e7\u00e3o. Esperamos um bom p\u00fablico para assistir a grandes competidores na modalidade\u201d, comentou.<\/p>\n<p style=\"text-align: justify;\">No s\u00e1bado haver\u00e1 treino livre a partir das 14h00. J\u00e1 no domingo a partir das 9h haver\u00e1 o treino oficial e a partir das 13h come\u00e7a a prova. A organiza\u00e7\u00e3o do evento espera cerca de 100 competidores divididos nas categorias: MX1, MX2, MX3, MX4, MX Estreante, MX Intermedi\u00e1rio, MX Nacional For\u00e7a Livre, MX Nacional B, MX J\u00fanior e Mini Moto.<\/p>\n<p style=\"text-align: justify;\">\n<\/div>\n<div class=\"marginBottom30px link-Internas\" style=\"text-align: justify;\">ASSECOM\/PMCR<\/div>\n","protected":false},"excerpt":{"rendered":"<p>A cidade de Costa Rica \u2013 MS recebe neste m\u00eas de abril tr\u00eas grandes competi\u00e7\u00f5es radicais que v\u00e3o mobilizar toda a regi\u00e3o com participa\u00e7\u00f5es de atletas do mundo todo. No per\u00edodo de 21 a 24 de abril a popula\u00e7\u00e3o vai poder sentir muita adrenalina e assistir a duas modalidades de esportes, radicais e de aventura. [&hellip;]<\/p>\n","protected":false},"author":4,"featured_media":25198,"comment_status":"closed","ping_status":"closed","sticky":false,"template":"","format":"standard","meta":{"footnotes":""},"categories":[25],"tags":[],"class_list":["post-25197","post","type-post","status-publish","format-standard","has-post-thumbnail","hentry","category-costa-rica"],"_links":{"self":[{"href":"https:\/\/www.ocorreionews.com.br\/acervo-correio\/index.php?rest_route=\/wp\/v2\/posts\/25197","targetHints":{"allow":["GET"]}}],"collection":[{"href":"https:\/\/www.ocorreionews.com.br\/acervo-correio\/index.php?rest_route=\/wp\/v2\/posts"}],"about":[{"href":"https:\/\/www.ocorreionews.com.br\/acervo-correio\/index.php?rest_route=\/wp\/v2\/types\/post"}],"author":[{"embeddable":true,"href":"https:\/\/www.ocorreionews.com.br\/acervo-correio\/index.php?rest_route=\/wp\/v2\/users\/4"}],"replies":[{"embeddable":true,"href":"https:\/\/www.ocorreionews.com.br\/acervo-correio\/index.php?rest_route=%2Fwp%2Fv2%2Fcomments&post=25197"}],"version-history":[{"count":0,"href":"https:\/\/www.ocorreionews.com.br\/acervo-correio\/index.php?rest_route=\/wp\/v2\/posts\/25197\/revisions"}],"wp:featuredmedia":[{"embeddable":true,"href":"https:\/\/www.ocorreionews.com.br\/acervo-correio\/index.php?rest_route=\/wp\/v2\/media\/25198"}],"wp:attachment":[{"href":"https:\/\/www.ocorreionews.com.br\/acervo-correio\/index.php?rest_route=%2Fwp%2Fv2%2Fmedia&parent=25197"}],"wp:term":[{"taxonomy":"category","embeddable":true,"href":"https:\/\/www.ocorreionews.com.br\/acervo-correio\/index.php?rest_route=%2Fwp%2Fv2%2Fcategories&post=25197"},{"taxonomy":"post_tag","embeddable":true,"href":"https:\/\/www.ocorreionews.com.br\/acervo-correio\/index.php?rest_route=%2Fwp%2Fv2%2Ftags&post=25197"}],"curies":[{"name":"wp","href":"https:\/\/api.w.org\/{rel}","templated":true}]}}