{"id":251970,"date":"2023-09-18T20:20:31","date_gmt":"2023-09-19T00:20:31","guid":{"rendered":"https:\/\/www.ocorreionews.com.br\/acervo-correio\/?p=251970"},"modified":"2023-09-19T09:29:56","modified_gmt":"2023-09-19T13:29:56","slug":"prefeito-e-vereadores-de-paraiso-realizaram-a-entrega-de-um-caminhao-prancha-0km","status":"publish","type":"post","link":"https:\/\/www.ocorreionews.com.br\/acervo-correio\/?p=251970","title":{"rendered":"Prefeito e vereadores de Para\u00edso realizaram a entrega de um caminh\u00e3o prancha 0km"},"content":{"rendered":"<p><span data-contrast=\"auto\">No final da tarde desta segunda-feira (18) o prefeito de Para\u00edso das \u00c1guas Aniz\u00edo Andrade (PP), fez a entrega de um caminh\u00e3o prancha, 0KM para atender a Secretaria Municipal de Infraestrutura Rural e Urbana.<\/span><span data-ccp-props=\"{&quot;201341983&quot;:0,&quot;335559739&quot;:160,&quot;335559740&quot;:259}\">\u00a0<\/span><\/p>\n<p dir=\"ltr\">O ve\u00edculo com a prancha foi adquirido com recursos pr\u00f3prios do munic\u00edpio no valor de R$ 1.171.000,00. De acordo com a secret\u00e1ria de obras e de infraestrutura do munic\u00edpio, Silvia Simone Pinho, o ve\u00edculo ser\u00e1 utilizado para transportar m\u00e1quinas pesadas utilizadas para manuten\u00e7\u00e3o das estradas rurais do munic\u00edpio.<\/p>\n<p><span data-contrast=\"auto\">&#8220;Agradecemos ao apoio de nossa C\u00e2mara Municipal de Vereadores, nossos secret\u00e1rios municipais e toda nossa equipe do Executivo Municipal&#8221;, publicou o prefeito Aniz\u00edo Andrade em suas redes sociais.<\/span><span data-ccp-props=\"{&quot;201341983&quot;:0,&quot;335559739&quot;:160,&quot;335559740&quot;:259}\">\u00a0<\/span><\/p>\n<p><span data-contrast=\"auto\">Participaram da entrega o vice-prefeito Roberto Carlos (PSDB), vereadores Edson da Oficina (PP), Ronaldo Paniago (Patri), Marquinhos do Pouso Alto (PSDB), Fio do Povo (PSDB), Professor Leonardo (PP), Tuta (PSDB) e Neife Vida (PP) e secret\u00e1rios municipais: Silvia Simone (Infraestrutura), Rozilda Cal\u00e1bria (Assist\u00eancia Social), Didi (Chefe de Gabinete).<\/span><span data-ccp-props=\"{&quot;201341983&quot;:0,&quot;335559739&quot;:160,&quot;335559740&quot;:259}\">\u00a0<\/span><\/p>\n<p><img decoding=\"async\" src=\"https:\/\/www.bncnoticias.com.br\/arquivos\/noticias\/16353\/galeria\/20230918222828_IMG_6274.jpg\" \/><\/p>\n<p>&nbsp;<\/p>\n<p><img decoding=\"async\" src=\"https:\/\/www.bncnoticias.com.br\/arquivos\/noticias\/16353\/galeria\/20230918222857_IMG_6276.jpg\" \/><\/p>\n<p>Com informa\u00e7\u00f5es e fotos BNC Noticias<\/p>\n","protected":false},"excerpt":{"rendered":"<p>No final da tarde desta segunda-feira (18) o prefeito de Para\u00edso das \u00c1guas Aniz\u00edo Andrade (PP), fez a entrega de um caminh\u00e3o prancha, 0KM para atender a Secretaria Municipal de Infraestrutura Rural e Urbana.\u00a0 O ve\u00edculo com a prancha foi adquirido com recursos pr\u00f3prios do munic\u00edpio no valor de R$ 1.171.000,00. De acordo com a [&hellip;]<\/p>\n","protected":false},"author":5,"featured_media":251971,"comment_status":"closed","ping_status":"closed","sticky":false,"template":"","format":"standard","meta":{"footnotes":""},"categories":[41,36],"tags":[],"class_list":["post-251970","post","type-post","status-publish","format-standard","has-post-thumbnail","hentry","category-destaque","category-paraiso-das-aguas"],"_links":{"self":[{"href":"https:\/\/www.ocorreionews.com.br\/acervo-correio\/index.php?rest_route=\/wp\/v2\/posts\/251970","targetHints":{"allow":["GET"]}}],"collection":[{"href":"https:\/\/www.ocorreionews.com.br\/acervo-correio\/index.php?rest_route=\/wp\/v2\/posts"}],"about":[{"href":"https:\/\/www.ocorreionews.com.br\/acervo-correio\/index.php?rest_route=\/wp\/v2\/types\/post"}],"author":[{"embeddable":true,"href":"https:\/\/www.ocorreionews.com.br\/acervo-correio\/index.php?rest_route=\/wp\/v2\/users\/5"}],"replies":[{"embeddable":true,"href":"https:\/\/www.ocorreionews.com.br\/acervo-correio\/index.php?rest_route=%2Fwp%2Fv2%2Fcomments&post=251970"}],"version-history":[{"count":2,"href":"https:\/\/www.ocorreionews.com.br\/acervo-correio\/index.php?rest_route=\/wp\/v2\/posts\/251970\/revisions"}],"predecessor-version":[{"id":251994,"href":"https:\/\/www.ocorreionews.com.br\/acervo-correio\/index.php?rest_route=\/wp\/v2\/posts\/251970\/revisions\/251994"}],"wp:featuredmedia":[{"embeddable":true,"href":"https:\/\/www.ocorreionews.com.br\/acervo-correio\/index.php?rest_route=\/wp\/v2\/media\/251971"}],"wp:attachment":[{"href":"https:\/\/www.ocorreionews.com.br\/acervo-correio\/index.php?rest_route=%2Fwp%2Fv2%2Fmedia&parent=251970"}],"wp:term":[{"taxonomy":"category","embeddable":true,"href":"https:\/\/www.ocorreionews.com.br\/acervo-correio\/index.php?rest_route=%2Fwp%2Fv2%2Fcategories&post=251970"},{"taxonomy":"post_tag","embeddable":true,"href":"https:\/\/www.ocorreionews.com.br\/acervo-correio\/index.php?rest_route=%2Fwp%2Fv2%2Ftags&post=251970"}],"curies":[{"name":"wp","href":"https:\/\/api.w.org\/{rel}","templated":true}]}}