{"id":251973,"date":"2023-09-19T07:40:32","date_gmt":"2023-09-19T11:40:32","guid":{"rendered":"https:\/\/www.ocorreionews.com.br\/acervo-correio\/?p=251973"},"modified":"2023-09-19T07:40:32","modified_gmt":"2023-09-19T11:40:32","slug":"filme-o-ceu-nao-pode-esperar-chega-aos-cinemas-brasileiros-e-detalha-a-vida-do-beato-carlo-acutis","status":"publish","type":"post","link":"https:\/\/www.ocorreionews.com.br\/acervo-correio\/?p=251973","title":{"rendered":"Filme &#8216;O C\u00e9u N\u00e3o Pode Esperar&#8217; chega aos cinemas brasileiros e detalha a vida do beato Carlo Acutis"},"content":{"rendered":"<p>&#8220;O C\u00e9u N\u00e3o Pode Esperar&#8221; chega aos cinemas brasileiros em outubro e vai contar a hist\u00f3ria do beato Carlos Acutis, um jovem cat\u00f3lico italiano que morreu em 2006, aos 15 anos, v\u00edtima de uma leucemia. Apesar de sua partida repentina, o jovem deixou um legado de <a class=\"st_tag internal_tag \" title=\"Not\u00edcias sobre f\u00e9\" href=\"https:\/\/midiamax.uol.com.br\/tag\/fe\/\" rel=\"tag\">f\u00e9<\/a> e espiritualidade. Ele foi beatificado em 10 de outubro de 2020.<\/p>\n<p>Nascido em Londres, na Inglaterra, Carlo foi criado em Mil\u00e3o, na It\u00e1lia, onde se tornou cat\u00f3lico e devoto da Virgem Maria. Al\u00e9m da sua dedica\u00e7\u00e3o na igreja, o jovem gostava de computadores e tinha um extenso conhecimento de ci\u00eancia da computa\u00e7\u00e3o. Assim, ele uniu os dois universos que mais amava e passou a se dedicar \u00e0 cataloga\u00e7\u00e3o de cada milagre j\u00e1 realizado e evangeliza\u00e7\u00e3o. Por causa desse trabalho, ficou conhecido como padroeiro da internet.<\/p>\n<h2 id=\"h-milagre-em-campo-grande\" class=\"wp-block-heading\">Milagre em Campo Grande<\/h2>\n<p>Aqui na Capital, ap\u00f3s a sua morte, o padre Marcelo Ten\u00f3rio, da Par\u00f3quia Sebasti\u00e3o, passou a realizar, anualmente, uma mussa de Nossa Senhora Aparecida, sempre expondo uma roupa que teria sangue de Carlo.<\/p>\n<div><\/div>\n<div><\/div>\n<p>Durante uma dessas missas, em 2010, um av\u00f4 apavorado com o diagn\u00f3stico que seu neto havia recebido, decidiu levar o jovem at\u00e9 a par\u00f3quia. Segundo a fam\u00edlia, ap\u00f3s tocar a roupa, ele foi curado. Em novembro de 2019, o <a class=\"st_tag internal_tag \" title=\"Not\u00edcias sobre Vaticano\" href=\"https:\/\/midiamax.uol.com.br\/tag\/vaticano\/\" rel=\"tag\">Vaticano<\/a> reconheceu o milagre realizado por Carlo Acutis.<\/p>\n<h2 class=\"wp-block-heading\">Sobre o filme<\/h2>\n<p>&#8220;O C\u00e9u N\u00e3o Pode Esperar&#8221; vai detalhar a vida do jovem Carlo, com narra\u00e7\u00e3o de sua pr\u00f3pria m\u00e3e, Ant\u00f4nia Salzano. Ela vai contar momentos comoventes, alegres e de entusiasmo que o filho viveu, apesar do diagn\u00f3stico.<\/p>\n<p>Al\u00e9m disso, a obra vai contar ainda com depoimentos de pessoas que conheceram o jovem ou que sentiram sua presen\u00e7a atrav\u00e9s da ora\u00e7\u00e3o.<\/p>\n<p>O filme deve entrar em cartaz no dia 19 de outubro e as exibi\u00e7\u00f5es ser\u00e3o nos dias 21, 23 e 24 de outubro. Os cinemas ainda ser\u00e3o divulgados.<\/p>\n<p><iframe loading=\"lazy\" title=\"O C\u00e9u N\u00e3o Pode Esperar - Carlo Acutis | Trailer Oficial | Dublado\" width=\"1170\" height=\"658\" src=\"https:\/\/www.youtube.com\/embed\/evCIrFjJGb4?wmode=transparent&amp;rel=0&amp;feature=oembed\" frameborder=\"0\" allow=\"accelerometer; autoplay; clipboard-write; encrypted-media; gyroscope; picture-in-picture; web-share\" allowfullscreen><\/iframe><\/p>\n<p>&nbsp;<\/p>\n<p>*Midiamax, Jennifer Ribeiro<\/p>\n<div class=\"elementor-element elementor-element-ec9eab2 elementor-widget__width-auto elementor-widget elementor-widget-text-editor\" data-id=\"ec9eab2\" data-element_type=\"widget\" data-widget_type=\"text-editor.default\">\n<div class=\"elementor-widget-container\"><\/div>\n<\/div>\n","protected":false},"excerpt":{"rendered":"<p>&#8220;O C\u00e9u N\u00e3o Pode Esperar&#8221; chega aos cinemas brasileiros em outubro e vai contar a hist\u00f3ria do beato Carlos Acutis, um jovem cat\u00f3lico italiano que morreu em 2006, aos 15 anos, v\u00edtima de uma leucemia. Apesar de sua partida repentina, o jovem deixou um legado de f\u00e9 e espiritualidade. Ele foi beatificado em 10 de [&hellip;]<\/p>\n","protected":false},"author":5,"featured_media":251974,"comment_status":"closed","ping_status":"closed","sticky":false,"template":"","format":"standard","meta":{"footnotes":""},"categories":[31],"tags":[],"class_list":["post-251973","post","type-post","status-publish","format-standard","has-post-thumbnail","hentry","category-geral"],"_links":{"self":[{"href":"https:\/\/www.ocorreionews.com.br\/acervo-correio\/index.php?rest_route=\/wp\/v2\/posts\/251973","targetHints":{"allow":["GET"]}}],"collection":[{"href":"https:\/\/www.ocorreionews.com.br\/acervo-correio\/index.php?rest_route=\/wp\/v2\/posts"}],"about":[{"href":"https:\/\/www.ocorreionews.com.br\/acervo-correio\/index.php?rest_route=\/wp\/v2\/types\/post"}],"author":[{"embeddable":true,"href":"https:\/\/www.ocorreionews.com.br\/acervo-correio\/index.php?rest_route=\/wp\/v2\/users\/5"}],"replies":[{"embeddable":true,"href":"https:\/\/www.ocorreionews.com.br\/acervo-correio\/index.php?rest_route=%2Fwp%2Fv2%2Fcomments&post=251973"}],"version-history":[{"count":1,"href":"https:\/\/www.ocorreionews.com.br\/acervo-correio\/index.php?rest_route=\/wp\/v2\/posts\/251973\/revisions"}],"predecessor-version":[{"id":251975,"href":"https:\/\/www.ocorreionews.com.br\/acervo-correio\/index.php?rest_route=\/wp\/v2\/posts\/251973\/revisions\/251975"}],"wp:featuredmedia":[{"embeddable":true,"href":"https:\/\/www.ocorreionews.com.br\/acervo-correio\/index.php?rest_route=\/wp\/v2\/media\/251974"}],"wp:attachment":[{"href":"https:\/\/www.ocorreionews.com.br\/acervo-correio\/index.php?rest_route=%2Fwp%2Fv2%2Fmedia&parent=251973"}],"wp:term":[{"taxonomy":"category","embeddable":true,"href":"https:\/\/www.ocorreionews.com.br\/acervo-correio\/index.php?rest_route=%2Fwp%2Fv2%2Fcategories&post=251973"},{"taxonomy":"post_tag","embeddable":true,"href":"https:\/\/www.ocorreionews.com.br\/acervo-correio\/index.php?rest_route=%2Fwp%2Fv2%2Ftags&post=251973"}],"curies":[{"name":"wp","href":"https:\/\/api.w.org\/{rel}","templated":true}]}}