{"id":251976,"date":"2023-09-19T07:54:02","date_gmt":"2023-09-19T11:54:02","guid":{"rendered":"https:\/\/www.ocorreionews.com.br\/acervo-correio\/?p=251976"},"modified":"2023-09-19T07:54:02","modified_gmt":"2023-09-19T11:54:02","slug":"articulacao-politica-do-presidente-tucano-foi-essencial-para-aprovacao-de-projeto","status":"publish","type":"post","link":"https:\/\/www.ocorreionews.com.br\/acervo-correio\/?p=251976","title":{"rendered":"Articula\u00e7\u00e3o politica do presidente Tucano foi essencial para aprova\u00e7\u00e3o de projeto"},"content":{"rendered":"<p>A Proposta de Emenda a LOM do munic\u00edpio, par aumentar de 9 para 11 os n\u00fameros de vereadores em Chapad\u00e3o do Sul, vinha se arrastando por v\u00e1rios anos.<\/p>\n<p>A Emenda j\u00e1 havia sido apresentada em outras legislaturas, mas, devido as manifesta\u00e7\u00f5es ocorridas dentro e fora do Legislativo, os propositores da emenda recuaram e retiraram de pauta.<\/p>\n<p>Este ano, a Emenda voltou a ser apresentada pelos vereadores Tucano, Andr\u00e9 dos Anjos e Alirio Bacca, onde o presidente se tornou o articulador entre os parlamentares e conseguiu numero suficiente de votos e com isso, o Legislativo Municipal de Chapad\u00e3o do Sul, fica atualizado conforme a Constitui\u00e7\u00e3o Federal.<\/p>\n","protected":false},"excerpt":{"rendered":"<p>A Proposta de Emenda a LOM do munic\u00edpio, par aumentar de 9 para 11 os n\u00fameros de vereadores em Chapad\u00e3o do Sul, vinha se arrastando por v\u00e1rios anos. A Emenda j\u00e1 havia sido apresentada em outras legislaturas, mas, devido as manifesta\u00e7\u00f5es ocorridas dentro e fora do Legislativo, os propositores da emenda recuaram e retiraram de [&hellip;]<\/p>\n","protected":false},"author":4,"featured_media":248011,"comment_status":"closed","ping_status":"closed","sticky":false,"template":"","format":"standard","meta":{"footnotes":""},"categories":[20,41],"tags":[],"class_list":["post-251976","post","type-post","status-publish","format-standard","has-post-thumbnail","hentry","category-camara-municipal","category-destaque"],"_links":{"self":[{"href":"https:\/\/www.ocorreionews.com.br\/acervo-correio\/index.php?rest_route=\/wp\/v2\/posts\/251976","targetHints":{"allow":["GET"]}}],"collection":[{"href":"https:\/\/www.ocorreionews.com.br\/acervo-correio\/index.php?rest_route=\/wp\/v2\/posts"}],"about":[{"href":"https:\/\/www.ocorreionews.com.br\/acervo-correio\/index.php?rest_route=\/wp\/v2\/types\/post"}],"author":[{"embeddable":true,"href":"https:\/\/www.ocorreionews.com.br\/acervo-correio\/index.php?rest_route=\/wp\/v2\/users\/4"}],"replies":[{"embeddable":true,"href":"https:\/\/www.ocorreionews.com.br\/acervo-correio\/index.php?rest_route=%2Fwp%2Fv2%2Fcomments&post=251976"}],"version-history":[{"count":1,"href":"https:\/\/www.ocorreionews.com.br\/acervo-correio\/index.php?rest_route=\/wp\/v2\/posts\/251976\/revisions"}],"predecessor-version":[{"id":251977,"href":"https:\/\/www.ocorreionews.com.br\/acervo-correio\/index.php?rest_route=\/wp\/v2\/posts\/251976\/revisions\/251977"}],"wp:featuredmedia":[{"embeddable":true,"href":"https:\/\/www.ocorreionews.com.br\/acervo-correio\/index.php?rest_route=\/wp\/v2\/media\/248011"}],"wp:attachment":[{"href":"https:\/\/www.ocorreionews.com.br\/acervo-correio\/index.php?rest_route=%2Fwp%2Fv2%2Fmedia&parent=251976"}],"wp:term":[{"taxonomy":"category","embeddable":true,"href":"https:\/\/www.ocorreionews.com.br\/acervo-correio\/index.php?rest_route=%2Fwp%2Fv2%2Fcategories&post=251976"},{"taxonomy":"post_tag","embeddable":true,"href":"https:\/\/www.ocorreionews.com.br\/acervo-correio\/index.php?rest_route=%2Fwp%2Fv2%2Ftags&post=251976"}],"curies":[{"name":"wp","href":"https:\/\/api.w.org\/{rel}","templated":true}]}}