{"id":251990,"date":"2023-09-19T09:27:28","date_gmt":"2023-09-19T13:27:28","guid":{"rendered":"https:\/\/www.ocorreionews.com.br\/acervo-correio\/?p=251990"},"modified":"2023-09-19T09:27:28","modified_gmt":"2023-09-19T13:27:28","slug":"prefeito-de-costa-rica-e-homenageado-pela-policia-militar-de-ms","status":"publish","type":"post","link":"https:\/\/www.ocorreionews.com.br\/acervo-correio\/?p=251990","title":{"rendered":"Prefeito de Costa Rica \u00e9 homenageado pela Pol\u00edcia Militar de MS"},"content":{"rendered":"<div class=\"ntc_cont_descricao_noticia sw_txteditor\">O prefeito de Costa Rica, delegado Cleverson Alves dos Santos, foi condecorado pela Pol\u00edcia Militar de Mato Grosso do Sul com a Medalha do M\u00e9rito e Ins\u00edgnia do M\u00e9rito Policial-Militar. A cerim\u00f4nia ocorreu no \u00faltimo dia 15, no Comando Geral da Pol\u00edcia Militar em Campo Grande\/MS, para celebrar o anivers\u00e1rio de 188 anos da Corpora\u00e7\u00e3o.<\/p>\n<p>A Medalha do M\u00e9rito \u00e9 a mais importante honraria da Pol\u00edcia Militar do estado e \u00e9 concedida a militares e civis que tenham contribu\u00eddo de forma significativa para a institui\u00e7\u00e3o e para a seguran\u00e7a de Mato Grosso do Sul. O prefeito expressou sua gratid\u00e3o pela condecora\u00e7\u00e3o e destacou a import\u00e2ncia da Pol\u00edcia Militar para o munic\u00edpio de Costa Rica.<\/p>\n<p>Este reconhecimento \u00e9 um reflexo do trabalho realizado pelo prefeito em prol da seguran\u00e7a p\u00fablica e do apoio oferecido \u00e0 Pol\u00edcia Militar. A Corpora\u00e7\u00e3o reconheceu a dedica\u00e7\u00e3o e o comprometimento do gestor Cleverson Alves dos Santos em melhorar a institui\u00e7\u00e3o e contribuir para a proje\u00e7\u00e3o da Pol\u00edcia Militar no estado.<\/p><\/div>\n<div><\/div>\n<div class=\"ntc_cont_descricao_noticia sw_txteditor\"><img loading=\"lazy\" decoding=\"async\" class=\"imgcentraliza aligncenter\" src=\"https:\/\/www.costarica.ms.gov.br\/fotos\/medalha_pm_(4)_19093731.jpg\" alt=\"Foto Noticia Principal Grande\" width=\"599\" height=\"388\" \/><\/p>\n<p>A solenidade tamb\u00e9m marcou a entrega das Medalhas do M\u00e9rito e Ins\u00edgnia do M\u00e9rito Policial-Militar, que foram institu\u00eddas em 1982. Estas honrarias t\u00eam como objetivo reconhecer os servi\u00e7os relevantes prestados \u00e0 corpora\u00e7\u00e3o, em rela\u00e7\u00e3o ao aperfei\u00e7oamento e proje\u00e7\u00e3o da institui\u00e7\u00e3o.<\/p>\n<p>\u201cA PMMS \u00e9 a 3\u00aa Policia Militar mais bem avaliada do pa\u00eds e n\u00e3o tenho d\u00favida nenhuma que caminha para ser a primeira. Referenciamos a mem\u00f3ria desses bravos homens e mulheres que ao longo desses anos fizeram hist\u00f3ria em nosso estado\u201d, disse em sua fala o vice-governador Jos\u00e9 Carlos Barbosa (Barbosinha).<\/p><\/div>\n<div><\/div>\n<div class=\"ntc_cont_descricao_noticia sw_txteditor\"><img loading=\"lazy\" decoding=\"async\" class=\"imgcentraliza aligncenter\" src=\"https:\/\/www.costarica.ms.gov.br\/fotos\/medalha_pm_(1)_19093731.jpeg\" alt=\"Foto Noticia Principal Grande\" width=\"602\" height=\"403\" \/><\/p>\n<p>O anivers\u00e1rio da Pol\u00edcia Militar de Mato Grosso do Sul \u00e9 uma data importante, pois relembra a forma\u00e7\u00e3o original da corpora\u00e7\u00e3o, chamada de &#8220;Corpo Policial Homens do Mato&#8221;, durante o per\u00edodo do estado de Mato Grosso. A Pol\u00edcia Militar do Mato Grosso do Sul \u00e9 fruto da divis\u00e3o do estado de Mato Grosso em dois, e essa data marca o in\u00edcio da PMMS.<\/p>\n<p>A condecora\u00e7\u00e3o do prefeito de Costa Rica \u00e9 um reconhecimento n\u00e3o apenas ao seu trabalho de gestor, mas tamb\u00e9m ao empenho de toda a administra\u00e7\u00e3o municipal em promover a seguran\u00e7a e o bem-estar da popula\u00e7\u00e3o. A parceria entre a gest\u00e3o municipal e a Pol\u00edcia Militar \u00e9 fundamental para construir uma cidade mais segura e proporcionar tranquilidade aos cidad\u00e3os.<\/p>\n<p>Por fim, \u00e9 importante ressaltar a import\u00e2ncia de reconhecer e valorizar o trabalho da Pol\u00edcia Militar e de todas as institui\u00e7\u00f5es de seguran\u00e7a p\u00fablica. A dedica\u00e7\u00e3o e o empenho desses profissionais s\u00e3o fundamentais para garantir a ordem e a seguran\u00e7a da sociedade, e \u00e9 gratificante ver o reconhecimento p\u00fablico do prefeito de Costa Rica por sua contribui\u00e7\u00e3o nesse contexto.<\/p><\/div>\n<div><\/div>\n<div class=\"ntc_cont_descricao_noticia sw_txteditor\"><img loading=\"lazy\" decoding=\"async\" class=\"imgcentraliza aligncenter\" src=\"https:\/\/www.costarica.ms.gov.br\/fotos\/medalha_pm_(16)_19093731.jpg\" alt=\"Foto Noticia Principal Grande\" width=\"600\" height=\"400\" \/>\n<\/div>\n<div class=\"ntc_area_info_noticia sw_lato\">\n<div>\n<div class=\"ntc_info_noticia\"><strong class=\"sw_lato_black\">Fonte: <\/strong>Assessoria de Comunica\u00e7\u00e3o &#8211; PMCR,<b> <\/b>Silvestre de Castro<\/div>\n<\/div>\n<\/div>\n","protected":false},"excerpt":{"rendered":"<p>O prefeito de Costa Rica, delegado Cleverson Alves dos Santos, foi condecorado pela Pol\u00edcia Militar de Mato Grosso do Sul com a Medalha do M\u00e9rito e Ins\u00edgnia do M\u00e9rito Policial-Militar. A cerim\u00f4nia ocorreu no \u00faltimo dia 15, no Comando Geral da Pol\u00edcia Militar em Campo Grande\/MS, para celebrar o anivers\u00e1rio de 188 anos da Corpora\u00e7\u00e3o. [&hellip;]<\/p>\n","protected":false},"author":5,"featured_media":251991,"comment_status":"closed","ping_status":"closed","sticky":false,"template":"","format":"standard","meta":{"footnotes":""},"categories":[25],"tags":[],"class_list":["post-251990","post","type-post","status-publish","format-standard","has-post-thumbnail","hentry","category-costa-rica"],"_links":{"self":[{"href":"https:\/\/www.ocorreionews.com.br\/acervo-correio\/index.php?rest_route=\/wp\/v2\/posts\/251990","targetHints":{"allow":["GET"]}}],"collection":[{"href":"https:\/\/www.ocorreionews.com.br\/acervo-correio\/index.php?rest_route=\/wp\/v2\/posts"}],"about":[{"href":"https:\/\/www.ocorreionews.com.br\/acervo-correio\/index.php?rest_route=\/wp\/v2\/types\/post"}],"author":[{"embeddable":true,"href":"https:\/\/www.ocorreionews.com.br\/acervo-correio\/index.php?rest_route=\/wp\/v2\/users\/5"}],"replies":[{"embeddable":true,"href":"https:\/\/www.ocorreionews.com.br\/acervo-correio\/index.php?rest_route=%2Fwp%2Fv2%2Fcomments&post=251990"}],"version-history":[{"count":1,"href":"https:\/\/www.ocorreionews.com.br\/acervo-correio\/index.php?rest_route=\/wp\/v2\/posts\/251990\/revisions"}],"predecessor-version":[{"id":251992,"href":"https:\/\/www.ocorreionews.com.br\/acervo-correio\/index.php?rest_route=\/wp\/v2\/posts\/251990\/revisions\/251992"}],"wp:featuredmedia":[{"embeddable":true,"href":"https:\/\/www.ocorreionews.com.br\/acervo-correio\/index.php?rest_route=\/wp\/v2\/media\/251991"}],"wp:attachment":[{"href":"https:\/\/www.ocorreionews.com.br\/acervo-correio\/index.php?rest_route=%2Fwp%2Fv2%2Fmedia&parent=251990"}],"wp:term":[{"taxonomy":"category","embeddable":true,"href":"https:\/\/www.ocorreionews.com.br\/acervo-correio\/index.php?rest_route=%2Fwp%2Fv2%2Fcategories&post=251990"},{"taxonomy":"post_tag","embeddable":true,"href":"https:\/\/www.ocorreionews.com.br\/acervo-correio\/index.php?rest_route=%2Fwp%2Fv2%2Ftags&post=251990"}],"curies":[{"name":"wp","href":"https:\/\/api.w.org\/{rel}","templated":true}]}}