{"id":252003,"date":"2023-09-19T10:34:43","date_gmt":"2023-09-19T14:34:43","guid":{"rendered":"https:\/\/www.ocorreionews.com.br\/acervo-correio\/?p=252003"},"modified":"2023-09-19T10:34:43","modified_gmt":"2023-09-19T14:34:43","slug":"video-carro-invade-pista-contraria-na-br-262-e-bate-de-frente-com-carreta-passageira-morreu","status":"publish","type":"post","link":"https:\/\/www.ocorreionews.com.br\/acervo-correio\/?p=252003","title":{"rendered":"V\u00cdDEO: Carro invade pista contr\u00e1ria na BR-262 e bate de frente com carreta; passageira morreu"},"content":{"rendered":"<p>Imagens da cabine do caminh\u00e3o que se envolveu em um acidente na BR-262, em\u00a0Tr\u00eas Lagoas, a 338 quil\u00f4metros de\u00a0Campo Grande, na noite dessa segunda-feira (18), mostram o momento em que o Fiat Strada bate de frente contra um caminh\u00e3o que carregava eucalipto.\u00a0Suelen Rosa de Souza, de 35 anos, morreu no local.<\/p>\n<p>Pelas imagens da cabine do caminh\u00e3o divulgadas pelo site Ribas Ordin\u00e1rio, \u00e9 poss\u00edvel ver quando o carro que era conduzido por um\u00a0idoso\u00a0sai da pista em que estava e atravessa para o outro lado batendo de frente contra o caminh\u00e3o. Com a batida, Suelen Rosa de Souza, de 35 anos, acabou morrendo no local. O acidente aconteceu pr\u00f3ximo ao distrito de Arapu\u00e1.<\/p>\n<p>O acidente aconteceu por volta das 19 horas, quando o motorista do Fiat Strada teria invadido a pista contr\u00e1ria, batendo de frente com a carreta carregada de eucalipto.<\/p>\n<p>Com a for\u00e7a do impacto, o carro acabou destru\u00eddo e teve o motor arrancado fora do chassi. O Corpo de\u00a0Bombeiros\u00a0chegou a ser acionado, mas Suelen n\u00e3o resistiu aos ferimentos e morreu no local.<\/p>\n<p>J\u00e1 o motorista do Fiat Strada sofreu ferimentos em pernas, bra\u00e7os e foi levado ao\u00a0Hospital\u00a0Auxiliadora pelos militares do 5\u00ba Grupamento de\u00a0Bombeiros\u00a0Militares. O motorista do caminh\u00e3o tamb\u00e9m foi socorrido pelo\u00a0Corpo de Bombeiros, apresentando ferimentos leves e n\u00e3o corre risco de morte.<\/p>\n<p>&nbsp;<\/p>\n<div style=\"width: 1170px;\" class=\"wp-video\"><!--[if lt IE 9]><script>document.createElement('video');<\/script><![endif]-->\n<video class=\"wp-video-shortcode\" id=\"video-252003-1\" width=\"1170\" height=\"685\" preload=\"metadata\" controls=\"controls\"><source type=\"video\/mp4\" src=\"https:\/\/www.ocorreionews.com.br\/acervo-correio\/wp-content\/uploads\/2023\/09\/Carro-invade-pista-contraria-na-BR-262-e-bate-de-frente-com-carreta.mp4?_=1\" \/><a href=\"https:\/\/www.ocorreionews.com.br\/acervo-correio\/wp-content\/uploads\/2023\/09\/Carro-invade-pista-contraria-na-BR-262-e-bate-de-frente-com-carreta.mp4\">https:\/\/www.ocorreionews.com.br\/acervo-correio\/wp-content\/uploads\/2023\/09\/Carro-invade-pista-contraria-na-BR-262-e-bate-de-frente-com-carreta.mp4<\/a><\/video><\/div>\n<p>Midiamax &#8211; Thatiana Melo<\/p>\n<div class=\"elementor-element elementor-element-ec9eab2 elementor-widget__width-auto elementor-widget elementor-widget-text-editor\" data-id=\"ec9eab2\" data-element_type=\"widget\" data-widget_type=\"text-editor.default\"><\/div>\n","protected":false},"excerpt":{"rendered":"<p>Imagens da cabine do caminh\u00e3o que se envolveu em um acidente na BR-262, em\u00a0Tr\u00eas Lagoas, a 338 quil\u00f4metros de\u00a0Campo Grande, na noite dessa segunda-feira (18), mostram o momento em que o Fiat Strada bate de frente contra um caminh\u00e3o que carregava eucalipto.\u00a0Suelen Rosa de Souza, de 35 anos, morreu no local. Pelas imagens da cabine [&hellip;]<\/p>\n","protected":false},"author":5,"featured_media":252014,"comment_status":"closed","ping_status":"closed","sticky":false,"template":"","format":"standard","meta":{"footnotes":""},"categories":[38],"tags":[],"class_list":["post-252003","post","type-post","status-publish","format-standard","has-post-thumbnail","hentry","category-policia"],"_links":{"self":[{"href":"https:\/\/www.ocorreionews.com.br\/acervo-correio\/index.php?rest_route=\/wp\/v2\/posts\/252003","targetHints":{"allow":["GET"]}}],"collection":[{"href":"https:\/\/www.ocorreionews.com.br\/acervo-correio\/index.php?rest_route=\/wp\/v2\/posts"}],"about":[{"href":"https:\/\/www.ocorreionews.com.br\/acervo-correio\/index.php?rest_route=\/wp\/v2\/types\/post"}],"author":[{"embeddable":true,"href":"https:\/\/www.ocorreionews.com.br\/acervo-correio\/index.php?rest_route=\/wp\/v2\/users\/5"}],"replies":[{"embeddable":true,"href":"https:\/\/www.ocorreionews.com.br\/acervo-correio\/index.php?rest_route=%2Fwp%2Fv2%2Fcomments&post=252003"}],"version-history":[{"count":1,"href":"https:\/\/www.ocorreionews.com.br\/acervo-correio\/index.php?rest_route=\/wp\/v2\/posts\/252003\/revisions"}],"predecessor-version":[{"id":252016,"href":"https:\/\/www.ocorreionews.com.br\/acervo-correio\/index.php?rest_route=\/wp\/v2\/posts\/252003\/revisions\/252016"}],"wp:featuredmedia":[{"embeddable":true,"href":"https:\/\/www.ocorreionews.com.br\/acervo-correio\/index.php?rest_route=\/wp\/v2\/media\/252014"}],"wp:attachment":[{"href":"https:\/\/www.ocorreionews.com.br\/acervo-correio\/index.php?rest_route=%2Fwp%2Fv2%2Fmedia&parent=252003"}],"wp:term":[{"taxonomy":"category","embeddable":true,"href":"https:\/\/www.ocorreionews.com.br\/acervo-correio\/index.php?rest_route=%2Fwp%2Fv2%2Fcategories&post=252003"},{"taxonomy":"post_tag","embeddable":true,"href":"https:\/\/www.ocorreionews.com.br\/acervo-correio\/index.php?rest_route=%2Fwp%2Fv2%2Ftags&post=252003"}],"curies":[{"name":"wp","href":"https:\/\/api.w.org\/{rel}","templated":true}]}}