{"id":252009,"date":"2023-09-19T10:00:04","date_gmt":"2023-09-19T14:00:04","guid":{"rendered":"https:\/\/www.ocorreionews.com.br\/acervo-correio\/?p=252009"},"modified":"2023-09-19T10:27:39","modified_gmt":"2023-09-19T14:27:39","slug":"executivo-de-alcinopolis-entrega-17a-residencia-do-programa-construindo-sonhos","status":"publish","type":"post","link":"https:\/\/www.ocorreionews.com.br\/acervo-correio\/?p=252009","title":{"rendered":"Executivo de Alcin\u00f3polis entrega 17\u00aa resid\u00eancia do Programa \u201cConstruindo Sonhos\u201d"},"content":{"rendered":"<p class=\"x_MsoNormal\">Na tarde de ontem (18\/09) o Prefeito Dalmy Cris\u00f3stomo, acompanhado do Vice-prefeito, Valter Roniz, Secret\u00e1rio de A\u00e7\u00e3o Social, Alcir Dias e demais autoridades, realizaram a entrega da 17\u00aa resid\u00eancia do Programa \u201cConstruindo Sonhos\u201d e o beneficiado foi o Sr. Joaquim Ferreira de Amorim.<\/p>\n<p>\u00a0<img loading=\"lazy\" decoding=\"async\" class=\"alignnone size-full wp-image-252011\" src=\"https:\/\/www.ocorreionews.com.br\/acervo-correio\/wp-content\/uploads\/2023\/09\/17-casa2.jpg\" alt=\"\" width=\"1440\" height=\"1080\" srcset=\"https:\/\/www.ocorreionews.com.br\/acervo-correio\/wp-content\/uploads\/2023\/09\/17-casa2.jpg 1440w, https:\/\/www.ocorreionews.com.br\/acervo-correio\/wp-content\/uploads\/2023\/09\/17-casa2-300x225.jpg 300w, https:\/\/www.ocorreionews.com.br\/acervo-correio\/wp-content\/uploads\/2023\/09\/17-casa2-1024x768.jpg 1024w, https:\/\/www.ocorreionews.com.br\/acervo-correio\/wp-content\/uploads\/2023\/09\/17-casa2-768x576.jpg 768w, https:\/\/www.ocorreionews.com.br\/acervo-correio\/wp-content\/uploads\/2023\/09\/17-casa2-86x64.jpg 86w\" sizes=\"auto, (max-width: 1440px) 100vw, 1440px\" \/><\/p>\n<p class=\"x_MsoNormal\">O Programa Habitacional \u00e9 uma parceria do munic\u00edpio com o Governo do Estado e\u00a0ir\u00e1 beneficiar ao todo 25 fam\u00edlias. Os investimentos somam mais de R$2.000.000,00 sendo que 50% do valor s\u00e3o custeados pelo munic\u00edpio e 50% custeados pelo Estado, atrav\u00e9s da AGEHAB.<\/p>\n<p class=\"x_MsoNormal\">Joaquim agradeceu o Prefeito, juntamente com seus gestores, pelo importante programa que ajuda as fam\u00edlias a realizarem o sonho da casa pr\u00f3pria e parabenizou todos os envolvidos, pelo excelente trabalho que vem realizando junto a nossa popula\u00e7\u00e3o.<\/p>\n<p><img loading=\"lazy\" decoding=\"async\" class=\"alignnone size-full wp-image-252010\" src=\"https:\/\/www.ocorreionews.com.br\/acervo-correio\/wp-content\/uploads\/2023\/09\/17-casa.jpg\" alt=\"\" width=\"1440\" height=\"1080\" srcset=\"https:\/\/www.ocorreionews.com.br\/acervo-correio\/wp-content\/uploads\/2023\/09\/17-casa.jpg 1440w, https:\/\/www.ocorreionews.com.br\/acervo-correio\/wp-content\/uploads\/2023\/09\/17-casa-300x225.jpg 300w, https:\/\/www.ocorreionews.com.br\/acervo-correio\/wp-content\/uploads\/2023\/09\/17-casa-1024x768.jpg 1024w, https:\/\/www.ocorreionews.com.br\/acervo-correio\/wp-content\/uploads\/2023\/09\/17-casa-768x576.jpg 768w, https:\/\/www.ocorreionews.com.br\/acervo-correio\/wp-content\/uploads\/2023\/09\/17-casa-86x64.jpg 86w\" sizes=\"auto, (max-width: 1440px) 100vw, 1440px\" \/><\/p>\n<p class=\"x_MsoNormal\">O Prefeito Dalmy, no uso da palavra, agradeceu a todos por confiarem em sua gest\u00e3o, reafirmando que trabalha pelo bem-estar da popula\u00e7\u00e3o alcinopolense. Na oportunidade falou sobre a amplia\u00e7\u00e3o do programa, que na pr\u00f3xima etapa, ir\u00e1 beneficiar 40 fam\u00edlias e finalizou informando que nas pr\u00f3ximas semanas j\u00e1 ser\u00e3o entregues resid\u00eancias que fazem parte do Programa de reforma e amplia\u00e7\u00e3o.<\/p>\n<p class=\"x_MsoNormal\">Estiveram presentes na a\u00e7\u00e3o:<\/p>\n<p class=\"x_MsoNormal\">Prefeito: Dalmy Cris\u00f3stomo;<\/p>\n<p class=\"x_MsoNormal\">Vice-prefeito: Valter Roniz;<\/p>\n<p class=\"x_MsoNormal\">Secret\u00e1rio de A\u00e7\u00e3o Social: Alcir Dias;<\/p>\n<p class=\"x_MsoNormal\">Presidente da C\u00e2mara: Valdeci Passarinho;<\/p>\n<p class=\"x_MsoNormal\">Secret\u00e1rio de Educa\u00e7\u00e3o: Jesus Aparecido;<\/p>\n<p class=\"x_MsoNormal\">Gestora Governamental: Dalma Cris\u00f3stomo;<\/p>\n<p class=\"x_MsoNormal\">Vereadores: Ademir M\u00fcller e Onilza Matias;<\/p>\n<p class=\"x_MsoNormal\">Joaquim Ferreira de Amorim\u00a0e fam\u00edlia, mun\u00edcipes e servidores municipais.<\/p>\n<p class=\"x_MsoNormal\"><a href=\"https:\/\/www.facebook.com\/hashtag\/aceleraalcinopolis?__eep__=6&amp;__cft__%5b0%5d=AZVFPolmUBvqFmaUNUQR4V_CqQJy_4rCr6L4kXtnvL--WxyoF-mN-TGSmejLBOZoJe_yck-GlejKZ_BpGKvZp-BIItMwNiV0bMq2hHbfCqCXgMwHKifW3zd8R-VR2CRvUNYeyOiSqBhOoFoF47WCeOas_7Okx818mwYSZ67plt88mlxyhlRAhugrKq8N8_aAE-8&amp;__tn__=*NK-R\" target=\"_blank\" rel=\"noopener noreferrer\" data-auth=\"NotApplicable\" data-linkindex=\"0\">#aceleraalcinopolis<\/a>.<\/p>\n<p class=\"x_MsoNormal\">Fonte\/fotos: Assecom\/Prefeitura de Alcin\u00f3polis\/Simone Nogueira<\/p>\n","protected":false},"excerpt":{"rendered":"<p>Na tarde de ontem (18\/09) o Prefeito Dalmy Cris\u00f3stomo, acompanhado do Vice-prefeito, Valter Roniz, Secret\u00e1rio de A\u00e7\u00e3o Social, Alcir Dias e demais autoridades, realizaram a entrega da 17\u00aa resid\u00eancia do Programa \u201cConstruindo Sonhos\u201d e o beneficiado foi o Sr. Joaquim Ferreira de Amorim. \u00a0 O Programa Habitacional \u00e9 uma parceria do munic\u00edpio com o Governo [&hellip;]<\/p>\n","protected":false},"author":4,"featured_media":252012,"comment_status":"closed","ping_status":"closed","sticky":false,"template":"","format":"standard","meta":{"footnotes":""},"categories":[18,41],"tags":[],"class_list":["post-252009","post","type-post","status-publish","format-standard","has-post-thumbnail","hentry","category-alcinopolis","category-destaque"],"_links":{"self":[{"href":"https:\/\/www.ocorreionews.com.br\/acervo-correio\/index.php?rest_route=\/wp\/v2\/posts\/252009","targetHints":{"allow":["GET"]}}],"collection":[{"href":"https:\/\/www.ocorreionews.com.br\/acervo-correio\/index.php?rest_route=\/wp\/v2\/posts"}],"about":[{"href":"https:\/\/www.ocorreionews.com.br\/acervo-correio\/index.php?rest_route=\/wp\/v2\/types\/post"}],"author":[{"embeddable":true,"href":"https:\/\/www.ocorreionews.com.br\/acervo-correio\/index.php?rest_route=\/wp\/v2\/users\/4"}],"replies":[{"embeddable":true,"href":"https:\/\/www.ocorreionews.com.br\/acervo-correio\/index.php?rest_route=%2Fwp%2Fv2%2Fcomments&post=252009"}],"version-history":[{"count":1,"href":"https:\/\/www.ocorreionews.com.br\/acervo-correio\/index.php?rest_route=\/wp\/v2\/posts\/252009\/revisions"}],"predecessor-version":[{"id":252013,"href":"https:\/\/www.ocorreionews.com.br\/acervo-correio\/index.php?rest_route=\/wp\/v2\/posts\/252009\/revisions\/252013"}],"wp:featuredmedia":[{"embeddable":true,"href":"https:\/\/www.ocorreionews.com.br\/acervo-correio\/index.php?rest_route=\/wp\/v2\/media\/252012"}],"wp:attachment":[{"href":"https:\/\/www.ocorreionews.com.br\/acervo-correio\/index.php?rest_route=%2Fwp%2Fv2%2Fmedia&parent=252009"}],"wp:term":[{"taxonomy":"category","embeddable":true,"href":"https:\/\/www.ocorreionews.com.br\/acervo-correio\/index.php?rest_route=%2Fwp%2Fv2%2Fcategories&post=252009"},{"taxonomy":"post_tag","embeddable":true,"href":"https:\/\/www.ocorreionews.com.br\/acervo-correio\/index.php?rest_route=%2Fwp%2Fv2%2Ftags&post=252009"}],"curies":[{"name":"wp","href":"https:\/\/api.w.org\/{rel}","templated":true}]}}