{"id":25201,"date":"2016-04-13T10:12:43","date_gmt":"2016-04-13T14:12:43","guid":{"rendered":"https:\/\/ocorreionews.com.br\/?p=25201"},"modified":"2016-04-13T10:12:43","modified_gmt":"2016-04-13T14:12:43","slug":"construcao-da-area-externa-da-escola-professora-lizete-rivelli-alpe-ja-esta-sendo-feita","status":"publish","type":"post","link":"https:\/\/www.ocorreionews.com.br\/acervo-correio\/?p=25201","title":{"rendered":"Constru\u00e7\u00e3o da \u00e1rea externa da escola Professora Lizete Rivelli Alpe j\u00e1 est\u00e1 sendo feita"},"content":{"rendered":"<div class=\"col-xs-12 col-sm-6 col-md-6\">\n<p>A Prefeitura Municipal de Para\u00edso das \u00c1guas atrav\u00e9s da Secretaria Municipal de Educa\u00e7\u00e3o est\u00e1 realizando a constru\u00e7\u00e3o da \u00e1rea externa da Escola Municipal Professora Lizete Rivelli Alpe- Polo em Para\u00edso das \u00c1guas.<\/p>\n<p>No local est\u00e3o sendo feitos:\u00a0 muro, rampa de acesso, escada, grade, um espa\u00e7o para playground e um espa\u00e7o para o cultivo de uma horta.<\/p>\n<p>O valor or\u00e7ado \u00e9 de R$290.896,96( duzentos e noventa mil oitocentos e noventa e seis reais e noventa e seis centavos) recursos 100% municipal.<\/p>\n<p>A data prevista para a finaliza\u00e7\u00e3o dessa \u00e1rea externa \u00e9 dia 08 de novembro de 2016.<\/p>\n<p><a href=\"https:\/\/ocorreionews.com.br\/wp-content\/uploads\/2016\/04\/\u00e1rea-externa-da-escola-Professora-Lizete-2.jpg\"><img loading=\"lazy\" decoding=\"async\" class=\"alignnone wp-image-25202 size-full\" src=\"https:\/\/ocorreionews.com.br\/wp-content\/uploads\/2016\/04\/\u00e1rea-externa-da-escola-Professora-Lizete-2.jpg\" alt=\"\u00e1rea externa da escola Professora Lizete 2\" width=\"670\" height=\"445\" srcset=\"https:\/\/www.ocorreionews.com.br\/acervo-correio\/wp-content\/uploads\/2016\/04\/\u00e1rea-externa-da-escola-Professora-Lizete-2.jpg 670w, https:\/\/www.ocorreionews.com.br\/acervo-correio\/wp-content\/uploads\/2016\/04\/\u00e1rea-externa-da-escola-Professora-Lizete-2-300x199.jpg 300w\" sizes=\"auto, (max-width: 670px) 100vw, 670px\" \/><\/a><\/p>\n<p>ASSECOM- Prefeitura Municipal de Para\u00edso das \u00c1guas- \u00a0\u00a0\u00a0 MS<br \/>\nTexto: Daniela Loss\u00e1vero<\/p>\n<p>Fotos: Max Arantes<\/p>\n<\/div>\n","protected":false},"excerpt":{"rendered":"<p>A Prefeitura Municipal de Para\u00edso das \u00c1guas atrav\u00e9s da Secretaria Municipal de Educa\u00e7\u00e3o est\u00e1 realizando a constru\u00e7\u00e3o da \u00e1rea externa da Escola Municipal Professora Lizete Rivelli Alpe- Polo em Para\u00edso das \u00c1guas. No local est\u00e3o sendo feitos:\u00a0 muro, rampa de acesso, escada, grade, um espa\u00e7o para playground e um espa\u00e7o para o cultivo de uma [&hellip;]<\/p>\n","protected":false},"author":4,"featured_media":25203,"comment_status":"closed","ping_status":"closed","sticky":false,"template":"","format":"standard","meta":{"footnotes":""},"categories":[36],"tags":[],"class_list":["post-25201","post","type-post","status-publish","format-standard","has-post-thumbnail","hentry","category-paraiso-das-aguas"],"_links":{"self":[{"href":"https:\/\/www.ocorreionews.com.br\/acervo-correio\/index.php?rest_route=\/wp\/v2\/posts\/25201","targetHints":{"allow":["GET"]}}],"collection":[{"href":"https:\/\/www.ocorreionews.com.br\/acervo-correio\/index.php?rest_route=\/wp\/v2\/posts"}],"about":[{"href":"https:\/\/www.ocorreionews.com.br\/acervo-correio\/index.php?rest_route=\/wp\/v2\/types\/post"}],"author":[{"embeddable":true,"href":"https:\/\/www.ocorreionews.com.br\/acervo-correio\/index.php?rest_route=\/wp\/v2\/users\/4"}],"replies":[{"embeddable":true,"href":"https:\/\/www.ocorreionews.com.br\/acervo-correio\/index.php?rest_route=%2Fwp%2Fv2%2Fcomments&post=25201"}],"version-history":[{"count":0,"href":"https:\/\/www.ocorreionews.com.br\/acervo-correio\/index.php?rest_route=\/wp\/v2\/posts\/25201\/revisions"}],"wp:featuredmedia":[{"embeddable":true,"href":"https:\/\/www.ocorreionews.com.br\/acervo-correio\/index.php?rest_route=\/wp\/v2\/media\/25203"}],"wp:attachment":[{"href":"https:\/\/www.ocorreionews.com.br\/acervo-correio\/index.php?rest_route=%2Fwp%2Fv2%2Fmedia&parent=25201"}],"wp:term":[{"taxonomy":"category","embeddable":true,"href":"https:\/\/www.ocorreionews.com.br\/acervo-correio\/index.php?rest_route=%2Fwp%2Fv2%2Fcategories&post=25201"},{"taxonomy":"post_tag","embeddable":true,"href":"https:\/\/www.ocorreionews.com.br\/acervo-correio\/index.php?rest_route=%2Fwp%2Fv2%2Ftags&post=25201"}],"curies":[{"name":"wp","href":"https:\/\/api.w.org\/{rel}","templated":true}]}}