{"id":252029,"date":"2023-09-19T13:20:34","date_gmt":"2023-09-19T17:20:34","guid":{"rendered":"https:\/\/www.ocorreionews.com.br\/acervo-correio\/?p=252029"},"modified":"2023-09-19T13:54:16","modified_gmt":"2023-09-19T17:54:16","slug":"suspeito-de-executar-jovem-em-chapadao-do-sul-e-baleado-em-confronto-com-a-policia","status":"publish","type":"post","link":"https:\/\/www.ocorreionews.com.br\/acervo-correio\/?p=252029","title":{"rendered":"Suspeito de executar jovem em Chapad\u00e3o do Sul \u00e9 baleado em confronto com a pol\u00edcia"},"content":{"rendered":"<p><span data-contrast=\"none\">No in\u00edcio da tarde desta ter\u00e7a-feira (19), um adolescente identificado com RD e que seria o principal suspeito de ser o autor da execu\u00e7\u00e3o de um jovem nesta madrugada em Chapad\u00e3o do Sul foi baleado em confronto a pol\u00edcia.<\/span><span data-ccp-props=\"{&quot;134233117&quot;:false,&quot;134233118&quot;:false,&quot;201341983&quot;:0,&quot;335551550&quot;:1,&quot;335551620&quot;:1,&quot;335559685&quot;:0,&quot;335559737&quot;:0,&quot;335559738&quot;:0,&quot;335559739&quot;:160,&quot;335559740&quot;:259}\">\u00a0<\/span><\/p>\n<p><span data-contrast=\"none\">O confronto aconteceu na Avenida Rio Grande do Norte, quando foi montada uma for\u00e7a tarefa entre as pol\u00edcias militar e civil de Chapad\u00e3o do Sul para localizar o autor do assassinato do jovem identificado at\u00e9 momento como \u201cRenatinho\u201d de 18 anos.<\/span><span data-ccp-props=\"{&quot;134233117&quot;:false,&quot;134233118&quot;:false,&quot;201341983&quot;:0,&quot;335551550&quot;:1,&quot;335551620&quot;:1,&quot;335559685&quot;:0,&quot;335559737&quot;:0,&quot;335559738&quot;:0,&quot;335559739&quot;:160,&quot;335559740&quot;:259}\">\u00a0<\/span><\/p>\n<p><img loading=\"lazy\" decoding=\"async\" class=\"alignnone size-full wp-image-252035\" src=\"https:\/\/www.ocorreionews.com.br\/acervo-correio\/wp-content\/uploads\/2023\/09\/IMG_0337-scaled.jpg\" alt=\"\" width=\"2560\" height=\"1707\" srcset=\"https:\/\/www.ocorreionews.com.br\/acervo-correio\/wp-content\/uploads\/2023\/09\/IMG_0337-scaled.jpg 2560w, https:\/\/www.ocorreionews.com.br\/acervo-correio\/wp-content\/uploads\/2023\/09\/IMG_0337-300x200.jpg 300w, https:\/\/www.ocorreionews.com.br\/acervo-correio\/wp-content\/uploads\/2023\/09\/IMG_0337-1024x683.jpg 1024w, https:\/\/www.ocorreionews.com.br\/acervo-correio\/wp-content\/uploads\/2023\/09\/IMG_0337-768x512.jpg 768w, https:\/\/www.ocorreionews.com.br\/acervo-correio\/wp-content\/uploads\/2023\/09\/IMG_0337-1536x1024.jpg 1536w, https:\/\/www.ocorreionews.com.br\/acervo-correio\/wp-content\/uploads\/2023\/09\/IMG_0337-2048x1365.jpg 2048w\" sizes=\"auto, (max-width: 2560px) 100vw, 2560px\" \/><\/p>\n<p><span data-contrast=\"none\">RD estava de passageiro em um carro que faz servi\u00e7os de transporte de passageiros e ao ver a presen\u00e7a da Pol\u00edcia Militar tentou sacar uma pistola, quando um PM acabou revidando e atirando nele.<\/span><span data-ccp-props=\"{&quot;134233117&quot;:false,&quot;134233118&quot;:false,&quot;201341983&quot;:0,&quot;335551550&quot;:1,&quot;335551620&quot;:1,&quot;335559685&quot;:0,&quot;335559737&quot;:0,&quot;335559738&quot;:0,&quot;335559739&quot;:160,&quot;335559740&quot;:259}\"> \u00a0<\/span>Ele foi alvejado com dois tiros, foi socorrido e levado para o Hospital Municipal.<\/p>\n<p>A pistola que estava em poder de RD poder\u00e1 esclarecer o crime, ja que as capsulas encontras tamb\u00e9m \u00e9 do calibre da pistola.<\/p>\n<p>&nbsp;<\/p>\n<figure id=\"attachment_252032\" aria-describedby=\"caption-attachment-252032\" style=\"width: 1079px\" class=\"wp-caption alignnone\"><img loading=\"lazy\" decoding=\"async\" class=\"size-full wp-image-252032\" src=\"https:\/\/www.ocorreionews.com.br\/acervo-correio\/wp-content\/uploads\/2023\/09\/pistola-assassinato-chap.jpg\" alt=\"\" width=\"1079\" height=\"1035\" srcset=\"https:\/\/www.ocorreionews.com.br\/acervo-correio\/wp-content\/uploads\/2023\/09\/pistola-assassinato-chap.jpg 1079w, https:\/\/www.ocorreionews.com.br\/acervo-correio\/wp-content\/uploads\/2023\/09\/pistola-assassinato-chap-300x288.jpg 300w, https:\/\/www.ocorreionews.com.br\/acervo-correio\/wp-content\/uploads\/2023\/09\/pistola-assassinato-chap-1024x982.jpg 1024w, https:\/\/www.ocorreionews.com.br\/acervo-correio\/wp-content\/uploads\/2023\/09\/pistola-assassinato-chap-768x737.jpg 768w\" sizes=\"auto, (max-width: 1079px) 100vw, 1079px\" \/><figcaption id=\"caption-attachment-252032\" class=\"wp-caption-text\">Arma que estava com o adolescente<\/figcaption><\/figure>\n<p>&nbsp;<\/p>\n<p>&nbsp;<\/p>\n<p>&nbsp;<\/p>\n<p>&nbsp;<\/p>\n<p>&nbsp;<\/p>\n<p><span data-ccp-props=\"{&quot;134233117&quot;:false,&quot;134233118&quot;:false,&quot;201341983&quot;:0,&quot;335551550&quot;:1,&quot;335551620&quot;:1,&quot;335559685&quot;:0,&quot;335559737&quot;:0,&quot;335559738&quot;:0,&quot;335559739&quot;:160,&quot;335559740&quot;:259}\">\u00a0<\/span><\/p>\n","protected":false},"excerpt":{"rendered":"<p>No in\u00edcio da tarde desta ter\u00e7a-feira (19), um adolescente identificado com RD e que seria o principal suspeito de ser o autor da execu\u00e7\u00e3o de um jovem nesta madrugada em Chapad\u00e3o do Sul foi baleado em confronto a pol\u00edcia.\u00a0 O confronto aconteceu na Avenida Rio Grande do Norte, quando foi montada uma for\u00e7a tarefa entre [&hellip;]<\/p>\n","protected":false},"author":5,"featured_media":252037,"comment_status":"closed","ping_status":"closed","sticky":false,"template":"","format":"standard","meta":{"footnotes":""},"categories":[23,41,38],"tags":[],"class_list":["post-252029","post","type-post","status-publish","format-standard","has-post-thumbnail","hentry","category-chapadao-do-sul","category-destaque","category-policia"],"_links":{"self":[{"href":"https:\/\/www.ocorreionews.com.br\/acervo-correio\/index.php?rest_route=\/wp\/v2\/posts\/252029","targetHints":{"allow":["GET"]}}],"collection":[{"href":"https:\/\/www.ocorreionews.com.br\/acervo-correio\/index.php?rest_route=\/wp\/v2\/posts"}],"about":[{"href":"https:\/\/www.ocorreionews.com.br\/acervo-correio\/index.php?rest_route=\/wp\/v2\/types\/post"}],"author":[{"embeddable":true,"href":"https:\/\/www.ocorreionews.com.br\/acervo-correio\/index.php?rest_route=\/wp\/v2\/users\/5"}],"replies":[{"embeddable":true,"href":"https:\/\/www.ocorreionews.com.br\/acervo-correio\/index.php?rest_route=%2Fwp%2Fv2%2Fcomments&post=252029"}],"version-history":[{"count":4,"href":"https:\/\/www.ocorreionews.com.br\/acervo-correio\/index.php?rest_route=\/wp\/v2\/posts\/252029\/revisions"}],"predecessor-version":[{"id":252042,"href":"https:\/\/www.ocorreionews.com.br\/acervo-correio\/index.php?rest_route=\/wp\/v2\/posts\/252029\/revisions\/252042"}],"wp:featuredmedia":[{"embeddable":true,"href":"https:\/\/www.ocorreionews.com.br\/acervo-correio\/index.php?rest_route=\/wp\/v2\/media\/252037"}],"wp:attachment":[{"href":"https:\/\/www.ocorreionews.com.br\/acervo-correio\/index.php?rest_route=%2Fwp%2Fv2%2Fmedia&parent=252029"}],"wp:term":[{"taxonomy":"category","embeddable":true,"href":"https:\/\/www.ocorreionews.com.br\/acervo-correio\/index.php?rest_route=%2Fwp%2Fv2%2Fcategories&post=252029"},{"taxonomy":"post_tag","embeddable":true,"href":"https:\/\/www.ocorreionews.com.br\/acervo-correio\/index.php?rest_route=%2Fwp%2Fv2%2Ftags&post=252029"}],"curies":[{"name":"wp","href":"https:\/\/api.w.org\/{rel}","templated":true}]}}