{"id":252045,"date":"2023-09-19T14:27:07","date_gmt":"2023-09-19T18:27:07","guid":{"rendered":"https:\/\/www.ocorreionews.com.br\/acervo-correio\/?p=252045"},"modified":"2023-09-19T14:27:07","modified_gmt":"2023-09-19T18:27:07","slug":"prefeitura-de-costa-rica-abre-as-inscricoes-para-o-casamento-comunitario-2023","status":"publish","type":"post","link":"https:\/\/www.ocorreionews.com.br\/acervo-correio\/?p=252045","title":{"rendered":"Prefeitura de Costa Rica abre as inscri\u00e7\u00f5es para o Casamento Comunit\u00e1rio 2023"},"content":{"rendered":"<div class=\"ntc_cont_descricao_noticia sw_txteditor\">A Prefeitura de Costa Rica, juntamente com a Secretaria de Assist\u00eancia Social e o Projeto Rica Trama, anunciam mais uma edi\u00e7\u00e3o do Casamento Comunit\u00e1rio, previsto para o dia 18 de novembro de 2023. O evento ser\u00e1 realizado no civil e tem como objetivo proporcionar a oficializa\u00e7\u00e3o do matrim\u00f4nio para casais que n\u00e3o possuem condi\u00e7\u00f5es financeiras para arcar com as despesas de um casamento tradicional.<\/p>\n<p>Para participar do Casamento Comunit\u00e1rio 2023, os interessados devem procurar a Rica Trama, localizada na Rua Jos\u00e9 In\u00e1cio Rodrigues, n\u00famero 227, no Jardim Afonso, em Costa Rica\/MS. As inscri\u00e7\u00f5es est\u00e3o abertas e podem ser feitas at\u00e9 o dia 18 de outubro de 2023. Mais informa\u00e7\u00f5es podem ser obtidas com Rute Amorim, respons\u00e1vel pelo projeto, atrav\u00e9s do telefone (67) 9-9996-7815.<\/p>\n<p>A iniciativa do Casamento Comunit\u00e1rio visa promover o fortalecimento dos la\u00e7os familiares e o reconhecimento legal das uni\u00f5es est\u00e1veis, proporcionando aos casais a oportunidade de oficializar sua rela\u00e7\u00e3o perante a sociedade. Al\u00e9m disso, o evento busca valorizar e respeitar a diversidade de modelos de fam\u00edlia, garantindo o acesso ao direito ao casamento civil a todos os cidad\u00e3os.<\/p>\n<p>O Casamento Comunit\u00e1rio \u00e9 uma a\u00e7\u00e3o que tem se tornado cada vez mais comum em diversas cidades do Brasil. Atrav\u00e9s dela, \u00e9 poss\u00edvel reduzir as desigualdades sociais, uma vez que muitos casais podem estar juntos h\u00e1 anos, mas n\u00e3o possuem recursos financeiros para formalizar a uni\u00e3o. Com o evento, a Prefeitura de Costa Rica, a Secretaria de Assist\u00eancia Social e o Projeto Rica Trama demonstram seu compromisso em promover a inclus\u00e3o social e garantir o acesso aos direitos fundamentais.<\/p>\n<p>Al\u00e9m da cerim\u00f4nia civil, o Casamento Comunit\u00e1rio 2023 contar\u00e1 com diversos servi\u00e7os gratuitos para os casais, tais como a emiss\u00e3o gratuita de certid\u00e3o de casamento, orienta\u00e7\u00f5es jur\u00eddicas, servi\u00e7os de sa\u00fade, beleza, entre outros. A programa\u00e7\u00e3o completa ser\u00e1 divulgada posteriormente, com o intuito de oferecer aos noivos uma experi\u00eancia inesquec\u00edvel.<\/p>\n<p>\u00c9 importante ressaltar que, para participar do Casamento Comunit\u00e1rio, os casais devem estar de acordo com as normas e requisitos legais estabelecidos pela legisla\u00e7\u00e3o brasileira para a celebra\u00e7\u00e3o do casamento civil. Dessa forma, \u00e9 necess\u00e1rio apresentar a documenta\u00e7\u00e3o necess\u00e1ria, como certid\u00e3o de nascimento, documentos de identidade, comprovante de resid\u00eancia, entre outros.<\/p>\n<p>O Casamento Comunit\u00e1rio 2023 \u00e9 uma oportunidade \u00fanica para que os casais que sonham em oficializar sua uni\u00e3o possam faz\u00ea-lo de forma gratuita e com todo o suporte necess\u00e1rio. Atrav\u00e9s dessa iniciativa, a Prefeitura de Costa Rica, a Secretaria de Assist\u00eancia Social e o Projeto Rica Trama reafirmam seu compromisso com a valoriza\u00e7\u00e3o da fam\u00edlia e a garantia dos direitos fundamentais para todos os cidad\u00e3os.<\/p><\/div>\n<p>&nbsp;<\/p>\n<p><img decoding=\"async\" class=\"imgcentraliza\" src=\"https:\/\/www.costarica.ms.gov.br\/fotos\/casamento_comunitario_19114957.png\" alt=\"Foto Noticia Principal Grande\" \/><\/p>\n<div class=\"ntc_area_info_noticia sw_lato\">\n<div>\n<div class=\"ntc_info_noticia\"><strong class=\"sw_lato_black\">Fonte: <\/strong>Assessoria de Comunica\u00e7\u00e3o &#8211; PMCR &#8211; <strong class=\"sw_lato_black\">\u00a0<\/strong>Silvestre de Castro<\/div>\n<\/div>\n<\/div>\n","protected":false},"excerpt":{"rendered":"<p>A Prefeitura de Costa Rica, juntamente com a Secretaria de Assist\u00eancia Social e o Projeto Rica Trama, anunciam mais uma edi\u00e7\u00e3o do Casamento Comunit\u00e1rio, previsto para o dia 18 de novembro de 2023. O evento ser\u00e1 realizado no civil e tem como objetivo proporcionar a oficializa\u00e7\u00e3o do matrim\u00f4nio para casais que n\u00e3o possuem condi\u00e7\u00f5es financeiras [&hellip;]<\/p>\n","protected":false},"author":5,"featured_media":252046,"comment_status":"closed","ping_status":"closed","sticky":false,"template":"","format":"standard","meta":{"footnotes":""},"categories":[25],"tags":[],"class_list":["post-252045","post","type-post","status-publish","format-standard","has-post-thumbnail","hentry","category-costa-rica"],"_links":{"self":[{"href":"https:\/\/www.ocorreionews.com.br\/acervo-correio\/index.php?rest_route=\/wp\/v2\/posts\/252045","targetHints":{"allow":["GET"]}}],"collection":[{"href":"https:\/\/www.ocorreionews.com.br\/acervo-correio\/index.php?rest_route=\/wp\/v2\/posts"}],"about":[{"href":"https:\/\/www.ocorreionews.com.br\/acervo-correio\/index.php?rest_route=\/wp\/v2\/types\/post"}],"author":[{"embeddable":true,"href":"https:\/\/www.ocorreionews.com.br\/acervo-correio\/index.php?rest_route=\/wp\/v2\/users\/5"}],"replies":[{"embeddable":true,"href":"https:\/\/www.ocorreionews.com.br\/acervo-correio\/index.php?rest_route=%2Fwp%2Fv2%2Fcomments&post=252045"}],"version-history":[{"count":1,"href":"https:\/\/www.ocorreionews.com.br\/acervo-correio\/index.php?rest_route=\/wp\/v2\/posts\/252045\/revisions"}],"predecessor-version":[{"id":252047,"href":"https:\/\/www.ocorreionews.com.br\/acervo-correio\/index.php?rest_route=\/wp\/v2\/posts\/252045\/revisions\/252047"}],"wp:featuredmedia":[{"embeddable":true,"href":"https:\/\/www.ocorreionews.com.br\/acervo-correio\/index.php?rest_route=\/wp\/v2\/media\/252046"}],"wp:attachment":[{"href":"https:\/\/www.ocorreionews.com.br\/acervo-correio\/index.php?rest_route=%2Fwp%2Fv2%2Fmedia&parent=252045"}],"wp:term":[{"taxonomy":"category","embeddable":true,"href":"https:\/\/www.ocorreionews.com.br\/acervo-correio\/index.php?rest_route=%2Fwp%2Fv2%2Fcategories&post=252045"},{"taxonomy":"post_tag","embeddable":true,"href":"https:\/\/www.ocorreionews.com.br\/acervo-correio\/index.php?rest_route=%2Fwp%2Fv2%2Ftags&post=252045"}],"curies":[{"name":"wp","href":"https:\/\/api.w.org\/{rel}","templated":true}]}}