{"id":25205,"date":"2016-04-13T10:19:58","date_gmt":"2016-04-13T14:19:58","guid":{"rendered":"https:\/\/ocorreionews.com.br\/?p=25205"},"modified":"2016-04-13T10:19:58","modified_gmt":"2016-04-13T14:19:58","slug":"comissao-de-expositores-da-feira-rica-agradecem-prefeito-e-secretario-pelo-empenho-e-dedicacao-ao-projeto","status":"publish","type":"post","link":"https:\/\/www.ocorreionews.com.br\/acervo-correio\/?p=25205","title":{"rendered":"Comiss\u00e3o de expositores da Feira Rica agradecem prefeito e secret\u00e1rio pelo empenho e dedica\u00e7\u00e3o ao projeto"},"content":{"rendered":"<div>Na manh\u00e3 desta ter\u00e7a-feira (12), uma comiss\u00e3o de expositores da Feira Rica esteve reunida com o prefeito Waldeli dos Santos Rosa oportunidade em que agradeceram o Chefe do Executivo Municipal e o secret\u00e1rio de Agricultura e Desenvolvimento, Keyler Simey Garcia Barbosa, pelo apoio, emprenho e dedica\u00e7\u00e3o ao projeto.<\/div>\n<div><\/div>\n<div>Durante o encontro, a empreendedora Joile Cunha contou ao prefeito Waldeli como o projeto iniciou. \u201cPrimeiro a ideia come\u00e7ou com um grupo de 15 mulheres, foi criando dimens\u00e3o, recebemos o apoio do Governo Municipal por meio da Secretaria de Agricultura e Desenvolvimento e da\u00ed por diante passamos a sonhar juntos, expositores e Poder P\u00fablico. Quando n\u00f3s arrumamos algu\u00e9m para sonham com a gente o sonho fica mais f\u00e1cil de ser realizado\u201d.<\/div>\n<div><\/div>\n<div>\u201cAos poucos estamos crescendo. A primeira edi\u00e7\u00e3o teve a participa\u00e7\u00e3o maci\u00e7a da popula\u00e7\u00e3o. A terceira tamb\u00e9m teve uma grande aceita\u00e7\u00e3o do p\u00fablico. J\u00e1 nessa \u00faltima edi\u00e7\u00e3o de abril o que nos surpreendeu \u00e9 que al\u00e9m de sermos prestigiados pelo grande p\u00fablico tamb\u00e9m obtivemos sucesso de vendas\u201d, contou ao prefeito o empreendedor Jos\u00e9 Adriano de Jesus Silva que tamb\u00e9m \u00e9 servidor p\u00fablico e agente de Desenvolvimento Local do SEBRAE-MS.<\/div>\n<div><\/div>\n<div>O prefeito e o secret\u00e1rio receberam uma lembrancinha confeccionada pelos pr\u00f3prios empreendedores. \u201cEstou feliz que a Feira Rica est\u00e1 sendo um sucesso. Mais feliz ainda por ver que o Mercado do Produto voltou n\u00e3o s\u00f3 a ser um espa\u00e7o voltado \u00e0 fam\u00edlia \u00e0s quartas-feiras, mas tamb\u00e9m um ambiente amig\u00e1vel, al\u00e9m de ser um potencial ponto tur\u00edstico. Essa \u00e9 a nossa vitrine de bons neg\u00f3cios, o nosso shopping ao ar livre. No que depender do nosso governo n\u00f3s vamos juntos em muitas e muitas edi\u00e7\u00f5es desse projeto\u201d.<\/div>\n<div><\/div>\n<div>\u201cAgradecemos de forma excepcional o secret\u00e1rio Keyler que vem fazendo um excelente trabalho como gestor p\u00fablico. Nunca deixou os expositores na m\u00e3o, sempre levou ao prefeito as nossas demandas e como retorno sempre n\u00f3s deu uma devolutiva positiva, na medida do poss\u00edvel\u201d, destacou a empres\u00e1ria Olinda Ribeiro.<\/div>\n<div><\/div>\n<div><a href=\"https:\/\/ocorreionews.com.br\/wp-content\/uploads\/2016\/04\/comissao-feira-rica.jpg\"><img loading=\"lazy\" decoding=\"async\" class=\"size-medium wp-image-25207 alignleft\" src=\"https:\/\/ocorreionews.com.br\/wp-content\/uploads\/2016\/04\/comissao-feira-rica-300x187.jpg\" alt=\"comissao feira rica\" width=\"300\" height=\"187\" srcset=\"https:\/\/www.ocorreionews.com.br\/acervo-correio\/wp-content\/uploads\/2016\/04\/comissao-feira-rica-300x187.jpg 300w, https:\/\/www.ocorreionews.com.br\/acervo-correio\/wp-content\/uploads\/2016\/04\/comissao-feira-rica-171x108.jpg 171w, https:\/\/www.ocorreionews.com.br\/acervo-correio\/wp-content\/uploads\/2016\/04\/comissao-feira-rica.jpg 630w\" sizes=\"auto, (max-width: 300px) 100vw, 300px\" \/><\/a>Conforme a comiss\u00e3o formada pelos expositores, hoje as edi\u00e7\u00f5es da Feira Rica contam com mais de 30 empreendedores. \u201cTamb\u00e9m temos uma lista de espera de novos empres\u00e1rios querendo participar, mas temos que seguir nosso estatuto que tem regras tanto para quem est\u00e1 dentro quanto para quem quer entrar. Por isso temos duas reuni\u00f5es por m\u00eas para sempre buscarmos melhorias. Nosso foco \u00e9 oportunizar, e inova\u00e7\u00e3o \u00e9 nosso lema\u201d, enfatizou o fot\u00f3grafo e conselheiro do grupo Clevson Menezes.<\/div>\n<div><\/div>\n<div>A empreendedora Maria de F\u00e1tima complementou que uma das condi\u00e7\u00f5es que constam no estatuto \u00e9 que nenhum expositor ir\u00e1 oferecer o mesmo produtor que outro colega. \u201cEsse \u00e9 diferencial do nosso grupo, n\u00e3o criamos concorrentes, por isso, caso algum empres\u00e1rio desista nos abrimos \u00e0 vaga para outro que possa estar oferecendo a mesma atividade ou outra que ainda n\u00e3o tenha na Feira Rica\u201d, conta.<\/div>\n<div><\/div>\n<div>O empreendedor Branco Garcia tamb\u00e9m lembra que os clientes que prestigiam as edi\u00e7\u00f5es da Feira Rica tamb\u00e9m participam de sorteios de brindes a cada meia hora. \u201cE ainda, a cada tr\u00eas m\u00eas estaremos sorteando um pr\u00eamio m\u00e1ster aos nossos clientes e amigos que prestigiam nossos empreendimentos\u201d.<\/div>\n<div><\/div>\n<div><\/div>\n<div><\/div>\n<div>CostaRicaemFoco<\/div>\n","protected":false},"excerpt":{"rendered":"<p>Na manh\u00e3 desta ter\u00e7a-feira (12), uma comiss\u00e3o de expositores da Feira Rica esteve reunida com o prefeito Waldeli dos Santos Rosa oportunidade em que agradeceram o Chefe do Executivo Municipal e o secret\u00e1rio de Agricultura e Desenvolvimento, Keyler Simey Garcia Barbosa, pelo apoio, emprenho e dedica\u00e7\u00e3o ao projeto. Durante o encontro, a empreendedora Joile Cunha [&hellip;]<\/p>\n","protected":false},"author":4,"featured_media":25206,"comment_status":"closed","ping_status":"closed","sticky":false,"template":"","format":"standard","meta":{"footnotes":""},"categories":[25],"tags":[],"class_list":["post-25205","post","type-post","status-publish","format-standard","has-post-thumbnail","hentry","category-costa-rica"],"_links":{"self":[{"href":"https:\/\/www.ocorreionews.com.br\/acervo-correio\/index.php?rest_route=\/wp\/v2\/posts\/25205","targetHints":{"allow":["GET"]}}],"collection":[{"href":"https:\/\/www.ocorreionews.com.br\/acervo-correio\/index.php?rest_route=\/wp\/v2\/posts"}],"about":[{"href":"https:\/\/www.ocorreionews.com.br\/acervo-correio\/index.php?rest_route=\/wp\/v2\/types\/post"}],"author":[{"embeddable":true,"href":"https:\/\/www.ocorreionews.com.br\/acervo-correio\/index.php?rest_route=\/wp\/v2\/users\/4"}],"replies":[{"embeddable":true,"href":"https:\/\/www.ocorreionews.com.br\/acervo-correio\/index.php?rest_route=%2Fwp%2Fv2%2Fcomments&post=25205"}],"version-history":[{"count":0,"href":"https:\/\/www.ocorreionews.com.br\/acervo-correio\/index.php?rest_route=\/wp\/v2\/posts\/25205\/revisions"}],"wp:featuredmedia":[{"embeddable":true,"href":"https:\/\/www.ocorreionews.com.br\/acervo-correio\/index.php?rest_route=\/wp\/v2\/media\/25206"}],"wp:attachment":[{"href":"https:\/\/www.ocorreionews.com.br\/acervo-correio\/index.php?rest_route=%2Fwp%2Fv2%2Fmedia&parent=25205"}],"wp:term":[{"taxonomy":"category","embeddable":true,"href":"https:\/\/www.ocorreionews.com.br\/acervo-correio\/index.php?rest_route=%2Fwp%2Fv2%2Fcategories&post=25205"},{"taxonomy":"post_tag","embeddable":true,"href":"https:\/\/www.ocorreionews.com.br\/acervo-correio\/index.php?rest_route=%2Fwp%2Fv2%2Ftags&post=25205"}],"curies":[{"name":"wp","href":"https:\/\/api.w.org\/{rel}","templated":true}]}}