{"id":252054,"date":"2023-09-19T15:32:41","date_gmt":"2023-09-19T19:32:41","guid":{"rendered":"https:\/\/www.ocorreionews.com.br\/acervo-correio\/?p=252054"},"modified":"2023-09-19T19:36:43","modified_gmt":"2023-09-19T23:36:43","slug":"morre-o-suspeito-de-execucao-de-jovem-em-chapadao-do-sul-que-foi-baleado-em-confronto-com-a-policia","status":"publish","type":"post","link":"https:\/\/www.ocorreionews.com.br\/acervo-correio\/?p=252054","title":{"rendered":"Morre o suspeito executar de jovem em Chapad\u00e3o do Sul que foi baleado em confronto com a pol\u00edcia"},"content":{"rendered":"<p><span data-contrast=\"none\">O adolescente de Ricardo Dourado de 17 anos, <a href=\"https:\/\/www.ocorreionews.com.br\/acervo-correio\/suspeito-de-executar-jovem-em-chapadao-do-sul-e-baleado-em-confronto-com-a-policia\/\">que foi baleado em confronto com a pol\u00edcia em Chapad\u00e3o do Sul<\/a>, veio a \u00f3bito no Hospital Municipal. Ricardo era suspeito de ter executado Renato dos Santos Silva de 18 anos na madrugada desta ter\u00e7a-feira (19).<\/span><span data-ccp-props=\"{&quot;201341983&quot;:0,&quot;335559739&quot;:160,&quot;335559740&quot;:259}\">\u00a0<\/span><\/p>\n<p><span data-contrast=\"none\">Segundo informa\u00e7\u00f5es repassadas pelo Delegado Felipe Potter, o adolescente Ricardo Dourado tinha passagens pela pol\u00edcia.<\/span><span data-ccp-props=\"{&quot;201341983&quot;:0,&quot;335559739&quot;:160,&quot;335559740&quot;:259}\">\u00a0<\/span><\/p>\n<p><span data-contrast=\"none\">Ainda segundo o delegado, logo ap\u00f3s execu\u00e7\u00e3o de Renatinho, foi montado uma a\u00e7\u00e3o conjunta entre as pol\u00edcias Civil e Militar de Chapad\u00e3o do Sul, para localizar o autor do homic\u00eddio. E deram uma resposta r\u00e1pida ao localizar o suspeito, mas infelizmente o adolescente acabou reagindo a abordagem, o que fez o policial revidar e atingiu o Ricardo<\/span><\/p>\n<p><img loading=\"lazy\" decoding=\"async\" class=\"wp-image-252037 aligncenter\" src=\"https:\/\/www.ocorreionews.com.br\/acervo-correio\/wp-content\/uploads\/2023\/09\/IMG_0339-scaled.jpg\" alt=\"\" width=\"591\" height=\"394\" srcset=\"https:\/\/www.ocorreionews.com.br\/acervo-correio\/wp-content\/uploads\/2023\/09\/IMG_0339-scaled.jpg 2560w, https:\/\/www.ocorreionews.com.br\/acervo-correio\/wp-content\/uploads\/2023\/09\/IMG_0339-300x200.jpg 300w, https:\/\/www.ocorreionews.com.br\/acervo-correio\/wp-content\/uploads\/2023\/09\/IMG_0339-1024x683.jpg 1024w, https:\/\/www.ocorreionews.com.br\/acervo-correio\/wp-content\/uploads\/2023\/09\/IMG_0339-768x512.jpg 768w, https:\/\/www.ocorreionews.com.br\/acervo-correio\/wp-content\/uploads\/2023\/09\/IMG_0339-1536x1024.jpg 1536w, https:\/\/www.ocorreionews.com.br\/acervo-correio\/wp-content\/uploads\/2023\/09\/IMG_0339-2048x1365.jpg 2048w\" sizes=\"auto, (max-width: 591px) 100vw, 591px\" \/><\/p>\n<p><span data-contrast=\"none\">Os pr\u00f3prios policiais imediatamente socorreram o adolescente at\u00e9 o Hospital Municipal, que chegou com vida, mas acabou falecendo a caminho de Campo Grande.<\/span><span data-ccp-props=\"{&quot;201341983&quot;:0,&quot;335559739&quot;:160,&quot;335559740&quot;:259}\">\u00a0<\/span><\/p>\n<p><span data-contrast=\"none\">Os Peritos foram acionados e fizeram a per\u00edcia no local.<\/span><span data-ccp-props=\"{&quot;201341983&quot;:0,&quot;335559739&quot;:160,&quot;335559740&quot;:259}\">\u00a0<\/span><\/p>\n<p>O delegado disse tamb\u00e9m que <em>&#8221; A \u00a0arma encontrada com ele hoje \u00e9 compat\u00edvel com as c\u00e1psulas recolhidas no local do homic\u00eddio. Isso corrobora a den\u00fancia que nos levou at\u00e9 ele hoje. Agora, de posse da arma e de um proj\u00e9til retirado do corpo, faremos o exame pericial de micro compara\u00e7\u00e3o bal\u00edstica pra determinar com certeza.&#8221;<\/em><\/p>\n<p><span data-contrast=\"none\">O confronto entre o Ricardo e os policiais aconteceu na Avenida Rio Grande do Norte, no Bairro Sibipiruna<\/span><span data-ccp-props=\"{&quot;201341983&quot;:0,&quot;335559739&quot;:160,&quot;335559740&quot;:259}\">\u00a0<\/span><\/p>\n<p><img loading=\"lazy\" decoding=\"async\" class=\"wp-image-252035 aligncenter\" src=\"https:\/\/www.ocorreionews.com.br\/acervo-correio\/wp-content\/uploads\/2023\/09\/IMG_0337-scaled.jpg\" alt=\"\" width=\"599\" height=\"399\" srcset=\"https:\/\/www.ocorreionews.com.br\/acervo-correio\/wp-content\/uploads\/2023\/09\/IMG_0337-scaled.jpg 2560w, https:\/\/www.ocorreionews.com.br\/acervo-correio\/wp-content\/uploads\/2023\/09\/IMG_0337-300x200.jpg 300w, https:\/\/www.ocorreionews.com.br\/acervo-correio\/wp-content\/uploads\/2023\/09\/IMG_0337-1024x683.jpg 1024w, https:\/\/www.ocorreionews.com.br\/acervo-correio\/wp-content\/uploads\/2023\/09\/IMG_0337-768x512.jpg 768w, https:\/\/www.ocorreionews.com.br\/acervo-correio\/wp-content\/uploads\/2023\/09\/IMG_0337-1536x1024.jpg 1536w, https:\/\/www.ocorreionews.com.br\/acervo-correio\/wp-content\/uploads\/2023\/09\/IMG_0337-2048x1365.jpg 2048w\" sizes=\"auto, (max-width: 599px) 100vw, 599px\" \/><\/p>\n<p><strong>Relembre o caso<\/strong><\/p>\n<p><span data-contrast=\"none\"><a href=\"https:\/\/www.ocorreionews.com.br\/acervo-correio\/homem-e-assassinado-com-varios-tiros-em-chapadao-do-sul\/\">Na madrugada desta ter\u00e7a-feira (19), Renato do Santos Silva de 18 anos, foi executado com v\u00e1rios tiros<\/a> no Bairro Sibipiruna.<\/span><span data-ccp-props=\"{&quot;201341983&quot;:0,&quot;335559739&quot;:160,&quot;335559740&quot;:259}\">\u00a0<\/span><\/p>\n<p><span data-contrast=\"none\">A v\u00edtima estava na esquina da Rua Maranh\u00e3o com a Rua Nova Esperan\u00e7a quando foi baleado pela primeira vez, ele ainda tentou fugir subindo pela Rua Sertan\u00f3polis, mas foi alcan\u00e7ada na esquina da Rua Parana\u00edba, onde os assassinos efetuaram mais de tr\u00eas disparos e veio a \u00f3bito no local.\u00a0<\/span><span data-ccp-props=\"{&quot;134233117&quot;:false,&quot;134233118&quot;:false,&quot;201341983&quot;:0,&quot;335551550&quot;:0,&quot;335551620&quot;:0,&quot;335559738&quot;:0,&quot;335559739&quot;:255,&quot;335559740&quot;:259}\">\u00a0<\/span><\/p>\n<p><img loading=\"lazy\" decoding=\"async\" class=\"wp-image-251955 aligncenter\" src=\"https:\/\/www.ocorreionews.com.br\/acervo-correio\/wp-content\/uploads\/2023\/09\/DSC_0549.jpg\" alt=\"\" width=\"598\" height=\"397\" srcset=\"https:\/\/www.ocorreionews.com.br\/acervo-correio\/wp-content\/uploads\/2023\/09\/DSC_0549.jpg 2144w, https:\/\/www.ocorreionews.com.br\/acervo-correio\/wp-content\/uploads\/2023\/09\/DSC_0549-300x199.jpg 300w, https:\/\/www.ocorreionews.com.br\/acervo-correio\/wp-content\/uploads\/2023\/09\/DSC_0549-1024x680.jpg 1024w, https:\/\/www.ocorreionews.com.br\/acervo-correio\/wp-content\/uploads\/2023\/09\/DSC_0549-768x510.jpg 768w, https:\/\/www.ocorreionews.com.br\/acervo-correio\/wp-content\/uploads\/2023\/09\/DSC_0549-1536x1020.jpg 1536w, https:\/\/www.ocorreionews.com.br\/acervo-correio\/wp-content\/uploads\/2023\/09\/DSC_0549-2048x1360.jpg 2048w\" sizes=\"auto, (max-width: 598px) 100vw, 598px\" \/><\/p>\n<p><span data-contrast=\"none\">Na Rua Maranh\u00e3o, local do in\u00edcio da execu\u00e7\u00e3o foram encontradas 2 c\u00e1psulas de bala 9m e um buraco de bala no ch\u00e3o e o bon\u00e9 do suposto assassinado.\u00a0<\/span><span data-ccp-props=\"{&quot;134233117&quot;:false,&quot;134233118&quot;:false,&quot;201341983&quot;:0,&quot;335551550&quot;:0,&quot;335551620&quot;:0,&quot;335559738&quot;:0,&quot;335559739&quot;:255,&quot;335559740&quot;:259}\">\u00a0<\/span><\/p>\n<p><span data-contrast=\"none\">Os bombeiros foram acionados e ao chegar no local j\u00e1 encontraram a v\u00edtima sem vida.<\/span><span data-ccp-props=\"{&quot;134233117&quot;:false,&quot;134233118&quot;:false,&quot;201341983&quot;:0,&quot;335551550&quot;:0,&quot;335551620&quot;:0,&quot;335559738&quot;:0,&quot;335559739&quot;:255,&quot;335559740&quot;:259}\">\u00a0<\/span><\/p>\n<p><span data-contrast=\"none\">Renato tinha v\u00e1rias passagens pela pol\u00edcia.<\/span><span data-ccp-props=\"{&quot;201341983&quot;:0,&quot;335559739&quot;:160,&quot;335559740&quot;:259}\">\u00a0<\/span><\/p>\n<p><img loading=\"lazy\" decoding=\"async\" class=\"wp-image-251957 aligncenter\" src=\"https:\/\/www.ocorreionews.com.br\/acervo-correio\/wp-content\/uploads\/2023\/09\/DSC_0554.jpg\" alt=\"\" width=\"596\" height=\"396\" srcset=\"https:\/\/www.ocorreionews.com.br\/acervo-correio\/wp-content\/uploads\/2023\/09\/DSC_0554.jpg 2144w, https:\/\/www.ocorreionews.com.br\/acervo-correio\/wp-content\/uploads\/2023\/09\/DSC_0554-300x199.jpg 300w, https:\/\/www.ocorreionews.com.br\/acervo-correio\/wp-content\/uploads\/2023\/09\/DSC_0554-1024x680.jpg 1024w, https:\/\/www.ocorreionews.com.br\/acervo-correio\/wp-content\/uploads\/2023\/09\/DSC_0554-768x510.jpg 768w, https:\/\/www.ocorreionews.com.br\/acervo-correio\/wp-content\/uploads\/2023\/09\/DSC_0554-1536x1020.jpg 1536w, https:\/\/www.ocorreionews.com.br\/acervo-correio\/wp-content\/uploads\/2023\/09\/DSC_0554-2048x1360.jpg 2048w\" sizes=\"auto, (max-width: 596px) 100vw, 596px\" \/><\/p>\n<p>&nbsp;<\/p>\n","protected":false},"excerpt":{"rendered":"<p>O adolescente de Ricardo Dourado de 17 anos, que foi baleado em confronto com a pol\u00edcia em Chapad\u00e3o do Sul, veio a \u00f3bito no Hospital Municipal. Ricardo era suspeito de ter executado Renato dos Santos Silva de 18 anos na madrugada desta ter\u00e7a-feira (19).\u00a0 Segundo informa\u00e7\u00f5es repassadas pelo Delegado Felipe Potter, o adolescente Ricardo Dourado [&hellip;]<\/p>\n","protected":false},"author":5,"featured_media":252032,"comment_status":"closed","ping_status":"closed","sticky":false,"template":"","format":"standard","meta":{"footnotes":""},"categories":[23,41],"tags":[],"class_list":["post-252054","post","type-post","status-publish","format-standard","has-post-thumbnail","hentry","category-chapadao-do-sul","category-destaque"],"_links":{"self":[{"href":"https:\/\/www.ocorreionews.com.br\/acervo-correio\/index.php?rest_route=\/wp\/v2\/posts\/252054","targetHints":{"allow":["GET"]}}],"collection":[{"href":"https:\/\/www.ocorreionews.com.br\/acervo-correio\/index.php?rest_route=\/wp\/v2\/posts"}],"about":[{"href":"https:\/\/www.ocorreionews.com.br\/acervo-correio\/index.php?rest_route=\/wp\/v2\/types\/post"}],"author":[{"embeddable":true,"href":"https:\/\/www.ocorreionews.com.br\/acervo-correio\/index.php?rest_route=\/wp\/v2\/users\/5"}],"replies":[{"embeddable":true,"href":"https:\/\/www.ocorreionews.com.br\/acervo-correio\/index.php?rest_route=%2Fwp%2Fv2%2Fcomments&post=252054"}],"version-history":[{"count":5,"href":"https:\/\/www.ocorreionews.com.br\/acervo-correio\/index.php?rest_route=\/wp\/v2\/posts\/252054\/revisions"}],"predecessor-version":[{"id":252066,"href":"https:\/\/www.ocorreionews.com.br\/acervo-correio\/index.php?rest_route=\/wp\/v2\/posts\/252054\/revisions\/252066"}],"wp:featuredmedia":[{"embeddable":true,"href":"https:\/\/www.ocorreionews.com.br\/acervo-correio\/index.php?rest_route=\/wp\/v2\/media\/252032"}],"wp:attachment":[{"href":"https:\/\/www.ocorreionews.com.br\/acervo-correio\/index.php?rest_route=%2Fwp%2Fv2%2Fmedia&parent=252054"}],"wp:term":[{"taxonomy":"category","embeddable":true,"href":"https:\/\/www.ocorreionews.com.br\/acervo-correio\/index.php?rest_route=%2Fwp%2Fv2%2Fcategories&post=252054"},{"taxonomy":"post_tag","embeddable":true,"href":"https:\/\/www.ocorreionews.com.br\/acervo-correio\/index.php?rest_route=%2Fwp%2Fv2%2Ftags&post=252054"}],"curies":[{"name":"wp","href":"https:\/\/api.w.org\/{rel}","templated":true}]}}