{"id":252080,"date":"2023-09-20T07:31:00","date_gmt":"2023-09-20T11:31:00","guid":{"rendered":"https:\/\/www.ocorreionews.com.br\/acervo-correio\/?p=252080"},"modified":"2023-09-20T07:36:44","modified_gmt":"2023-09-20T11:36:44","slug":"projeto-de-meio-ambiente-e-realizado-na-escola-municipal-de-figueirao","status":"publish","type":"post","link":"https:\/\/www.ocorreionews.com.br\/acervo-correio\/?p=252080","title":{"rendered":"Figueir\u00e3o: Projeto de meio ambiente \u00e9 realizado na escola municipal"},"content":{"rendered":"<p>A Escola Municipal Prof. Ant\u00f4nio In\u00e1cio Furtado-Polo, de\u00a0 Figueir\u00e3o, desenvolveu um Projeto de Meio Ambiente com os alunos da Educa\u00e7\u00e3o Infantil de 5 anos, conforme cumprimento das a\u00e7\u00f5es planejadas e propostas em seu Projeto Pol\u00edtico Pedag\u00f3gico, por meio das professoras Sandra Ferreira de Souza e Inez Camargo de Sousa, professoras das turmas Pr\u00e9 II \u201cA\u201d e Pr\u00e9 II \u201cB\u201d.<\/p>\n<p>O Projeto de Educa\u00e7\u00e3o Ambiental, tem como foco disseminar conhecimentos sobre o meio ambiente e formar cidad\u00e3os que possam sensibilizar para a conserva\u00e7\u00e3o e prote\u00e7\u00e3o dos recursos naturais, para assim proporcionar uma melhoria na qualidade de vida de todos.<\/p>\n<p><img loading=\"lazy\" decoding=\"async\" class=\"alignnone wp-image-252082 size-full\" src=\"https:\/\/www.ocorreionews.com.br\/acervo-correio\/wp-content\/uploads\/2023\/09\/projeto-cerrado2.jpg\" alt=\"\" width=\"1024\" height=\"768\" srcset=\"https:\/\/www.ocorreionews.com.br\/acervo-correio\/wp-content\/uploads\/2023\/09\/projeto-cerrado2.jpg 1024w, https:\/\/www.ocorreionews.com.br\/acervo-correio\/wp-content\/uploads\/2023\/09\/projeto-cerrado2-300x225.jpg 300w, https:\/\/www.ocorreionews.com.br\/acervo-correio\/wp-content\/uploads\/2023\/09\/projeto-cerrado2-768x576.jpg 768w, https:\/\/www.ocorreionews.com.br\/acervo-correio\/wp-content\/uploads\/2023\/09\/projeto-cerrado2-86x64.jpg 86w\" sizes=\"auto, (max-width: 1024px) 100vw, 1024px\" \/><\/p>\n<p>O Projeto de Meio Ambiente teve in\u00edcio em 2022, onde os alunos e as professoras plantaram mudas de esp\u00e9cies prop\u00edcias ao solo e a regi\u00e3o, nas margens do Rio Bonito, aproximadamente 5 quil\u00f4metros do munic\u00edpio. E agora, retornaram ao rio para ver como as mudas estavam e para fazer um novo plantio. As mudas plantadas no ano anterior n\u00e3o morreram e est\u00e3o medindo aproximadamente 1,20 cm. Esse novo plantio ir\u00e1 fomentar ainda mais a preserva\u00e7\u00e3o daquele lugar. Foram plantadas mais 15 mudas de esp\u00e9cies variadas, como Ip\u00ea e Oiti.<\/p>\n<p><img loading=\"lazy\" decoding=\"async\" class=\"alignnone wp-image-252083 size-full\" src=\"https:\/\/www.ocorreionews.com.br\/acervo-correio\/wp-content\/uploads\/2023\/09\/projeto-cerrado22.jpg\" alt=\"\" width=\"755\" height=\"477\" srcset=\"https:\/\/www.ocorreionews.com.br\/acervo-correio\/wp-content\/uploads\/2023\/09\/projeto-cerrado22.jpg 755w, https:\/\/www.ocorreionews.com.br\/acervo-correio\/wp-content\/uploads\/2023\/09\/projeto-cerrado22-300x190.jpg 300w\" sizes=\"auto, (max-width: 755px) 100vw, 755px\" \/><\/p>\n<p>As professoras explicam que os estudantes trabalharam toda a tem\u00e1tica sobre meio ambiente em sala de aula e ao final do projeto fizeram o plantio das mudas, ensinando e conscientizando para uma preserva\u00e7\u00e3o sustent\u00e1vel.<\/p>\n<p>As mudas foram doadas pela prefeitura municipal de Costa Rica\/MS, por interm\u00e9dio do Secret\u00e1rio Municipal de Agricultura e Desenvolvimento Fernando Martins, que \u00e9 parceiro das a\u00e7\u00f5es desenvolvidas em nosso munic\u00edpio.<\/p>\n<p>Fonte\/fotos: PMFigueir\u00e3o\/RubemVasconcellos<\/p>\n","protected":false},"excerpt":{"rendered":"<p>A Escola Municipal Prof. Ant\u00f4nio In\u00e1cio Furtado-Polo, de\u00a0 Figueir\u00e3o, desenvolveu um Projeto de Meio Ambiente com os alunos da Educa\u00e7\u00e3o Infantil de 5 anos, conforme cumprimento das a\u00e7\u00f5es planejadas e propostas em seu Projeto Pol\u00edtico Pedag\u00f3gico, por meio das professoras Sandra Ferreira de Souza e Inez Camargo de Sousa, professoras das turmas Pr\u00e9 II \u201cA\u201d [&hellip;]<\/p>\n","protected":false},"author":4,"featured_media":252081,"comment_status":"closed","ping_status":"closed","sticky":false,"template":"","format":"standard","meta":{"footnotes":""},"categories":[30],"tags":[],"class_list":["post-252080","post","type-post","status-publish","format-standard","has-post-thumbnail","hentry","category-figueirao"],"_links":{"self":[{"href":"https:\/\/www.ocorreionews.com.br\/acervo-correio\/index.php?rest_route=\/wp\/v2\/posts\/252080","targetHints":{"allow":["GET"]}}],"collection":[{"href":"https:\/\/www.ocorreionews.com.br\/acervo-correio\/index.php?rest_route=\/wp\/v2\/posts"}],"about":[{"href":"https:\/\/www.ocorreionews.com.br\/acervo-correio\/index.php?rest_route=\/wp\/v2\/types\/post"}],"author":[{"embeddable":true,"href":"https:\/\/www.ocorreionews.com.br\/acervo-correio\/index.php?rest_route=\/wp\/v2\/users\/4"}],"replies":[{"embeddable":true,"href":"https:\/\/www.ocorreionews.com.br\/acervo-correio\/index.php?rest_route=%2Fwp%2Fv2%2Fcomments&post=252080"}],"version-history":[{"count":2,"href":"https:\/\/www.ocorreionews.com.br\/acervo-correio\/index.php?rest_route=\/wp\/v2\/posts\/252080\/revisions"}],"predecessor-version":[{"id":252089,"href":"https:\/\/www.ocorreionews.com.br\/acervo-correio\/index.php?rest_route=\/wp\/v2\/posts\/252080\/revisions\/252089"}],"wp:featuredmedia":[{"embeddable":true,"href":"https:\/\/www.ocorreionews.com.br\/acervo-correio\/index.php?rest_route=\/wp\/v2\/media\/252081"}],"wp:attachment":[{"href":"https:\/\/www.ocorreionews.com.br\/acervo-correio\/index.php?rest_route=%2Fwp%2Fv2%2Fmedia&parent=252080"}],"wp:term":[{"taxonomy":"category","embeddable":true,"href":"https:\/\/www.ocorreionews.com.br\/acervo-correio\/index.php?rest_route=%2Fwp%2Fv2%2Fcategories&post=252080"},{"taxonomy":"post_tag","embeddable":true,"href":"https:\/\/www.ocorreionews.com.br\/acervo-correio\/index.php?rest_route=%2Fwp%2Fv2%2Ftags&post=252080"}],"curies":[{"name":"wp","href":"https:\/\/api.w.org\/{rel}","templated":true}]}}