{"id":25209,"date":"2016-04-13T10:21:26","date_gmt":"2016-04-13T14:21:26","guid":{"rendered":"https:\/\/ocorreionews.com.br\/?p=25209"},"modified":"2016-04-13T10:21:26","modified_gmt":"2016-04-13T14:21:26","slug":"preso-suspeito-de-envolvimento-em-furto-milionario-de-gado-em-fazenda-de-camapua","status":"publish","type":"post","link":"https:\/\/www.ocorreionews.com.br\/acervo-correio\/?p=25209","title":{"rendered":"Preso suspeito de envolvimento em furto milion\u00e1rio de gado em fazenda de Camapu\u00e3"},"content":{"rendered":"<p>Visomar Pereira de Oliveira, 52 anos, foi preso pela Pol\u00edcia Civil e pelo Garras (Grupo Armado de Resgate e Repress\u00e3o a Assaltos e Sequestros) suspeito de envolvimento no furto de 1.317 cabe\u00e7as de gado da fazenda S\u00e3o Judas Tadeu em Camapu\u00e3, onde trabalhava como gerente. O valor estimado dos animais \u00e9 de R$ 3 milh\u00f5es.<\/p>\n<p>De acordo com as investiga\u00e7\u00f5es comandadas pelo delegado Leonardo Antunes Ballerine Fernandes, a suspeita \u00e9 que Oliveira vendia o gado aos poucos, sem nota, ou usava terceiros para negociar.<\/p>\n<p>O delegado j\u00e1 havia pedido a pris\u00e3o preventiva de Oliveira, que se apresentou a Pol\u00edcia Civil. Os policiais tamb\u00e9m apreenderam quatro carros, um caminh\u00e3o, uma moto e bloqueou bens de Oliveira, como uma casa e uma fazenda de 60 hectares, que fica perto do local do crime.<\/p>\n<p>Conforme o delegado, as investiga\u00e7\u00f5es continuam para tentar localizar os compradores, que seriam empres\u00e1rios, fazendeiros e transportadoras da regi\u00e3o do Distrito de Pontinha do Coxo. Eles poder\u00e3o responder por recepta\u00e7\u00e3o.<\/p>\n<p><strong>Entenda o caso<\/strong><\/p>\n<p>Em fevereiro deste ano, um fazendeiro, de 82 anos, procurou a Pol\u00edcia Civil informando o furto de 1317 cabe\u00e7as de gado de sua propriedade rural localizada em Camapu\u00e3.<\/p>\n<p>O propriet\u00e1rio rural contou \u00e0 pol\u00edcia que mora em S\u00e3o Paulo, mas vem ao estado com frequ\u00eancia. Em novembro de 2015, ele foi at\u00e9 a propriedade, conversou com o gerente do local e percorreu as invernadas, n\u00e3o percebendo nada de anormal.<\/p>\n<p>Na ocasi\u00e3o, o gerente entregou uma lista para o fazendeiro apontando para exist\u00eancia de 1360 bois.<\/p>\n<p>Em dezembro, o fazendeiro retornou ao local e recebeu nova lista do gerente, com a mesma quantidade de animais. O gerente disse que precisava atender outra pessoa e ele acabou n\u00e3o conferindo o rebanho.<\/p>\n<p>Dois meses depois, o fazendeiro conversou com o gerente que informou estar deixando o emprego para tratar de problemas de sa\u00fade. O trabalhador j\u00e1 tinha at\u00e9 retirado todos os pertences dele da propriedade e o produtor rural n\u00e3o conseguiu mais contato com ele.<\/p>\n<p>Outros dois homens foram levados para trabalharem no local e, depois de nova contagem dos animais, perceberam que havia s\u00f3 53 cabe\u00e7as de gado. Eles n\u00e3o souberam informar quem furtou os animais.<\/p>\n<p>O caminh\u00e3o que transporta gado carrega em m\u00e9dia 25 cabe\u00e7as de uma vez, ou seja, seriam necess\u00e1rios 52 caminh\u00f5es para fazer o transporte de todos os animais. Na delegacia, o fazendeiro informou que o gerente n\u00e3o tinha autoriza\u00e7\u00e3o nem para comprar ou vender os animais.<\/p>\n<p>&nbsp;<\/p>\n<p>&nbsp;<\/p>\n<p>&nbsp;<\/p>\n<p>&nbsp;<\/p>\n<h6><em><strong>Edi\u00e7\u00e3o de Noticias<\/strong><\/em><\/h6>\n","protected":false},"excerpt":{"rendered":"<p>Visomar Pereira de Oliveira, 52 anos, foi preso pela Pol\u00edcia Civil e pelo Garras (Grupo Armado de Resgate e Repress\u00e3o a Assaltos e Sequestros) suspeito de envolvimento no furto de 1.317 cabe\u00e7as de gado da fazenda S\u00e3o Judas Tadeu em Camapu\u00e3, onde trabalhava como gerente. O valor estimado dos animais \u00e9 de R$ 3 milh\u00f5es. [&hellip;]<\/p>\n","protected":false},"author":4,"featured_media":5956,"comment_status":"closed","ping_status":"closed","sticky":false,"template":"","format":"standard","meta":{"footnotes":""},"categories":[38],"tags":[],"class_list":["post-25209","post","type-post","status-publish","format-standard","has-post-thumbnail","hentry","category-policia"],"_links":{"self":[{"href":"https:\/\/www.ocorreionews.com.br\/acervo-correio\/index.php?rest_route=\/wp\/v2\/posts\/25209","targetHints":{"allow":["GET"]}}],"collection":[{"href":"https:\/\/www.ocorreionews.com.br\/acervo-correio\/index.php?rest_route=\/wp\/v2\/posts"}],"about":[{"href":"https:\/\/www.ocorreionews.com.br\/acervo-correio\/index.php?rest_route=\/wp\/v2\/types\/post"}],"author":[{"embeddable":true,"href":"https:\/\/www.ocorreionews.com.br\/acervo-correio\/index.php?rest_route=\/wp\/v2\/users\/4"}],"replies":[{"embeddable":true,"href":"https:\/\/www.ocorreionews.com.br\/acervo-correio\/index.php?rest_route=%2Fwp%2Fv2%2Fcomments&post=25209"}],"version-history":[{"count":0,"href":"https:\/\/www.ocorreionews.com.br\/acervo-correio\/index.php?rest_route=\/wp\/v2\/posts\/25209\/revisions"}],"wp:featuredmedia":[{"embeddable":true,"href":"https:\/\/www.ocorreionews.com.br\/acervo-correio\/index.php?rest_route=\/wp\/v2\/media\/5956"}],"wp:attachment":[{"href":"https:\/\/www.ocorreionews.com.br\/acervo-correio\/index.php?rest_route=%2Fwp%2Fv2%2Fmedia&parent=25209"}],"wp:term":[{"taxonomy":"category","embeddable":true,"href":"https:\/\/www.ocorreionews.com.br\/acervo-correio\/index.php?rest_route=%2Fwp%2Fv2%2Fcategories&post=25209"},{"taxonomy":"post_tag","embeddable":true,"href":"https:\/\/www.ocorreionews.com.br\/acervo-correio\/index.php?rest_route=%2Fwp%2Fv2%2Ftags&post=25209"}],"curies":[{"name":"wp","href":"https:\/\/api.w.org\/{rel}","templated":true}]}}