{"id":252178,"date":"2023-09-20T16:49:34","date_gmt":"2023-09-20T20:49:34","guid":{"rendered":"https:\/\/www.ocorreionews.com.br\/acervo-correio\/?p=252178"},"modified":"2023-09-20T16:49:34","modified_gmt":"2023-09-20T20:49:34","slug":"avo-pede-que-carreira-de-bruninho-como-goleiro-seja-ligada-apenas-a-eliza-samudio","status":"publish","type":"post","link":"https:\/\/www.ocorreionews.com.br\/acervo-correio\/?p=252178","title":{"rendered":"Av\u00f3 pede que carreira de Bruninho como goleiro seja ligada apenas \u00e0 Eliza Samudio"},"content":{"rendered":"<div id=\"chunk-fbfgs\">\n<div class=\"mc-column content-text active-extra-styles \" data-block-type=\"unstyled\" data-block-weight=\"49\" data-block-id=\"3\">\n<p class=\"content-text__container \" data-track-category=\"Link no Texto\" data-track-links=\"\">S\u00f4nia Moura, m\u00e3e de Eliza Samudio, fez um apelo nas redes sociais e pediu para que a carreira de Bruninho como goleiro seja ligada apenas \u00e0 imagem da m\u00e3e, que morreu em junho de 2010. O menino, de 13 anos, \u00e9 filho de Eliza e do ex-goleiro Bruno.<\/p>\n<p data-track-category=\"Link no Texto\" data-track-links=\"\">\n<\/div>\n<\/div>\n<div class=\"wall protected-content\">\n<div id=\"chunk-6dctm\">\n<div class=\"mc-column content-text active-extra-styles \" data-block-type=\"unstyled\" data-block-weight=\"33\" data-block-id=\"4\">\n<p class=\"content-text__container \" data-track-category=\"Link no Texto\" data-track-links=\"\">A av\u00f3 de Bruninho foi \u00e0s redes sociais e pediu para que a imprensa e outras pessoas n\u00e3o atrelem a carreira do neto com a imagem do pai, que tamb\u00e9m foi goleiro.<\/p>\n<p data-track-category=\"Link no Texto\" data-track-links=\"\">\n<\/div>\n<\/div>\n<div id=\"chunk-5484f\">\n<div class=\"mc-column content-text active-extra-styles\" data-block-type=\"raw\" data-block-weight=\"27\" data-block-id=\"5\">\n<p class=\"content-text__container\">\n<blockquote class=\"content-blockquote theme-border-color-primary-before\"><p>Na &#8220;carta aberta&#8221;, <strong><span class=\"highlight highlighted\">S\u00f4nia pede para que o &#8220;neto e jogador de futebol na posi\u00e7\u00e3o de goleiro, seja citado como filho de Eliza Samudi!&#8221;, exclama a av\u00f3. <\/span><\/strong><\/p><\/blockquote>\n<p>&nbsp;<\/p>\n<\/div>\n<\/div>\n<div id=\"chunk-7l73r\">\n<div class=\"content-ads content-ads--reveal\" data-block-type=\"ads\" data-block-id=\"6\">\n<div><\/div>\n<\/div>\n<\/div>\n<div id=\"chunk-64m07\">\n<div class=\"mc-column content-text active-extra-styles \" data-block-type=\"unstyled\" data-block-weight=\"34\" data-block-id=\"7\">\n<p class=\"content-text__container \" data-track-category=\"Link no Texto\" data-track-links=\"\">S\u00f4nia justifica o pedido como um s\u00edmbolo de respeito \u00e0 mem\u00f3ria da filha e &#8220;em prote\u00e7\u00e3o&#8221; ao neto. <strong>Leia abaixo a \u00edntegra do comunidade da av\u00f3 de Bruninho e m\u00e3e de Eliza Samudio:<\/strong><\/p>\n<p data-track-category=\"Link no Texto\" data-track-links=\"\">\n<\/div>\n<\/div>\n<div id=\"chunk-ahgjq\">\n<div class=\"mc-column content-text active-extra-styles \" data-block-type=\"unstyled\" data-block-weight=\"101\" data-block-id=\"8\">\n<p class=\"content-text__container \" data-track-category=\"Link no Texto\" data-track-links=\"\"><em>&#8220;Carta aberta \u00e0 imprensa. Na condi\u00e7\u00e3o de av\u00f3 e tutora legal de Bruninho, eu Sonia Moura, venho por meio deste solicitar \u00e0 toda a imprensa e ve\u00edculos de comunica\u00e7\u00e3o que toda e qualquer nota em refer\u00eancia ao meu neto e jogador de futebol na posi\u00e7\u00e3o de goleiro, seja citado como filho de Eliza Samudio!!! O pedido \u00e9tico se faz, obviamente, pelo respeito a minha filha e em especial prote\u00e7\u00e3o ao meu neto que n\u00e3o precisa ser alvo de mat\u00e9rias que resgatem o caso de repercuss\u00e3o social. Certa de ser compreendida, desde j\u00e1 agrade\u00e7o. Atenciosamente, Dona Sonia Moura, m\u00e3e de Eliza Samudio&#8221;.<\/em><\/p>\n<p data-track-category=\"Link no Texto\" data-track-links=\"\">\n<\/div>\n<\/div>\n<div id=\"chunk-8eqfo\">\n<div class=\"row medium-uncollapsed content-media content-photo\" data-block-type=\"backstage-photo\" data-block-id=\"9\">\n<div class=\" mc-column  content-media__container\">\n<div class=\"content-media-container glb-skeleton-box\">\n<figure class=\"content-media-figure\">\n<p><figure style=\"width: 647px\" class=\"wp-caption aligncenter\"><img loading=\"lazy\" decoding=\"async\" class=\"i-amphtml-fill-content i-amphtml-replaced-content\" src=\"https:\/\/s2-g1.glbimg.com\/owyry17esNyxd3FF5IKBIEOaqp8=\/0x0:1920x1080\/984x0\/smart\/filters:strip_icc()\/i.s3.glbimg.com\/v1\/AUTH_59edd422c0c84a879bd37670ae4f538a\/internal_photos\/bs\/2023\/P\/5\/bcSuk8QAOuIYkcaAUoZA\/sem-titulo.jpg\" sizes=\"auto, (max-width: 1366px) 648px, 100vw\" srcset=\"https:\/\/s2-g1.glbimg.com\/QDqfFgzevWGiEc16x4CA3rw958E=\/0x0:1920x1080\/1000x0\/smart\/filters:strip_icc()\/i.s3.glbimg.com\/v1\/AUTH_59edd422c0c84a879bd37670ae4f538a\/internal_photos\/bs\/2023\/P\/5\/bcSuk8QAOuIYkcaAUoZA\/sem-titulo.jpg 1000w, https:\/\/s2-g1.glbimg.com\/owyry17esNyxd3FF5IKBIEOaqp8=\/0x0:1920x1080\/984x0\/smart\/filters:strip_icc()\/i.s3.glbimg.com\/v1\/AUTH_59edd422c0c84a879bd37670ae4f538a\/internal_photos\/bs\/2023\/P\/5\/bcSuk8QAOuIYkcaAUoZA\/sem-titulo.jpg 984w, https:\/\/s2-g1.glbimg.com\/g2xquW32CwETZxO6A3d1uUYQynw=\/0x0:1920x1080\/640x0\/smart\/filters:strip_icc()\/i.s3.glbimg.com\/v1\/AUTH_59edd422c0c84a879bd37670ae4f538a\/internal_photos\/bs\/2023\/P\/5\/bcSuk8QAOuIYkcaAUoZA\/sem-titulo.jpg 640w, https:\/\/s2-g1.glbimg.com\/U1nvK3DBKuI_UYM75gyqdl4YG4o=\/0x0:1920x1080\/600x0\/smart\/filters:strip_icc()\/i.s3.glbimg.com\/v1\/AUTH_59edd422c0c84a879bd37670ae4f538a\/internal_photos\/bs\/2023\/P\/5\/bcSuk8QAOuIYkcaAUoZA\/sem-titulo.jpg 600w\" alt=\"Sonia pede para que neto seja citado apenas como filho de Eliza Samudio. \u2014 Foto: Redes sociais\/Reprodu\u00e7\u00e3o\" width=\"647\" height=\"364\" \/><figcaption class=\"wp-caption-text\">Sonia pede para que neto seja citado apenas como filho de Eliza Samudio. \u2014 Foto: Redes sociais\/Reprodu\u00e7\u00e3o<\/figcaption><\/figure><\/figure>\n<\/div>\n<p class=\"content-media__description  \">\n<\/div>\n<\/div>\n<\/div>\n<div id=\"chunk-d3nvd\">\n<div class=\"content-ads content-ads--reveal\" data-block-type=\"ads\" data-block-id=\"10\">\n<div><\/div>\n<\/div>\n<\/div>\n<div id=\"chunk-4rr77\">\n<div class=\"mc-column content-text active-extra-styles\" data-block-type=\"raw\" data-block-weight=\"3\" data-block-id=\"11\">\n<p class=\"content-text__container\">\n<div class=\"content-intertitle\">\n<h2>Caso e desdobramentos<\/h2>\n<\/div>\n<p>&nbsp;<\/p>\n<\/div>\n<\/div>\n<div id=\"chunk-3eb08\">\n<div class=\"mc-column content-text active-extra-styles \" data-block-type=\"unstyled\" data-block-weight=\"35\" data-block-id=\"12\">\n<p class=\"content-text__container \" data-track-category=\"Link no Texto\" data-track-links=\"\">O menino, que hoje tem 13 anos, morou em Campo Grande at\u00e9 o in\u00edcio deste ano, quando se mudou para Curitiba para estrear na mesma posi\u00e7\u00e3o do pai no time de base do Athletico-PR.<\/p>\n<p data-track-category=\"Link no Texto\" data-track-links=\"\">\n<\/div>\n<\/div>\n<div id=\"chunk-cn2o7\">\n<div class=\"mc-column content-text active-extra-styles \" data-block-type=\"unstyled\" data-block-weight=\"32\" data-block-id=\"13\">\n<p class=\"content-text__container \" data-track-category=\"Link no Texto\" data-track-links=\"\">H\u00e1 10 anos, o goleiro Bruno Fernandes era condenado pela morte da modelo Eliza Sam\u00fadio. A imprensa se dedicou \u00e0 intensa cobertura das investiga\u00e7\u00f5es, do caso, do julgamento e dos desdobramentos.<\/p>\n<p data-track-category=\"Link no Texto\" data-track-links=\"\">\n<\/div>\n<\/div>\n<div id=\"chunk-36noo\">\n<div class=\"mc-column content-text active-extra-styles \" data-block-type=\"unstyled\" data-block-weight=\"33\" data-block-id=\"14\">\n<p class=\"content-text__container \" data-track-category=\"Link no Texto\" data-track-links=\"\">O desfecho judicial do caso ocorreu em 8\/3\/2013, no &#8216;Dia da mulher&#8217;. Dois anos depois, a lei brasileira aumentaria o rigor para crimes contra mulheres, como este, que ganhariam um nome pr\u00f3prio: feminic\u00eddio.<\/p>\n<p data-track-category=\"Link no Texto\" data-track-links=\"\">\n<\/div>\n<\/div>\n<div id=\"chunk-5bpu6\">\n<div class=\"mc-column content-text active-extra-styles \" data-block-type=\"unstyled\" data-block-weight=\"18\" data-block-id=\"15\">\n<p class=\"content-text__container \" data-track-category=\"Link no Texto\" data-track-links=\"\">Em 2018 o ex-jogador foi para o regime semiaberto e atualmente, est\u00e1 cumprindo a pena em liberdade condicional.<\/p>\n<\/div>\n<\/div>\n<div id=\"chunk-7thu0\">\n<p class=\"content-text__container\">\n<div class=\"mc-column content-text active-extra-styles\" data-block-type=\"raw\" data-block-weight=\"4\" data-block-id=\"16\">\n<div class=\"content-intertitle\">\n<h2>Crime chocou o Brasil<\/h2>\n<p>&nbsp;<\/p>\n<\/div>\n<p>&nbsp;<\/p>\n<\/div>\n<\/div>\n<div id=\"chunk-cm8p7\">\n<div class=\"mc-column content-text active-extra-styles \" data-block-type=\"unstyled\" data-block-weight=\"64\" data-block-id=\"17\">\n<p class=\"content-text__container \" data-track-category=\"Link no Texto\" data-track-links=\"\">Eliza Samudio desapareceu em 2010, e seu corpo nunca foi achado. Ela tinha 25 anos e era m\u00e3e do filho rec\u00e9m-nascido do goleiro Bruno. Na \u00e9poca, o jogador era titular do Flamengo e n\u00e3o reconhecia a paternidade. Apenas em 12 de julho de 2012, ap\u00f3s senten\u00e7a publicada pela Justi\u00e7a do Rio, Bruno se tornou legalmente pai da crian\u00e7a.<\/p>\n<p data-track-category=\"Link no Texto\" data-track-links=\"\">\n<\/div>\n<\/div>\n<\/div>\n<div id=\"chunk-eenm3\">\n<div class=\"content-ads content-ads--reveal\" data-block-type=\"ads\" data-block-id=\"19\"><\/div>\n<\/div>\n<div id=\"chunk-lfqs\">\n<div class=\"mc-column content-text active-extra-styles \" data-block-type=\"unstyled\" data-block-weight=\"45\" data-block-id=\"20\">\n<p class=\"content-text__container \" data-track-category=\"Link no Texto\" data-track-links=\"\">Bruno foi condenado pelo homic\u00eddio triplamente qualificado de Eliza Samudio e pelo sequestro e c\u00e1rcere privado de seu filho com a v\u00edtima. O goleiro tamb\u00e9m havia sido condenado por oculta\u00e7\u00e3o de cad\u00e1ver, mas esta pena foi extinta, porque a Justi\u00e7a entendeu que o crime prescreveu.<\/p>\n<p data-track-category=\"Link no Texto\" data-track-links=\"\">\n<\/div>\n<\/div>\n<div id=\"chunk-8a24m\">\n<div class=\"mc-column content-text active-extra-styles \" data-block-type=\"unstyled\" data-block-weight=\"20\" data-block-id=\"21\">\n<p class=\"content-text__container \" data-track-category=\"Link no Texto\" data-track-links=\"\">Ap\u00f3s mais de dez anos da morte da filha, S\u00f4nia Moura, ainda tem esperan\u00e7as de achar o corpo da filha.<\/p>\n<p data-track-category=\"Link no Texto\" data-track-links=\"\">\n<p data-track-category=\"Link no Texto\" data-track-links=\"\">Por Jos\u00e9 C\u00e2mara, g1 MS<\/p>\n<\/div>\n<\/div>\n","protected":false},"excerpt":{"rendered":"<p>S\u00f4nia Moura, m\u00e3e de Eliza Samudio, fez um apelo nas redes sociais e pediu para que a carreira de Bruninho como goleiro seja ligada apenas \u00e0 imagem da m\u00e3e, que morreu em junho de 2010. O menino, de 13 anos, \u00e9 filho de Eliza e do ex-goleiro Bruno. A av\u00f3 de Bruninho foi \u00e0s redes [&hellip;]<\/p>\n","protected":false},"author":5,"featured_media":252179,"comment_status":"closed","ping_status":"closed","sticky":false,"template":"","format":"standard","meta":{"footnotes":""},"categories":[31],"tags":[],"class_list":["post-252178","post","type-post","status-publish","format-standard","has-post-thumbnail","hentry","category-geral"],"_links":{"self":[{"href":"https:\/\/www.ocorreionews.com.br\/acervo-correio\/index.php?rest_route=\/wp\/v2\/posts\/252178","targetHints":{"allow":["GET"]}}],"collection":[{"href":"https:\/\/www.ocorreionews.com.br\/acervo-correio\/index.php?rest_route=\/wp\/v2\/posts"}],"about":[{"href":"https:\/\/www.ocorreionews.com.br\/acervo-correio\/index.php?rest_route=\/wp\/v2\/types\/post"}],"author":[{"embeddable":true,"href":"https:\/\/www.ocorreionews.com.br\/acervo-correio\/index.php?rest_route=\/wp\/v2\/users\/5"}],"replies":[{"embeddable":true,"href":"https:\/\/www.ocorreionews.com.br\/acervo-correio\/index.php?rest_route=%2Fwp%2Fv2%2Fcomments&post=252178"}],"version-history":[{"count":1,"href":"https:\/\/www.ocorreionews.com.br\/acervo-correio\/index.php?rest_route=\/wp\/v2\/posts\/252178\/revisions"}],"predecessor-version":[{"id":252180,"href":"https:\/\/www.ocorreionews.com.br\/acervo-correio\/index.php?rest_route=\/wp\/v2\/posts\/252178\/revisions\/252180"}],"wp:featuredmedia":[{"embeddable":true,"href":"https:\/\/www.ocorreionews.com.br\/acervo-correio\/index.php?rest_route=\/wp\/v2\/media\/252179"}],"wp:attachment":[{"href":"https:\/\/www.ocorreionews.com.br\/acervo-correio\/index.php?rest_route=%2Fwp%2Fv2%2Fmedia&parent=252178"}],"wp:term":[{"taxonomy":"category","embeddable":true,"href":"https:\/\/www.ocorreionews.com.br\/acervo-correio\/index.php?rest_route=%2Fwp%2Fv2%2Fcategories&post=252178"},{"taxonomy":"post_tag","embeddable":true,"href":"https:\/\/www.ocorreionews.com.br\/acervo-correio\/index.php?rest_route=%2Fwp%2Fv2%2Ftags&post=252178"}],"curies":[{"name":"wp","href":"https:\/\/api.w.org\/{rel}","templated":true}]}}