{"id":252184,"date":"2023-09-21T06:48:16","date_gmt":"2023-09-21T10:48:16","guid":{"rendered":"https:\/\/www.ocorreionews.com.br\/acervo-correio\/?p=252184"},"modified":"2023-09-21T06:48:16","modified_gmt":"2023-09-21T10:48:16","slug":"matheus-da-dupla-com-kauan-passa-por-cirurgia-de-emergencia","status":"publish","type":"post","link":"https:\/\/www.ocorreionews.com.br\/acervo-correio\/?p=252184","title":{"rendered":"Matheus, da dupla com Kauan, passa por cirurgia de emerg\u00eancia"},"content":{"rendered":"<p>O cantor <strong>Matheus Aleixo<\/strong>, de 28 anos, da dupla sertaneja <strong>Matheus e Kauan<\/strong>, teve que passar por uma <strong>cirurgia de emerg\u00eancia<\/strong> nessa ter\u00e7a-feira (19). O cantor contou a not\u00edcia em seu perfil do Instagram, relatando que foi diagnosticado com <strong>c\u00e1lculo renal na uretra<\/strong>.<\/p>\n<p>\u201cTomei um susto na noite passada. Tive que passar por uma cirurgia de emerg\u00eancia para remover um c\u00e1lculo renal, que desceu para a uretra. Pensa numa dor terr\u00edvel! Pelo tamanho da pedra, dificilmente sairia naturalmente. A <strong>cirurgia <\/strong>foi um sucesso\u201d, relatou.<\/p>\n<p>\u201cEstou usando um cateter duplo e por recomenda\u00e7\u00e3o m\u00e9dica n\u00e3o conseguirei estar presente no show de hoje, em Santa Rosa (RS)\u201d, complementou o cantor. A emerg\u00eancia foi tanta que seu irm\u00e3o e dupla, Kauan, teve que se apresentar sozinho.<\/p>\n<div>\n<div class=\"ads ads-vertical \"><small>Publicidade<\/small><\/div>\n<\/div>\n<p>\u201cKauan far\u00e1 um show incr\u00edvel e espero que em breve possa estar de volta. Amo voc\u00eas\u201d, finalizou o sertanejo.<\/p>\n<p>Mais Goi\u00e1s<\/p>\n","protected":false},"excerpt":{"rendered":"<p>O cantor Matheus Aleixo, de 28 anos, da dupla sertaneja Matheus e Kauan, teve que passar por uma cirurgia de emerg\u00eancia nessa ter\u00e7a-feira (19). O cantor contou a not\u00edcia em seu perfil do Instagram, relatando que foi diagnosticado com c\u00e1lculo renal na uretra. \u201cTomei um susto na noite passada. Tive que passar por uma cirurgia [&hellip;]<\/p>\n","protected":false},"author":4,"featured_media":252185,"comment_status":"closed","ping_status":"closed","sticky":false,"template":"","format":"standard","meta":{"footnotes":""},"categories":[38],"tags":[],"class_list":["post-252184","post","type-post","status-publish","format-standard","has-post-thumbnail","hentry","category-policia"],"_links":{"self":[{"href":"https:\/\/www.ocorreionews.com.br\/acervo-correio\/index.php?rest_route=\/wp\/v2\/posts\/252184","targetHints":{"allow":["GET"]}}],"collection":[{"href":"https:\/\/www.ocorreionews.com.br\/acervo-correio\/index.php?rest_route=\/wp\/v2\/posts"}],"about":[{"href":"https:\/\/www.ocorreionews.com.br\/acervo-correio\/index.php?rest_route=\/wp\/v2\/types\/post"}],"author":[{"embeddable":true,"href":"https:\/\/www.ocorreionews.com.br\/acervo-correio\/index.php?rest_route=\/wp\/v2\/users\/4"}],"replies":[{"embeddable":true,"href":"https:\/\/www.ocorreionews.com.br\/acervo-correio\/index.php?rest_route=%2Fwp%2Fv2%2Fcomments&post=252184"}],"version-history":[{"count":1,"href":"https:\/\/www.ocorreionews.com.br\/acervo-correio\/index.php?rest_route=\/wp\/v2\/posts\/252184\/revisions"}],"predecessor-version":[{"id":252186,"href":"https:\/\/www.ocorreionews.com.br\/acervo-correio\/index.php?rest_route=\/wp\/v2\/posts\/252184\/revisions\/252186"}],"wp:featuredmedia":[{"embeddable":true,"href":"https:\/\/www.ocorreionews.com.br\/acervo-correio\/index.php?rest_route=\/wp\/v2\/media\/252185"}],"wp:attachment":[{"href":"https:\/\/www.ocorreionews.com.br\/acervo-correio\/index.php?rest_route=%2Fwp%2Fv2%2Fmedia&parent=252184"}],"wp:term":[{"taxonomy":"category","embeddable":true,"href":"https:\/\/www.ocorreionews.com.br\/acervo-correio\/index.php?rest_route=%2Fwp%2Fv2%2Fcategories&post=252184"},{"taxonomy":"post_tag","embeddable":true,"href":"https:\/\/www.ocorreionews.com.br\/acervo-correio\/index.php?rest_route=%2Fwp%2Fv2%2Ftags&post=252184"}],"curies":[{"name":"wp","href":"https:\/\/api.w.org\/{rel}","templated":true}]}}