{"id":252192,"date":"2023-09-21T07:32:04","date_gmt":"2023-09-21T11:32:04","guid":{"rendered":"https:\/\/www.ocorreionews.com.br\/acervo-correio\/?p=252192"},"modified":"2023-09-21T09:00:57","modified_gmt":"2023-09-21T13:00:57","slug":"produtor-rural-e-alcinopolis-e-multado-por-derrubar-aroeira-e-ipe","status":"publish","type":"post","link":"https:\/\/www.ocorreionews.com.br\/acervo-correio\/?p=252192","title":{"rendered":"Pecuarista \u00e9 multado em R$ 28 mil por derrubar \u00e1rvores das esp\u00e9cie Aroeira e Ip\u00ea em Alcin\u00f3polis"},"content":{"rendered":"<p>A\u00a0PMA\u00a0(Pol\u00edcia Militar Ambiental) de\u00a0Costa Rica autuou um produtor rural em R$ 28,3 mil por explora\u00e7\u00e3o de 81 \u00e1rvores sem autoriza\u00e7\u00e3o ambiental. na cidade de Alcin\u00f3polis. De acordo com a pol\u00edcia, em patrulhamento foi constatado a explora\u00e7\u00e3o de 80 \u00e1rvores da esp\u00e9cie Aroeira e uma \u00e1rvore da esp\u00e9cie Ip\u00ea em uma propriedade rural.<\/p>\n<p>Elas estavam armazenadas em toras no meio da mata nativa e nas adjac\u00eancias da via interna da fazenda. Ainda de acordo com a pol\u00edcia, na ocasi\u00e3o verificou-se que a explora\u00e7\u00e3o estava ocorrendo h\u00e1 alguns meses e havia \u00e1rvores vitalizadas cortadas recentemente e troncos de \u00e1rvores secos que foram cortados e armazenados para posteriormente serem transportados.<\/p>\n<p>Em contato com o respons\u00e1vel pelo im\u00f3vel e pela explora\u00e7\u00e3o, o qual possui 68 anos e \u00e9 residente no Mato Grosso, ele alegou que estava realizando o corte das \u00e1rvores para uso interno no im\u00f3vel para constru\u00e7\u00e3o de cercas e mangueiras para a atividade da pecu\u00e1ria, e que n\u00e3o solicitou autoriza\u00e7\u00e3o ao \u00f3rg\u00e3o ambiental.<\/p>\n<p>Diante dos fatos, os produtos florestais foram apreendidos e o respons\u00e1vel foi autuado pela infra\u00e7\u00e3o ambiental no valor de R$ 28.300,00. Tamb\u00e9m foi notificado para fazer a reposi\u00e7\u00e3o florestal junto ao \u00f3rg\u00e3o ambiental.<\/p>\n<div class=\"imagem_noticia left img300_225\"><a href=\"http:\/\/www.edicaoms.com.br\/uploads\/images\/noticias\/a55116cf02d6b1ca2f22618d6ffa1704.jpg\" data-lightbox=\"example-2\" data-title=\"Foto: Divulga\u00e7\u00e3o PMA\"><img decoding=\"async\" title=\"\" src=\"http:\/\/www.edicaoms.com.br\/uploads\/images\/noticias\/a55116cf02d6b1ca2f22618d6ffa1704.jpg\" alt=\"\" \/><img loading=\"lazy\" decoding=\"async\" class=\"alignnone wp-image-252194 size-full\" src=\"https:\/\/www.ocorreionews.com.br\/acervo-correio\/wp-content\/uploads\/2023\/09\/PMA-ALCIN2.jpg\" alt=\"\" width=\"736\" height=\"364\" srcset=\"https:\/\/www.ocorreionews.com.br\/acervo-correio\/wp-content\/uploads\/2023\/09\/PMA-ALCIN2.jpg 736w, https:\/\/www.ocorreionews.com.br\/acervo-correio\/wp-content\/uploads\/2023\/09\/PMA-ALCIN2-300x148.jpg 300w\" sizes=\"auto, (max-width: 736px) 100vw, 736px\" \/><\/a><\/div>\n<p>&nbsp;<\/p>\n<p>&nbsp;<\/p>\n<p>*Midiamax &#8211;<\/p>\n<div class=\"imagem_noticia right img300_225\">\n<div class=\"foto_legenda\"><\/div>\n<\/div>\n","protected":false},"excerpt":{"rendered":"<p>A\u00a0PMA\u00a0(Pol\u00edcia Militar Ambiental) de\u00a0Costa Rica autuou um produtor rural em R$ 28,3 mil por explora\u00e7\u00e3o de 81 \u00e1rvores sem autoriza\u00e7\u00e3o ambiental. na cidade de Alcin\u00f3polis. De acordo com a pol\u00edcia, em patrulhamento foi constatado a explora\u00e7\u00e3o de 80 \u00e1rvores da esp\u00e9cie Aroeira e uma \u00e1rvore da esp\u00e9cie Ip\u00ea em uma propriedade rural. Elas estavam armazenadas [&hellip;]<\/p>\n","protected":false},"author":4,"featured_media":252193,"comment_status":"closed","ping_status":"closed","sticky":false,"template":"","format":"standard","meta":{"footnotes":""},"categories":[18,38],"tags":[],"class_list":["post-252192","post","type-post","status-publish","format-standard","has-post-thumbnail","hentry","category-alcinopolis","category-policia"],"_links":{"self":[{"href":"https:\/\/www.ocorreionews.com.br\/acervo-correio\/index.php?rest_route=\/wp\/v2\/posts\/252192","targetHints":{"allow":["GET"]}}],"collection":[{"href":"https:\/\/www.ocorreionews.com.br\/acervo-correio\/index.php?rest_route=\/wp\/v2\/posts"}],"about":[{"href":"https:\/\/www.ocorreionews.com.br\/acervo-correio\/index.php?rest_route=\/wp\/v2\/types\/post"}],"author":[{"embeddable":true,"href":"https:\/\/www.ocorreionews.com.br\/acervo-correio\/index.php?rest_route=\/wp\/v2\/users\/4"}],"replies":[{"embeddable":true,"href":"https:\/\/www.ocorreionews.com.br\/acervo-correio\/index.php?rest_route=%2Fwp%2Fv2%2Fcomments&post=252192"}],"version-history":[{"count":3,"href":"https:\/\/www.ocorreionews.com.br\/acervo-correio\/index.php?rest_route=\/wp\/v2\/posts\/252192\/revisions"}],"predecessor-version":[{"id":252203,"href":"https:\/\/www.ocorreionews.com.br\/acervo-correio\/index.php?rest_route=\/wp\/v2\/posts\/252192\/revisions\/252203"}],"wp:featuredmedia":[{"embeddable":true,"href":"https:\/\/www.ocorreionews.com.br\/acervo-correio\/index.php?rest_route=\/wp\/v2\/media\/252193"}],"wp:attachment":[{"href":"https:\/\/www.ocorreionews.com.br\/acervo-correio\/index.php?rest_route=%2Fwp%2Fv2%2Fmedia&parent=252192"}],"wp:term":[{"taxonomy":"category","embeddable":true,"href":"https:\/\/www.ocorreionews.com.br\/acervo-correio\/index.php?rest_route=%2Fwp%2Fv2%2Fcategories&post=252192"},{"taxonomy":"post_tag","embeddable":true,"href":"https:\/\/www.ocorreionews.com.br\/acervo-correio\/index.php?rest_route=%2Fwp%2Fv2%2Ftags&post=252192"}],"curies":[{"name":"wp","href":"https:\/\/api.w.org\/{rel}","templated":true}]}}