{"id":252199,"date":"2023-09-21T08:45:49","date_gmt":"2023-09-21T12:45:49","guid":{"rendered":"https:\/\/www.ocorreionews.com.br\/acervo-correio\/?p=252199"},"modified":"2023-09-21T08:45:50","modified_gmt":"2023-09-21T12:45:50","slug":"homem-toma-injecao-para-dor-nas-partes-intimas-e-morre-em-posto-de-saude","status":"publish","type":"post","link":"https:\/\/www.ocorreionews.com.br\/acervo-correio\/?p=252199","title":{"rendered":"Homem toma inje\u00e7\u00e3o para dor nas partes \u00edntimas e morre em posto de sa\u00fade"},"content":{"rendered":"<p>Homem de 56 anos morreu na tarde desta quarta-feira (20), depois de tomar duas inje\u00e7\u00f5es para dor nas partes \u00edntimas, no posto de sa\u00fade do Jardim Alegrete, em Ponta Por\u00e3, distante 313 quil\u00f4metros de Campo Grande.<\/p>\n<p>De acordo com o boletim de ocorr\u00eancia, a filha da v\u00edtima procurou a delegacia para registrar a morte do pai. A mulher disse que o homem foi atendido no posto de sa\u00fade ap\u00f3s sentir dor na regi\u00e3o genital.<\/p>\n<p>Durante a consulta, o homem foi medicado pelos enfermeiros do posto. Ele tomou duas inje\u00e7\u00f5es para dor e na sequ\u00eancia o estado de sa\u00fade piorou. A v\u00edtima morreu minutos depois.<\/p>\n<p>A filha do homem questionou o m\u00e9dico assistente sobre o motivo da morte, mas n\u00e3o teve muitas explica\u00e7\u00f5es. O profissional, segundo a mulher, se limitou a dizer que havia prescrito uma medica\u00e7\u00e3o para dor.<\/p>\n<p>O medicamento aplicado no homem n\u00e3o foi informado para sua filha. A mulher disse desconfiar de erro m\u00e9dico e por isso procurou a delegacia para fazer a den\u00fancia.<\/p>\n<p>A mulher informou tamb\u00e9m que o homem era alco\u00f3latra e tinha problema de cora\u00e7\u00e3o. H\u00e1 uma semana ele estava internado devido a um infarto.<\/p>\n<p>O caso foi registrado como morte a esclarecer na 1\u00aa Delegacia de Pol\u00edcia Civil de Ponta Por\u00e3.<\/p>\n<p>De acordo com o secret\u00e1rio de Sa\u00fade municipal de Ponta Por\u00e3, o paciente tinha comorbidades, teve uma parada cardiorrespirat\u00f3ria na unidade de sa\u00fade, foi feita a manobra de reanima\u00e7\u00e3o, o Samu (Servi\u00e7o de Atendimento M\u00f3vel de Urg\u00eancia) foi acionado, mas o homem morreu. A inje\u00e7\u00e3o aplicada no homem foi a benzetacil.<\/p>\n<p>&#8220;N\u00e3o atribu\u00edmos esse \u00f3bito a inje\u00e7\u00e3o aplicada nele. Ele foi encaminhado para o servi\u00e7o de verifica\u00e7\u00e3o de \u00f3bito, junto ao IML para descobrir a causa do \u00f3bito. Ele tomou benzetacil devido a um quadro infeccioso, a princ\u00edpio morte natural por conta das comorbidades e problema hep\u00e1tico.&#8221;<\/p>\n<p>Por Bruna Marques &#8211; Campo Grande News<\/p>\n","protected":false},"excerpt":{"rendered":"<p>Homem de 56 anos morreu na tarde desta quarta-feira (20), depois de tomar duas inje\u00e7\u00f5es para dor nas partes \u00edntimas, no posto de sa\u00fade do Jardim Alegrete, em Ponta Por\u00e3, distante 313 quil\u00f4metros de Campo Grande. De acordo com o boletim de ocorr\u00eancia, a filha da v\u00edtima procurou a delegacia para registrar a morte do [&hellip;]<\/p>\n","protected":false},"author":5,"featured_media":252200,"comment_status":"closed","ping_status":"closed","sticky":false,"template":"","format":"standard","meta":{"footnotes":""},"categories":[38],"tags":[],"class_list":["post-252199","post","type-post","status-publish","format-standard","has-post-thumbnail","hentry","category-policia"],"_links":{"self":[{"href":"https:\/\/www.ocorreionews.com.br\/acervo-correio\/index.php?rest_route=\/wp\/v2\/posts\/252199","targetHints":{"allow":["GET"]}}],"collection":[{"href":"https:\/\/www.ocorreionews.com.br\/acervo-correio\/index.php?rest_route=\/wp\/v2\/posts"}],"about":[{"href":"https:\/\/www.ocorreionews.com.br\/acervo-correio\/index.php?rest_route=\/wp\/v2\/types\/post"}],"author":[{"embeddable":true,"href":"https:\/\/www.ocorreionews.com.br\/acervo-correio\/index.php?rest_route=\/wp\/v2\/users\/5"}],"replies":[{"embeddable":true,"href":"https:\/\/www.ocorreionews.com.br\/acervo-correio\/index.php?rest_route=%2Fwp%2Fv2%2Fcomments&post=252199"}],"version-history":[{"count":1,"href":"https:\/\/www.ocorreionews.com.br\/acervo-correio\/index.php?rest_route=\/wp\/v2\/posts\/252199\/revisions"}],"predecessor-version":[{"id":252201,"href":"https:\/\/www.ocorreionews.com.br\/acervo-correio\/index.php?rest_route=\/wp\/v2\/posts\/252199\/revisions\/252201"}],"wp:featuredmedia":[{"embeddable":true,"href":"https:\/\/www.ocorreionews.com.br\/acervo-correio\/index.php?rest_route=\/wp\/v2\/media\/252200"}],"wp:attachment":[{"href":"https:\/\/www.ocorreionews.com.br\/acervo-correio\/index.php?rest_route=%2Fwp%2Fv2%2Fmedia&parent=252199"}],"wp:term":[{"taxonomy":"category","embeddable":true,"href":"https:\/\/www.ocorreionews.com.br\/acervo-correio\/index.php?rest_route=%2Fwp%2Fv2%2Fcategories&post=252199"},{"taxonomy":"post_tag","embeddable":true,"href":"https:\/\/www.ocorreionews.com.br\/acervo-correio\/index.php?rest_route=%2Fwp%2Fv2%2Ftags&post=252199"}],"curies":[{"name":"wp","href":"https:\/\/api.w.org\/{rel}","templated":true}]}}