{"id":25220,"date":"2016-04-13T13:34:53","date_gmt":"2016-04-13T17:34:53","guid":{"rendered":"https:\/\/ocorreionews.com.br\/?p=25220"},"modified":"2016-04-13T13:34:53","modified_gmt":"2016-04-13T17:34:53","slug":"contra-moda-alucinogena-projeto-quer-proibir-comercio-de-buzina-a-gas","status":"publish","type":"post","link":"https:\/\/www.ocorreionews.com.br\/acervo-correio\/?p=25220","title":{"rendered":"Contra \u201cmoda\u201d alucin\u00f3gena, projeto quer proibir com\u00e9rcio de buzina a g\u00e1s"},"content":{"rendered":"<div class=\"bloco_texto_span\">\n<p>Projeto de lei que tramita na Assembleia Legislativa quer proibir a fabrica\u00e7\u00e3o, comercializa\u00e7\u00e3o, distribui\u00e7\u00e3o e uso da buzina de press\u00e3o \u00e0 base de g\u00e1s propanobutano, envasado em tubo de aerosol, em Mato Grosso do Sul. A proposta prev\u00ea muta de at\u00e9 R$ 2.335, que corresponde a 100 Uferms (Unidade Fiscal Estadual de Refer\u00eancia de Mato Grosso do Sul)<\/p>\n<p>Na semana passada, reportagem do <strong>Campo Grande News<\/strong> mostrou que o conte\u00fado da buzina, aparentemente inofensivo, \u00e9 composto pela mistura dos gases butano (70%) e propano (30%), mesma composi\u00e7\u00e3o \u00e9 encontrada, em dosagens distintas, em botij\u00f5es, isqueiros, aparelhos de ar condicionados e geladeiras. O produto est\u00e1 sendo usado, com maior frequ\u00eancia, por jovens como alucin\u00f3geno e o risco de morte \u00e9 real. Neste ano, o g\u00e1s de buzina j\u00e1 matou duas pessoas no Brasil.<\/p>\n<p>Com custo inferior a R$ 20, o frasco pode ser comprado por qualquer pessoa, sem restri\u00e7\u00f5es. Ontem, os deputados estaduais Mara Caseiro (PSDB) e Paulo Corr\u00eaa (PR) apresentaram o projeto que prev\u00ea proibi\u00e7\u00e3o.<\/p>\n<p>Conforme o site de not\u00edcias da Assembleia, os deputados afirmam que \u201co objetivo desta proposta \u00e9 proteger a popula\u00e7\u00e3o contra amea\u00e7as \u00e0 sa\u00fade causadas pelas buzinas de press\u00e3o, pois estas produzem um intenso ru\u00eddo que pode trazer danos ao aparelho auditivo; os gases contidos em seu interior, se inalados, causam excita\u00e7\u00e3o psicomotora e desorienta\u00e7\u00e3o espacial, al\u00e9m de dano hep\u00e1tico e \u00e0 medula \u00f3ssea\u201d.<\/p>\n<p>O projeto prev\u00ea as seguintes penalidades: advert\u00eancia por escrito, multa de 100 Uferms, suspens\u00e3o das atividades do estabelecimento por at\u00e9 trinta dias e cassa\u00e7\u00e3o da licen\u00e7a de funcionamento. Em caso de reincid\u00eancia, a multa ser\u00e1 aplicada em dobro. Todos os recipientes encontrados dever\u00e3o ser apreendidos e inutilizados.<\/p>\n<\/div>\n<p>&nbsp;<\/p>\n<h6><em><strong>CG NEWS<\/strong><\/em><\/h6>\n","protected":false},"excerpt":{"rendered":"<p>Projeto de lei que tramita na Assembleia Legislativa quer proibir a fabrica\u00e7\u00e3o, comercializa\u00e7\u00e3o, distribui\u00e7\u00e3o e uso da buzina de press\u00e3o \u00e0 base de g\u00e1s propanobutano, envasado em tubo de aerosol, em Mato Grosso do Sul. A proposta prev\u00ea muta de at\u00e9 R$ 2.335, que corresponde a 100 Uferms (Unidade Fiscal Estadual de Refer\u00eancia de Mato [&hellip;]<\/p>\n","protected":false},"author":4,"featured_media":25221,"comment_status":"closed","ping_status":"closed","sticky":false,"template":"","format":"standard","meta":{"footnotes":""},"categories":[31],"tags":[],"class_list":["post-25220","post","type-post","status-publish","format-standard","has-post-thumbnail","hentry","category-geral"],"_links":{"self":[{"href":"https:\/\/www.ocorreionews.com.br\/acervo-correio\/index.php?rest_route=\/wp\/v2\/posts\/25220","targetHints":{"allow":["GET"]}}],"collection":[{"href":"https:\/\/www.ocorreionews.com.br\/acervo-correio\/index.php?rest_route=\/wp\/v2\/posts"}],"about":[{"href":"https:\/\/www.ocorreionews.com.br\/acervo-correio\/index.php?rest_route=\/wp\/v2\/types\/post"}],"author":[{"embeddable":true,"href":"https:\/\/www.ocorreionews.com.br\/acervo-correio\/index.php?rest_route=\/wp\/v2\/users\/4"}],"replies":[{"embeddable":true,"href":"https:\/\/www.ocorreionews.com.br\/acervo-correio\/index.php?rest_route=%2Fwp%2Fv2%2Fcomments&post=25220"}],"version-history":[{"count":0,"href":"https:\/\/www.ocorreionews.com.br\/acervo-correio\/index.php?rest_route=\/wp\/v2\/posts\/25220\/revisions"}],"wp:featuredmedia":[{"embeddable":true,"href":"https:\/\/www.ocorreionews.com.br\/acervo-correio\/index.php?rest_route=\/wp\/v2\/media\/25221"}],"wp:attachment":[{"href":"https:\/\/www.ocorreionews.com.br\/acervo-correio\/index.php?rest_route=%2Fwp%2Fv2%2Fmedia&parent=25220"}],"wp:term":[{"taxonomy":"category","embeddable":true,"href":"https:\/\/www.ocorreionews.com.br\/acervo-correio\/index.php?rest_route=%2Fwp%2Fv2%2Fcategories&post=25220"},{"taxonomy":"post_tag","embeddable":true,"href":"https:\/\/www.ocorreionews.com.br\/acervo-correio\/index.php?rest_route=%2Fwp%2Fv2%2Ftags&post=25220"}],"curies":[{"name":"wp","href":"https:\/\/api.w.org\/{rel}","templated":true}]}}