{"id":252202,"date":"2023-09-21T09:14:23","date_gmt":"2023-09-21T13:14:23","guid":{"rendered":"https:\/\/www.ocorreionews.com.br\/acervo-correio\/?p=252202"},"modified":"2023-09-21T09:14:23","modified_gmt":"2023-09-21T13:14:23","slug":"figueirao-sedia-neste-final-de-semana-a-7a-etapa-do-campeonato-estadual-sul-mato-grossense-de-motocross-2023","status":"publish","type":"post","link":"https:\/\/www.ocorreionews.com.br\/acervo-correio\/?p=252202","title":{"rendered":"Figueir\u00e3o sedia neste final de semana a 7\u00aa Etapa do Campeonato Estadual Sul-Mato-Grossense de Motocross 2023"},"content":{"rendered":"<p>Dando a largada na programa\u00e7\u00e3o das festividades do 20\u00ba anivers\u00e1rio de Figueir\u00e3o, acontece neste final de semana (23 e 24 de setembro) a 7\u00aa Etapa do Campeonato Estadual Sul-Mato-Grossense de Motocross 2023.<\/p>\n<p>O evento, que tem organiza\u00e7\u00e3o e realiza\u00e7\u00e3o da FEMEMS (Federa\u00e7\u00e3o de Motociclismo de Mato Grosso do Sul), com apoio da Prefeitura Municipal, ser\u00e1 realizado pela terceira vez em Figueir\u00e3o.<\/p>\n<p>Dia 23 treinos e reconhecimento de pista e dia 24 a corrida oficial.<\/p>\n<p>A 7\u00aa Etapa acontecer\u00e1 na sede do SINSEM \u2013 FIG, na fazenda C\u00f3rrego do Mato, cerca de 1,3 km da cidade.<\/p>\n<p>Considerado um esporte radical, o Motocross costuma reunir grande p\u00fablico em todas as suas etapas.<\/p>\n<p><img decoding=\"async\" src=\"https:\/\/www.figueirao.ms.gov.br\/wp-content\/uploads\/2023\/09\/MOTOCROSS-1.jpg.webp\" alt=\"https:\/\/www.figueirao.ms.gov.br\/wp-content\/uploads\/2023\/09\/MOTOCROSS-1.jpg.webp\" \/><\/p>\n","protected":false},"excerpt":{"rendered":"<p>Dando a largada na programa\u00e7\u00e3o das festividades do 20\u00ba anivers\u00e1rio de Figueir\u00e3o, acontece neste final de semana (23 e 24 de setembro) a 7\u00aa Etapa do Campeonato Estadual Sul-Mato-Grossense de Motocross 2023. O evento, que tem organiza\u00e7\u00e3o e realiza\u00e7\u00e3o da FEMEMS (Federa\u00e7\u00e3o de Motociclismo de Mato Grosso do Sul), com apoio da Prefeitura Municipal, ser\u00e1 [&hellip;]<\/p>\n","protected":false},"author":5,"featured_media":216906,"comment_status":"closed","ping_status":"closed","sticky":false,"template":"","format":"standard","meta":{"footnotes":""},"categories":[30],"tags":[],"class_list":["post-252202","post","type-post","status-publish","format-standard","has-post-thumbnail","hentry","category-figueirao"],"_links":{"self":[{"href":"https:\/\/www.ocorreionews.com.br\/acervo-correio\/index.php?rest_route=\/wp\/v2\/posts\/252202","targetHints":{"allow":["GET"]}}],"collection":[{"href":"https:\/\/www.ocorreionews.com.br\/acervo-correio\/index.php?rest_route=\/wp\/v2\/posts"}],"about":[{"href":"https:\/\/www.ocorreionews.com.br\/acervo-correio\/index.php?rest_route=\/wp\/v2\/types\/post"}],"author":[{"embeddable":true,"href":"https:\/\/www.ocorreionews.com.br\/acervo-correio\/index.php?rest_route=\/wp\/v2\/users\/5"}],"replies":[{"embeddable":true,"href":"https:\/\/www.ocorreionews.com.br\/acervo-correio\/index.php?rest_route=%2Fwp%2Fv2%2Fcomments&post=252202"}],"version-history":[{"count":1,"href":"https:\/\/www.ocorreionews.com.br\/acervo-correio\/index.php?rest_route=\/wp\/v2\/posts\/252202\/revisions"}],"predecessor-version":[{"id":252206,"href":"https:\/\/www.ocorreionews.com.br\/acervo-correio\/index.php?rest_route=\/wp\/v2\/posts\/252202\/revisions\/252206"}],"wp:featuredmedia":[{"embeddable":true,"href":"https:\/\/www.ocorreionews.com.br\/acervo-correio\/index.php?rest_route=\/wp\/v2\/media\/216906"}],"wp:attachment":[{"href":"https:\/\/www.ocorreionews.com.br\/acervo-correio\/index.php?rest_route=%2Fwp%2Fv2%2Fmedia&parent=252202"}],"wp:term":[{"taxonomy":"category","embeddable":true,"href":"https:\/\/www.ocorreionews.com.br\/acervo-correio\/index.php?rest_route=%2Fwp%2Fv2%2Fcategories&post=252202"},{"taxonomy":"post_tag","embeddable":true,"href":"https:\/\/www.ocorreionews.com.br\/acervo-correio\/index.php?rest_route=%2Fwp%2Fv2%2Ftags&post=252202"}],"curies":[{"name":"wp","href":"https:\/\/api.w.org\/{rel}","templated":true}]}}