{"id":252208,"date":"2023-09-21T09:30:36","date_gmt":"2023-09-21T13:30:36","guid":{"rendered":"https:\/\/www.ocorreionews.com.br\/acervo-correio\/?p=252208"},"modified":"2023-09-21T09:30:36","modified_gmt":"2023-09-21T13:30:36","slug":"ciclista-fica-ferido-ao-atravessar-avenida-em-ser-atropelado-por-carro-em-costa-rica","status":"publish","type":"post","link":"https:\/\/www.ocorreionews.com.br\/acervo-correio\/?p=252208","title":{"rendered":"Ciclista fica ferido ao atravessar avenida em ser atropelado por carro em Costa Rica"},"content":{"rendered":"<p>Na manh\u00e3 desta quarta-feira (20), um homem de 48 anos, sofreu graves ferimentos ap\u00f3s atravessar uma avenida com sua bicicleta e ser atropelado por um ve\u00edculo.<\/p>\n<p>Segundo informa\u00e7\u00f5es retiradas do Boletim de Ocorr\u00eancia, por volta das 10h, a Pol\u00edcia Militar de Costa Rica, foi acionada para atender a uma ocorr\u00eancia de sinistro de tr\u00e2nsito, que envolvia um carro e bicicleta na Av. Pantanal.<\/p>\n<p>Chegando ao local o condutor (31 anos) do veiculo VW\/Parati CL, relatou aos militares que trafegava na Av. Pantanal sentido leste\/oeste quando um ciclista em uma bicicleta vermelha atravessou na frente de seu ve\u00edculo, vindo a causar uma colis\u00e3o.<\/p>\n<p>O ciclista sofreu algumas les\u00f5es na cabe\u00e7a e bra\u00e7o esquerdo sendo rapidamente encaminhado socorrido e encaminhado para Funda\u00e7\u00e3o Hospitalar.<\/p>\n<p>Diante dos fatos o condutor do ve\u00edculo foi conduzido at\u00e9 a Delegacia de Pol\u00edcia para realizar a confec\u00e7\u00e3o do B.O.<\/p>\n","protected":false},"excerpt":{"rendered":"<p>Na manh\u00e3 desta quarta-feira (20), um homem de 48 anos, sofreu graves ferimentos ap\u00f3s atravessar uma avenida com sua bicicleta e ser atropelado por um ve\u00edculo. Segundo informa\u00e7\u00f5es retiradas do Boletim de Ocorr\u00eancia, por volta das 10h, a Pol\u00edcia Militar de Costa Rica, foi acionada para atender a uma ocorr\u00eancia de sinistro de tr\u00e2nsito, que [&hellip;]<\/p>\n","protected":false},"author":5,"featured_media":252209,"comment_status":"closed","ping_status":"closed","sticky":false,"template":"","format":"standard","meta":{"footnotes":""},"categories":[25,38],"tags":[],"class_list":["post-252208","post","type-post","status-publish","format-standard","has-post-thumbnail","hentry","category-costa-rica","category-policia"],"_links":{"self":[{"href":"https:\/\/www.ocorreionews.com.br\/acervo-correio\/index.php?rest_route=\/wp\/v2\/posts\/252208","targetHints":{"allow":["GET"]}}],"collection":[{"href":"https:\/\/www.ocorreionews.com.br\/acervo-correio\/index.php?rest_route=\/wp\/v2\/posts"}],"about":[{"href":"https:\/\/www.ocorreionews.com.br\/acervo-correio\/index.php?rest_route=\/wp\/v2\/types\/post"}],"author":[{"embeddable":true,"href":"https:\/\/www.ocorreionews.com.br\/acervo-correio\/index.php?rest_route=\/wp\/v2\/users\/5"}],"replies":[{"embeddable":true,"href":"https:\/\/www.ocorreionews.com.br\/acervo-correio\/index.php?rest_route=%2Fwp%2Fv2%2Fcomments&post=252208"}],"version-history":[{"count":1,"href":"https:\/\/www.ocorreionews.com.br\/acervo-correio\/index.php?rest_route=\/wp\/v2\/posts\/252208\/revisions"}],"predecessor-version":[{"id":252210,"href":"https:\/\/www.ocorreionews.com.br\/acervo-correio\/index.php?rest_route=\/wp\/v2\/posts\/252208\/revisions\/252210"}],"wp:featuredmedia":[{"embeddable":true,"href":"https:\/\/www.ocorreionews.com.br\/acervo-correio\/index.php?rest_route=\/wp\/v2\/media\/252209"}],"wp:attachment":[{"href":"https:\/\/www.ocorreionews.com.br\/acervo-correio\/index.php?rest_route=%2Fwp%2Fv2%2Fmedia&parent=252208"}],"wp:term":[{"taxonomy":"category","embeddable":true,"href":"https:\/\/www.ocorreionews.com.br\/acervo-correio\/index.php?rest_route=%2Fwp%2Fv2%2Fcategories&post=252208"},{"taxonomy":"post_tag","embeddable":true,"href":"https:\/\/www.ocorreionews.com.br\/acervo-correio\/index.php?rest_route=%2Fwp%2Fv2%2Ftags&post=252208"}],"curies":[{"name":"wp","href":"https:\/\/api.w.org\/{rel}","templated":true}]}}