{"id":252211,"date":"2023-09-21T09:57:31","date_gmt":"2023-09-21T13:57:31","guid":{"rendered":"https:\/\/www.ocorreionews.com.br\/acervo-correio\/?p=252211"},"modified":"2023-09-21T09:57:31","modified_gmt":"2023-09-21T13:57:31","slug":"dois-adolescentes-sofrem-fraturas-na-perna-ao-cairem-de-moto-em-costa-rica","status":"publish","type":"post","link":"https:\/\/www.ocorreionews.com.br\/acervo-correio\/?p=252211","title":{"rendered":"Dois adolescentes sofrem fraturas na perna ao ca\u00edrem de moto em Costa Rica"},"content":{"rendered":"<p>No inicio da tarde desta quarta-feira (20), dois adolescente ficaram feridos ap\u00f3s sofrem queda de uma motocicleta na cidade de Costa Rica.<\/p>\n<p>De acordo com informa\u00e7\u00f5es retiradas do Boletim de Ocorr\u00eancia, por volta do 12h, a Pol\u00edcia Militar de Costa Rica foi acionada para atender a uma ocorr\u00eancia de acidente de tr\u00e2nsito uma \u201cqueda de moto\u201d na Av. Ramez Tebet.<\/p>\n<p>Os policiais ao chegarem no local, os adolescente estavam sendo socorridos pelo o Corpo de Bombeiros.<\/p>\n<p>O menor infrator de 17 anos conduzia uma Honda\/Titan 160 de cor cinza e tinha como passageiro o outro menor de 16 anos, eles trafegavam na Av. Ramez Tebet sentido norte\/sul quando pr\u00f3ximo a um condom\u00ednio o menor perdeu o controle de dire\u00e7\u00e3o da motocicleta, vindo a sofrer a queda.<\/p>\n<p>Os menores foram encaminhados a Funda\u00e7\u00e3o Hospitalar com escoria\u00e7\u00f5es \u00a0e fraturas no membros inferiores, sendo o motociclista com uma fratura no f\u00eamur da perna direita e o passageiro na t\u00edbia da perna direita.<\/p>\n<p>Diante do acontecido foi realizado os procedimentos administrativos de tr\u00e2nsito, a motocicleta encaminhada ao p\u00e1tio do Detran.<\/p>\n","protected":false},"excerpt":{"rendered":"<p>No inicio da tarde desta quarta-feira (20), dois adolescente ficaram feridos ap\u00f3s sofrem queda de uma motocicleta na cidade de Costa Rica. De acordo com informa\u00e7\u00f5es retiradas do Boletim de Ocorr\u00eancia, por volta do 12h, a Pol\u00edcia Militar de Costa Rica foi acionada para atender a uma ocorr\u00eancia de acidente de tr\u00e2nsito uma \u201cqueda de [&hellip;]<\/p>\n","protected":false},"author":5,"featured_media":252214,"comment_status":"closed","ping_status":"closed","sticky":false,"template":"","format":"standard","meta":{"footnotes":""},"categories":[25,38],"tags":[],"class_list":["post-252211","post","type-post","status-publish","format-standard","has-post-thumbnail","hentry","category-costa-rica","category-policia"],"_links":{"self":[{"href":"https:\/\/www.ocorreionews.com.br\/acervo-correio\/index.php?rest_route=\/wp\/v2\/posts\/252211","targetHints":{"allow":["GET"]}}],"collection":[{"href":"https:\/\/www.ocorreionews.com.br\/acervo-correio\/index.php?rest_route=\/wp\/v2\/posts"}],"about":[{"href":"https:\/\/www.ocorreionews.com.br\/acervo-correio\/index.php?rest_route=\/wp\/v2\/types\/post"}],"author":[{"embeddable":true,"href":"https:\/\/www.ocorreionews.com.br\/acervo-correio\/index.php?rest_route=\/wp\/v2\/users\/5"}],"replies":[{"embeddable":true,"href":"https:\/\/www.ocorreionews.com.br\/acervo-correio\/index.php?rest_route=%2Fwp%2Fv2%2Fcomments&post=252211"}],"version-history":[{"count":1,"href":"https:\/\/www.ocorreionews.com.br\/acervo-correio\/index.php?rest_route=\/wp\/v2\/posts\/252211\/revisions"}],"predecessor-version":[{"id":252215,"href":"https:\/\/www.ocorreionews.com.br\/acervo-correio\/index.php?rest_route=\/wp\/v2\/posts\/252211\/revisions\/252215"}],"wp:featuredmedia":[{"embeddable":true,"href":"https:\/\/www.ocorreionews.com.br\/acervo-correio\/index.php?rest_route=\/wp\/v2\/media\/252214"}],"wp:attachment":[{"href":"https:\/\/www.ocorreionews.com.br\/acervo-correio\/index.php?rest_route=%2Fwp%2Fv2%2Fmedia&parent=252211"}],"wp:term":[{"taxonomy":"category","embeddable":true,"href":"https:\/\/www.ocorreionews.com.br\/acervo-correio\/index.php?rest_route=%2Fwp%2Fv2%2Fcategories&post=252211"},{"taxonomy":"post_tag","embeddable":true,"href":"https:\/\/www.ocorreionews.com.br\/acervo-correio\/index.php?rest_route=%2Fwp%2Fv2%2Ftags&post=252211"}],"curies":[{"name":"wp","href":"https:\/\/api.w.org\/{rel}","templated":true}]}}