{"id":252217,"date":"2023-09-21T10:51:49","date_gmt":"2023-09-21T14:51:49","guid":{"rendered":"https:\/\/www.ocorreionews.com.br\/acervo-correio\/?p=252217"},"modified":"2023-09-21T10:51:49","modified_gmt":"2023-09-21T14:51:49","slug":"crianca-de-11-anos-e-obrigado-a-trabalhar-para-ter-cama-e-comida-em-fazenda-apos-ser-abandonado-pela-mae","status":"publish","type":"post","link":"https:\/\/www.ocorreionews.com.br\/acervo-correio\/?p=252217","title":{"rendered":"Crian\u00e7a de 11 anos \u00e9 obrigado a trabalhar para ter \u2018cama e comida\u2019 em fazenda ap\u00f3s ser abandonado pela m\u00e3e"},"content":{"rendered":"<p>O Minist\u00e9rio P\u00fablico de Goi\u00e1s (MP-GO) divulgou que um menino de 11 anos era obrigado a fazer trabalhos bra\u00e7ais em troca de cama e comida em uma fazenda de Mara Rosa, no norte de Goi\u00e1s. O \u00f3rg\u00e3o apurou que a crian\u00e7a foi abandonada pela m\u00e3e e determinou a perda da guarda e o acolhimento do menino.<\/p>\n<p>O nome da mulher n\u00e3o foi divulgado, por isso, o g1 n\u00e3o a localizou para um posicionamento at\u00e9 a \u00faltima atualiza\u00e7\u00e3o desta reportagem.<\/p>\n<p>O dono da fazenda, que fica a 70 km da cidade, disse ao Conselho Tutelar que n\u00e3o tem v\u00ednculo familiar com o menino e afirmou que ele foi levado para a propriedade pela m\u00e3e h\u00e1 cerca de quatro meses. O g1 pediu informa\u00e7\u00f5es ao MP-GO sobre o pai do menino, mas n\u00e3o teve retorno at\u00e9 a \u00faltima atualiza\u00e7\u00e3o desta reportagem.<\/p>\n<p>Segundo o MP-GO, a m\u00e3e do menino disse que, quando eles moravam juntos, ele \u201cdava muito trabalho\u201d para estudar e, por isso, o tirou da escola h\u00e1 dois anos. A mulher disse que n\u00e3o tem interesse em retomar os cuidados do filho e o deixou sob cuidados do fazendeiro, conforme apurou o MP.<\/p>\n<p>O menino, que tamb\u00e9m n\u00e3o ia \u00e0 escola, deu respostas confusas e desconexas ao Conselho Tutelar que, segundo o MP-GO, s\u00e3o \u201ct\u00edpicas de v\u00edtimas de situa\u00e7\u00f5es de vulnerabilidade f\u00edsica e social\u201d.<\/p>\n<p>&nbsp;<\/p>\n<p>Menino de 11 anos \u00e9 obrigado a trabalhar para ter \u2018cama e comida\u2019 em fazenda ap\u00f3s ser abandonado pela m\u00e3e, diz MP<\/p>\n<p>MP-GO determinou a suspens\u00e3o da guarda pela m\u00e3e e o acolhimento da crian\u00e7a. Mulher disse que filho &#8216;dava muito trabalho&#8217; e n\u00e3o tem interesse na guarda dele, segundo o \u00f3rg\u00e3o.<\/p>\n<p>Por Michel Gomes, g1 Goi\u00e1s<\/p>\n<p>&nbsp;<\/p>\n<p>21\/09\/2023 07h31 Atualizado h\u00e1 3 horas<\/p>\n<p>&nbsp;<\/p>\n<p>Menino de 11 anos \u00e9 encontrado trabalhando em fazenda<\/p>\n<p>Menino de 11 anos \u00e9 encontrado trabalhando em fazenda<\/p>\n<p>&nbsp;<\/p>\n<p>&nbsp;<\/p>\n<p>O Minist\u00e9rio P\u00fablico de Goi\u00e1s (MP-GO) divulgou que um menino de 11 anos era obrigado a fazer trabalhos bra\u00e7ais em troca de cama e comida em uma fazenda de Mara Rosa, no norte de Goi\u00e1s. O \u00f3rg\u00e3o apurou que a crian\u00e7a foi abandonada pela m\u00e3e e determinou a perda da guarda e o acolhimento do menino.<\/p>\n<p>&nbsp;<\/p>\n<p>Compartilhe no WhatsApp<\/p>\n<p>Compartilhe no Telegram<\/p>\n<p>O nome da mulher n\u00e3o foi divulgado, por isso, o g1 n\u00e3o a localizou para um posicionamento at\u00e9 a \u00faltima atualiza\u00e7\u00e3o desta reportagem.<\/p>\n<p>&nbsp;<\/p>\n<p>O dono da fazenda, que fica a 70 km da cidade, disse ao Conselho Tutelar que n\u00e3o tem v\u00ednculo familiar com o menino e afirmou que ele foi levado para a propriedade pela m\u00e3e h\u00e1 cerca de quatro meses. O g1 pediu informa\u00e7\u00f5es ao MP-GO sobre o pai do menino, mas n\u00e3o teve retorno at\u00e9 a \u00faltima atualiza\u00e7\u00e3o desta reportagem.<\/p>\n<p>&nbsp;<\/p>\n<p>LEIA TAMB\u00c9M:<\/p>\n<p>&nbsp;<\/p>\n<p>Adolescentes s\u00e3o recolhidos trabalhando em carretas animadas em situa\u00e7\u00e3o de explora\u00e7\u00e3o, diz Secretaria de Inspe\u00e7\u00e3o do Trabalho<\/p>\n<p>V\u00cdDEO: Homem \u00e9 filmado abandonando beb\u00ea dentro de carrinho em rua de Goi\u00e2nia<\/p>\n<p>Beb\u00ea \u00e9 encontrado abandonado em lote baldio em Senador Canedo<\/p>\n<p>Segundo o MP-GO, a m\u00e3e do menino disse que, quando eles moravam juntos, ele \u201cdava muito trabalho\u201d para estudar e, por isso, o tirou da escola h\u00e1 dois anos. A mulher disse que n\u00e3o tem interesse em retomar os cuidados do filho e o deixou sob cuidados do fazendeiro, conforme apurou o MP.<\/p>\n<p>&nbsp;<\/p>\n<p>&nbsp;<\/p>\n<p>O menino, que tamb\u00e9m n\u00e3o ia \u00e0 escola, deu respostas confusas e desconexas ao Conselho Tutelar que, segundo o MP-GO, s\u00e3o \u201ct\u00edpicas de v\u00edtimas de situa\u00e7\u00f5es de vulnerabilidade f\u00edsica e social\u201d.<\/p>\n<p>&nbsp;<\/p>\n<p>Crian\u00e7a \u00e9 obrigada a trabalhar para ter \u2018cama e comida\u2019 em fazenda ap\u00f3s ser abandonada em Mara Rosa, Goi\u00e1s \u2014 Foto: Reprodu\u00e7\u00e3o\/TV Anhanguera<\/p>\n<p>Crian\u00e7a \u00e9 obrigada a trabalhar para ter \u2018cama e comida\u2019 em fazenda ap\u00f3s ser abandonada em Mara Rosa, Goi\u00e1s \u2014 Foto: Reprodu\u00e7\u00e3o\/TV Anhanguera<\/p>\n<p>&nbsp;<\/p>\n<p>Justi\u00e7a<\/p>\n<p>A promotora de Justi\u00e7a Gisele de Sousa Campos Coelho representou \u00e0 Justi\u00e7a pela perda do poder familiar da m\u00e3e e pediu a \u201caplica\u00e7\u00e3o de medida de prote\u00e7\u00e3o e acolhimento institucional para o menino, com a realiza\u00e7\u00e3o de um estudo psicossocial do caso\u201d.<\/p>\n<p>Segundo o MP-GO, a decis\u00e3o tem como objetivo, garantir a integridade f\u00edsica, moral e psicol\u00f3gica do menino. A juiz Francisco Gon\u00e7alves Saboia Neto, que analisou o pedido, destacou um artigo que destaca que \u201cmedidas de prote\u00e7\u00e3o s\u00e3o aplic\u00e1veis sempre que os direitos nela reconhecidos forem amea\u00e7ados ou violados por omiss\u00e3o ou abuso dos pais ou respons\u00e1vel\u201d.<\/p>\n<div class=\"row glb-mc-banner-top\">\n<div class=\"publicidade publicidade-banner_materia_topo\">\n<div id=\"banner_materia_topo\" class=\"tag-manager-publicidade-container tag-manager-publicidade-banner_materia_topo tag-manager-publicidade-container--carregado tag-manager-publicidade-container--visivel\" data-google-query-id=\"CIzww8D5u4EDFUVM3QIdOoMGew\">\n<div id=\"google_ads_iframe_\/95377733\/tvg_G1\/Sua_Regiao&gt;Centro_Oeste&gt;Goias_0__container__\" style=\"box-sizing: inherit; margin: auto; padding: 0px !important; border: 0pt none; font: inherit; vertical-align: baseline; text-align: center; max-height: none !important; max-width: 435px !important; width: 435px !important;\"><iframe id=\"google_ads_iframe_\/95377733\/tvg_G1\/Sua_Regiao&gt;Centro_Oeste&gt;Goias_0\" style=\"box-sizing: inherit; margin: 0px; padding: 0px; border: 0px; font: inherit; vertical-align: bottom;\" tabindex=\"0\" title=\"3rd party ad content\" role=\"region\" name=\"google_ads_iframe_\/95377733\/tvg_G1\/Sua_Regiao&gt;Centro_Oeste&gt;Goias_0\" width=\"435\" height=\"100\" frameborder=\"0\" marginwidth=\"0\" marginheight=\"0\" scrolling=\"no\" aria-label=\"Advertisement\" data-load-complete=\"true\" data-google-container-id=\"2\" data-mce-fragment=\"1\"><\/iframe><\/div>\n<\/div>\n<\/div>\n<\/div>\n<div class=\"login-wall-counter\"><\/div>\n<div class=\"mc-article-header\">\n<div class=\"row content-head non-featured \">\n<div class=\"title\" data-block-type=\"title\" data-block-id=\"0\">\n<h1 class=\"content-head__title\">Menino de 11 anos \u00e9 obrigado a trabalhar para ter \u2018cama e comida\u2019 em fazenda ap\u00f3s ser abandonado pela m\u00e3e, diz MP<\/h1>\n<\/div>\n<div class=\"medium-centered subtitle\">\n<h2 class=\"content-head__subtitle\">MP-GO determinou a suspens\u00e3o da guarda pela m\u00e3e e o acolhimento da crian\u00e7a. Mulher disse que filho &#8216;dava muito trabalho&#8217; e n\u00e3o tem interesse na guarda dele, segundo o \u00f3rg\u00e3o.<\/h2>\n<\/div>\n<\/div>\n<div class=\"content__signa-share\">\n<div class=\"content__signature\">\n<div class=\"content-publication-data\">\n<div class=\"content-publication-data__text\">\n<p class=\"content-publication-data__from\" title=\"Michel Gomes, g1 Goi\u00e1s\">Por Michel Gomes, g1 Goi\u00e1s<\/p>\n<p class=\"content-publication-data__updated\"><time datetime=\"2023-09-21T10:31:23.651Z\">21\/09\/2023 07h31\u00a0<\/time><span class=\"content-publication-data__updated-relative\">\u00a0<time datetime=\"2023-09-21T11:13:33.532Z\">Atualizado\u00a0<time datetime=\"2023-09-21T11:13:33.532Z\">h\u00e1 3 horas<\/time><\/time><\/span><\/p>\n<\/div>\n<\/div>\n<\/div>\n<\/div>\n<div class=\"content__share-bar\">\n<div class=\"glb-share-bar_icons\">\n<div class=\"glb-share-bar_icon-img\"><\/div>\n<div class=\"glb-share-bar_icon-img\"><\/div>\n<div class=\"glb-share-bar_icon-img\"><\/div>\n<\/div>\n<\/div>\n<hr class=\"content__divider \" \/>\n<\/div>\n<div class=\"mc-article-body\">\n<article>\n<div id=\"chunk-545u3\">\n<div class=\"bs-video-block mc-column glb-content-block--no-side-padding content-media content-video\" data-block-type=\"backstage-video\" data-block-id=\"1\">\n<div class=\"content-media__container\">\n<div class=\"content-video__bigger-player-description-fixer\">\n<article class=\"content-video\">\n<section class=\"content-video__video-container\">\n<div class=\"content-video__video\">\n<div class=\"content-video__placeholder\" data-video-id=\"11963363\" data-video-has-viewport-play=\"True\"><img decoding=\"async\" class=\"content-video__placeholder__thumb\" title=\"Menino de 11 anos \u00e9 encontrado trabalhando em fazenda\" src=\"https:\/\/s04.video.glbimg.com\/x240\/11963363.jpg\" alt=\"Menino de 11 anos \u00e9 encontrado trabalhando em fazenda\" \/><\/div>\n<div id=\"wp3-player-2\" class=\"clappr-player\" tabindex=\"9999\" data-player=\"\">\n<div class=\"container-overlay\"><\/div>\n<div class=\"drawer-header drawer-header--hidden\"><\/div>\n<div class=\"container\" data-container=\"\">\n<div class=\"poster\">\n<div class=\"poster__background\"><\/div>\n<div class=\"poster__background-overlay\"><\/div>\n<p><button class=\"poster__play-wrapper\" tabindex=\"0\"><span class=\"visually-hidden\">Reproduzir v\u00eddeo<\/span><\/button><\/div>\n<div class=\"spinner\" role=\"alert\"><\/div>\n<div class=\"id-playback\" data-id-playback=\"\"><video id=\"c76\" poster=\"https:\/\/s04.video.glbimg.com\/x360\/11963363.jpg\" preload=\"none\" muted=\"\" width=\"300\" height=\"150\" data-html5-video=\"\" data-mce-fragment=\"1\"><\/video><\/div>\n<\/div>\n<div class=\"media-control mobile touch media-control-hide h720 w480\">\n<div class=\"media-control-panel\">\n<div class=\"media-control-panel__back-layer\">\n<div class=\"media-control-position__left\"><\/div>\n<div class=\"media-control-position__center\"><\/div>\n<div class=\"media-control-position__right\"><\/div>\n<\/div>\n<div class=\"media-control-panel__upper\">\n<div class=\"opposites-container\">\n<div class=\"media-control-position__left\"><\/div>\n<div class=\"media-control-position__right\"><\/div>\n<\/div>\n<div class=\"media-control-position__center\"><\/div>\n<div class=\"quick-seek-hint hidden media-control-element\"><\/div>\n<\/div>\n<div class=\"media-control-panel__middle\">\n<div class=\"media-control-position__left\"><\/div>\n<div class=\"media-control-position__center\"><\/div>\n<div class=\"media-control-position__right\"><\/div>\n<\/div>\n<div class=\"media-control-panel__between\">\n<div class=\"media-control-position__left\"><\/div>\n<div class=\"media-control-position__center\"><button class=\"media-control-button play media-control-element\" data-playpause=\"\"><span class=\"visually-hidden\">Reproduzir<\/span><\/button><\/div>\n<div class=\"media-control-position__right\"><\/div>\n<p><button class=\"media-control-button skip-button skip-button--live_button skip-button--hidden media-control-element\" data-skip-button=\"\"><\/button><button class=\"media-control-button skip-button skip-button--recap skip-button--hidden media-control-element\" data-skip-button=\"\"><\/button><button class=\"media-control-button skip-button skip-button--intro skip-button--hidden media-control-element\" data-skip-button=\"\"><\/button><button class=\"media-control-button skip-button skip-button--left skip-button--start_over skip-button--hidden media-control-element\" data-skip-button=\"\"><\/button><\/div>\n<div class=\"media-control-panel__lower\" data-controls=\"\">\n<div class=\"media-control-position__center\">\n<div class=\"bar-container media-control-element\" data-seekbar=\"\">\n<div class=\"seekbar\">\n<div class=\"bar-background\" tabindex=\"0\" data-seekbar=\"\">\n<div class=\"bar-fill-1\" data-seekbar=\"\"><\/div>\n<div class=\"bar-fill-2\" data-seekbar=\"\"><\/div>\n<\/div>\n<div class=\"bar-scrubber bar-scrubber-mobile\" tabindex=\"-1\" role=\"slider\" data-seekbar=\"\" aria-valuemin=\"0\" aria-valuemax=\"0\" aria-valuenow=\"0\" aria-valuetext=\"Ponto do v\u00eddeo, 0 minuto e 0 segundo.\">\n<div class=\"bar-scrubber-icon\" data-seekbar=\"\"><\/div>\n<\/div>\n<\/div>\n<div id=\"seek-feedback\" class=\"visually-hidden\" aria-live=\"polite\"><\/div>\n<div class=\"thumb-preview thumb-preview--hidden\">\n<div class=\"thumb-preview__thumb\"><\/div>\n<div class=\"thumb-preview__position\"><\/div>\n<\/div>\n<\/div>\n<div class=\"bar-container__placeholder\"><\/div>\n<\/div>\n<div class=\"opposites-container\">\n<div class=\"media-control-position__left\">\n<div class=\"time-indicator media-control-element\"><span data-position=\"\">00:00<\/span><span class=\"separator\">\/<\/span><span data-duration=\"\">00:57<\/span><\/div>\n<\/div>\n<div class=\"media-control-position__between\"><\/div>\n<div class=\"media-control-position__right\">\n<div class=\"drawer-container volume-hide media-control-element\" data-volume=\"\">\n<div class=\"drawer-icon-container\" data-volume=\"\"><button class=\"drawer-icon media-control-button media-control-element\" data-volume=\"\"><span class=\"visually-hidden\">Silenciar som<\/span><\/button><\/div>\n<div class=\"bar-container\" data-volume=\"\">\n<div class=\"bar-background\" data-volume=\"\">\n<div class=\"bar-fill-1\" data-volume=\"\"><\/div>\n<div class=\"bar-hover\" data-volume=\"\"><\/div>\n<\/div>\n<div class=\"bar-scrubber\" data-volume=\"\">\n<div class=\"bar-scrubber-icon\" data-volume=\"\"><\/div>\n<\/div>\n<\/div>\n<\/div>\n<p><button class=\"media-control-button media-control-element\" data-pip=\"\"><span class=\"visually-hidden\">Minimizar v\u00eddeo<\/span><\/button><button class=\"media-control-button media-control-element\" data-fullscreen=\"\"><span class=\"visually-hidden\">Tela cheia<\/span><\/button><\/div>\n<\/div>\n<\/div>\n<div class=\"media-control-panel__front-layer\">\n<div class=\"media-control-position__left\"><\/div>\n<div class=\"media-control-position__center\"><\/div>\n<div class=\"media-control-position__right\"><\/div>\n<\/div>\n<div class=\"media-control-panel__modal\"><\/div>\n<\/div>\n<\/div>\n<\/div>\n<\/div>\n<\/section>\n<\/article>\n<\/div>\n<p class=\"content-media__description mc-column\">Menino de 11 anos \u00e9 encontrado trabalhando em fazenda<\/p>\n<\/div>\n<\/div>\n<\/div>\n<div id=\"chunk-a6h1t\">\n<div class=\"mc-column\" data-block-type=\"ads\" data-block-id=\"2\">\n<div id=\"content-ads-banner_materia1\" class=\"content-ads content-ads--regular content-ads--smart-size\">\n<div id=\"banner_materia1\" class=\"tag-manager-publicidade-container mc-has-ad-lazyload tag-manager-publicidade-banner_materia1 tag-manager-publicidade-container--carregado tag-manager-publicidade-container--visivel\" data-id=\"banner_materia1\" data-google-query-id=\"CJvst8H5u4EDFXlT3QIdPVQJIg\">\n<div id=\"google_ads_iframe_\/95377733\/tvg_G1\/Sua_Regiao&gt;Centro_Oeste&gt;Goias_1__container__\" style=\"box-sizing: inherit; margin: auto; padding: 0px !important; border: 0pt none; font: inherit; vertical-align: baseline; max-width: 435px !important; text-align: center; max-height: none !important; width: 435px; height: 250px;\"><iframe id=\"google_ads_iframe_\/95377733\/tvg_G1\/Sua_Regiao&gt;Centro_Oeste&gt;Goias_1\" style=\"box-sizing: inherit; margin: 0px; padding: 0px; border: 0px; font: inherit; vertical-align: bottom;\" tabindex=\"0\" title=\"3rd party ad content\" role=\"region\" name=\"google_ads_iframe_\/95377733\/tvg_G1\/Sua_Regiao&gt;Centro_Oeste&gt;Goias_1\" width=\"435\" height=\"250\" frameborder=\"0\" marginwidth=\"0\" marginheight=\"0\" scrolling=\"no\" aria-label=\"Advertisement\" data-load-complete=\"true\" data-google-container-id=\"4\" data-mce-fragment=\"1\"><\/iframe><\/div>\n<\/div>\n<\/div>\n<\/div>\n<\/div>\n<div id=\"chunk-4mi52\">\n<div class=\"mc-column content-text active-extra-styles \" data-block-type=\"unstyled\" data-block-weight=\"56\" data-block-id=\"3\">\n<p class=\"content-text__container \" data-track-category=\"Link no Texto\" data-track-links=\"\">O Minist\u00e9rio P\u00fablico de Goi\u00e1s (MP-GO) divulgou que um menino de 11 anos era obrigado a fazer trabalhos bra\u00e7ais em troca de cama e comida em uma fazenda de\u00a0<a class=\"\" href=\"https:\/\/g1.globo.com\/go\/goias\/cidade\/mara-rosa\/\">Mara Rosa<\/a>, no norte de Goi\u00e1s. O \u00f3rg\u00e3o apurou que a crian\u00e7a foi abandonada pela m\u00e3e e determinou a perda da guarda e o acolhimento do menino.<\/p>\n<\/div>\n<\/div>\n<div class=\"wall protected-content\">\n<div id=\"chunk-f8obg\">\n<div class=\"mc-column content-text active-extra-styles\" data-block-type=\"raw\" data-block-weight=\"6\" data-block-id=\"4\">\n<p class=\"content-text__container\">\n<ul class=\"content-unordered-list\">\n<li><a class=\"\" href=\"https:\/\/api.whatsapp.com\/send?text=https:\/\/g1.globo.com\/go\/goias\/noticia\/2023\/09\/21\/crianca-e-obrigada-a-trabalhar-para-ter-cama-e-comida-em-fazenda-apos-ser-abandonada-diz-mp.ghtml?utm_source%3Dtelegram%26utm_medium%3Dshare-engagement%26utm_campaign%3Dte-materias\" target=\"_blank\" rel=\"noopener\"><strong>Compartilhe no WhatsApp<\/strong><\/a><\/li>\n<li><a class=\"\" href=\"https:\/\/telegram.me\/share\/url?url=https:\/\/g1.globo.com\/go\/goias\/noticia\/2023\/09\/21\/crianca-e-obrigada-a-trabalhar-para-ter-cama-e-comida-em-fazenda-apos-ser-abandonada-diz-mp.ghtml?utm_source%3Dtelegram%26utm_medium%3Dshare-engagement%26utm_campaign%3Dte-materias\" target=\"_blank\" rel=\"noopener\"><strong>Compartilhe no Telegram<\/strong><\/a><\/li>\n<\/ul>\n<p>&nbsp;<\/p>\n<\/div>\n<\/div>\n<div id=\"chunk-af1vn\">\n<div class=\"mc-column content-text active-extra-styles \" data-block-type=\"unstyled\" data-block-weight=\"24\" data-block-id=\"5\">\n<p class=\"content-text__container \" data-track-category=\"Link no Texto\" data-track-links=\"\">O nome da mulher n\u00e3o foi divulgado, por isso, o\u00a0<a class=\"\" href=\"https:\/\/g1.globo.com\/go\/goias\/\"><strong>g1\u00a0<\/strong><\/a>n\u00e3o a localizou para um posicionamento at\u00e9 a \u00faltima atualiza\u00e7\u00e3o desta reportagem.<\/p>\n<\/div>\n<\/div>\n<div id=\"chunk-44b61\">\n<div class=\"mc-column content-text active-extra-styles \" data-block-type=\"unstyled\" data-block-weight=\"60\" data-block-id=\"6\">\n<p class=\"content-text__container \" data-track-category=\"Link no Texto\" data-track-links=\"\">O dono da fazenda, que fica a 70 km da cidade, disse ao Conselho Tutelar que n\u00e3o tem v\u00ednculo familiar com o menino e afirmou que ele foi levado para a propriedade pela m\u00e3e h\u00e1 cerca de quatro meses. O\u00a0<a class=\"\" href=\"https:\/\/g1.globo.com\/go\/goias\/\"><strong>g1\u00a0<\/strong><\/a>pediu informa\u00e7\u00f5es ao MP-GO sobre o pai do menino, mas n\u00e3o teve retorno at\u00e9 a \u00faltima atualiza\u00e7\u00e3o desta reportagem.<\/p>\n<\/div>\n<\/div>\n<div id=\"chunk-1oor0\">\n<div class=\"mc-column content-text active-extra-styles \" data-block-type=\"unstyled\" data-block-weight=\"2\" data-block-id=\"7\">\n<p class=\"content-text__container \" data-track-category=\"Link no Texto\" data-track-links=\"\"><strong>LEIA TAMB\u00c9M:<\/strong><\/p>\n<\/div>\n<\/div>\n<div id=\"chunk-3bvog\">\n<div class=\"mc-column content-text active-extra-styles\" data-block-type=\"raw\" data-block-weight=\"40\" data-block-id=\"8\">\n<p class=\"content-text__container\">\n<ul class=\"content-unordered-list\">\n<li><a class=\"\" href=\"https:\/\/g1.globo.com\/go\/goias\/noticia\/2023\/06\/12\/adolescentes-sao-recolhidos-trabalhando-em-carretas-animadas-em-situacao-de-exploracao-diz-secretaria-de-inspecao-do-trabalho.ghtml\"><strong>Adolescentes s\u00e3o recolhidos trabalhando em carretas animadas em situa\u00e7\u00e3o de explora\u00e7\u00e3o, diz Secretaria de Inspe\u00e7\u00e3o do Trabalho<\/strong><\/a><\/li>\n<li><strong>V\u00cdDEO:\u00a0<\/strong><a class=\"\" href=\"https:\/\/g1.globo.com\/go\/goias\/noticia\/2023\/04\/08\/homem-e-filmado-abandonando-bebe-dentro-de-carrinho-em-rua-de-goiania-video.ghtml\"><strong>Homem \u00e9 filmado abandonando beb\u00ea dentro de carrinho em rua de Goi\u00e2nia<\/strong><\/a><\/li>\n<li><a class=\"\" href=\"https:\/\/g1.globo.com\/go\/goias\/noticia\/2023\/08\/23\/bebe-e-econtrado-abandonado-em-lote-baldio-em-senador-canedo.ghtml\"><strong>Beb\u00ea \u00e9 encontrado abandonado em lote baldio em Senador Canedo<\/strong><\/a><\/li>\n<\/ul>\n<p>&nbsp;<\/p>\n<\/div>\n<\/div>\n<div id=\"chunk-aujse\">\n<div class=\"mc-column content-text active-extra-styles \" data-block-type=\"unstyled\" data-block-weight=\"53\" data-block-id=\"9\">\n<p class=\"content-text__container \" data-track-category=\"Link no Texto\" data-track-links=\"\">Segundo o MP-GO, a m\u00e3e do menino disse que, quando eles moravam juntos, ele \u201cdava muito trabalho\u201d para estudar e, por isso, o tirou da escola h\u00e1 dois anos. A mulher disse que n\u00e3o tem interesse em retomar os cuidados do filho e o deixou sob cuidados do fazendeiro, conforme apurou o MP.<\/p>\n<\/div>\n<\/div>\n<div id=\"chunk-41dm1\">\n<div class=\"mc-column\" data-block-type=\"ads\" data-block-id=\"10\">\n<div id=\"content-ads-banner_materia2\" class=\"content-ads content-ads--regular content-ads--smart-size\">\n<div id=\"banner_materia2\" class=\"tag-manager-publicidade-container mc-has-ad-lazyload tag-manager-publicidade-banner_materia2 tag-manager-publicidade-container--carregado tag-manager-publicidade-container--visivel\" data-id=\"banner_materia2\" data-google-query-id=\"CLuavd35u4EDFVRG3QIde3MDEA\">\n<div id=\"google_ads_iframe_\/95377733\/tvg_G1\/Sua_Regiao&gt;Centro_Oeste&gt;Goias_2__container__\" style=\"box-sizing: inherit; margin: auto; padding: 0px; border: 0pt none; font: inherit; vertical-align: baseline; max-width: 100%; text-align: center; width: 300px; height: 250px;\"><iframe loading=\"lazy\" id=\"google_ads_iframe_\/95377733\/tvg_G1\/Sua_Regiao&gt;Centro_Oeste&gt;Goias_2\" style=\"box-sizing: inherit; margin: 0px; padding: 0px; border: 0px; font: inherit; vertical-align: bottom;\" tabindex=\"0\" title=\"3rd party ad content\" role=\"region\" src=\"https:\/\/0fd313c7b8f8a5015e7518142981be86.safeframe.googlesyndication.com\/safeframe\/1-0-40\/html\/container.html\" name=\"\" width=\"300\" height=\"250\" frameborder=\"0\" marginwidth=\"0\" marginheight=\"0\" scrolling=\"no\" sandbox=\"allow-forms allow-popups allow-popups-to-escape-sandbox allow-same-origin allow-scripts allow-top-navigation-by-user-activation\" data-is-safeframe=\"true\" aria-label=\"Advertisement\" data-google-container-id=\"5\" data-load-complete=\"true\" data-mce-fragment=\"1\"><\/iframe><\/div>\n<\/div>\n<\/div>\n<\/div>\n<\/div>\n<div id=\"chunk-b2au7\">\n<div class=\"mc-column content-text active-extra-styles \" data-block-type=\"unstyled\" data-block-weight=\"31\" data-block-id=\"11\">\n<p class=\"content-text__container \" data-track-category=\"Link no Texto\" data-track-links=\"\">O menino, que tamb\u00e9m n\u00e3o ia \u00e0 escola, deu respostas confusas e desconexas ao Conselho Tutelar que, segundo o MP-GO, s\u00e3o \u201ct\u00edpicas de v\u00edtimas de situa\u00e7\u00f5es de vulnerabilidade f\u00edsica e social\u201d.<\/p>\n<\/div>\n<\/div>\n<div id=\"chunk-fts4i\">\n<div class=\"row medium-uncollapsed content-media content-photo\" data-block-type=\"backstage-photo\" data-block-id=\"12\">\n<div class=\" mc-column  content-media__container\">\n<div class=\"content-media-container glb-skeleton-box\">\n<figure class=\"content-media-figure\"><img decoding=\"async\" class=\"i-amphtml-fill-content i-amphtml-replaced-content\" src=\"https:\/\/s2-g1.glbimg.com\/BbToF_oFGgEV1OsmH0fV6K7oqE0=\/0x0:1700x1065\/984x0\/smart\/filters:strip_icc()\/i.s3.glbimg.com\/v1\/AUTH_59edd422c0c84a879bd37670ae4f538a\/internal_photos\/bs\/2023\/p\/Z\/CSZaZETNAe72n0BI3ueA\/maos.jpg\" sizes=\"(max-width: 435px) 387px, 100vw\" srcset=\"https:\/\/s2-g1.glbimg.com\/Rb_PRNseiwVXPBJIu_xccD3kSQM=\/0x0:1700x1065\/1000x0\/smart\/filters:strip_icc()\/i.s3.glbimg.com\/v1\/AUTH_59edd422c0c84a879bd37670ae4f538a\/internal_photos\/bs\/2023\/p\/Z\/CSZaZETNAe72n0BI3ueA\/maos.jpg 1000w, https:\/\/s2-g1.glbimg.com\/BbToF_oFGgEV1OsmH0fV6K7oqE0=\/0x0:1700x1065\/984x0\/smart\/filters:strip_icc()\/i.s3.glbimg.com\/v1\/AUTH_59edd422c0c84a879bd37670ae4f538a\/internal_photos\/bs\/2023\/p\/Z\/CSZaZETNAe72n0BI3ueA\/maos.jpg 984w, https:\/\/s2-g1.glbimg.com\/o1ZX3TA17vcU08N7XPqVjBwccC0=\/0x0:1700x1065\/640x0\/smart\/filters:strip_icc()\/i.s3.glbimg.com\/v1\/AUTH_59edd422c0c84a879bd37670ae4f538a\/internal_photos\/bs\/2023\/p\/Z\/CSZaZETNAe72n0BI3ueA\/maos.jpg 640w, https:\/\/s2-g1.glbimg.com\/TFRontgbRIIOujK-40PcIXYYhns=\/0x0:1700x1065\/600x0\/smart\/filters:strip_icc()\/i.s3.glbimg.com\/v1\/AUTH_59edd422c0c84a879bd37670ae4f538a\/internal_photos\/bs\/2023\/p\/Z\/CSZaZETNAe72n0BI3ueA\/maos.jpg 600w\" alt=\"Crian\u00e7a \u00e9 obrigada a trabalhar para ter \u2018cama e comida\u2019 em fazenda ap\u00f3s ser abandonada em Mara Rosa, Goi\u00e1s \u2014 Foto: Reprodu\u00e7\u00e3o\/TV Anhanguera\" \/><\/figure>\n<\/div>\n<p class=\"content-media__description  \">Crian\u00e7a \u00e9 obrigada a trabalhar para ter \u2018cama e comida\u2019 em fazenda ap\u00f3s ser abandonada em Mara Rosa, Goi\u00e1s \u2014 Foto: Reprodu\u00e7\u00e3o\/TV Anhanguera<\/p>\n<\/div>\n<\/div>\n<\/div>\n<div id=\"chunk-2mu4a\">\n<div class=\"mc-column content-text active-extra-styles\" data-block-type=\"raw\" data-block-weight=\"1\" data-block-id=\"13\">\n<p class=\"content-text__container\">\n<div class=\"content-intertitle\">\n<h2>Justi\u00e7a<\/h2>\n<\/div>\n<p>&nbsp;<\/p>\n<\/div>\n<\/div>\n<div id=\"chunk-dkmja\">\n<div class=\"mc-column content-text active-extra-styles \" data-block-type=\"unstyled\" data-block-weight=\"42\" data-block-id=\"14\">\n<p class=\"content-text__container \" data-track-category=\"Link no Texto\" data-track-links=\"\">A promotora de Justi\u00e7a Gisele de Sousa Campos Coelho representou \u00e0 Justi\u00e7a pela perda do poder familiar da m\u00e3e e pediu a \u201caplica\u00e7\u00e3o de medida de prote\u00e7\u00e3o e acolhimento institucional para o menino, com a realiza\u00e7\u00e3o de um estudo psicossocial do caso\u201d.<\/p>\n<p data-track-category=\"Link no Texto\" data-track-links=\"\">\n<\/div>\n<\/div>\n<div id=\"chunk-52afg\">\n<div class=\"mc-column content-text active-extra-styles \" data-block-type=\"unstyled\" data-block-weight=\"58\" data-block-id=\"15\">\n<p class=\"content-text__container \" data-track-category=\"Link no Texto\" data-track-links=\"\">Segundo o MP-GO, a decis\u00e3o tem como objetivo, garantir a integridade f\u00edsica, moral e psicol\u00f3gica do menino. A juiz Francisco Gon\u00e7alves Saboia Neto, que analisou o pedido, destacou um artigo que destaca que \u201cmedidas de prote\u00e7\u00e3o s\u00e3o aplic\u00e1veis sempre que os direitos nela reconhecidos forem amea\u00e7ados ou violados por omiss\u00e3o ou abuso dos pais ou respons\u00e1vel\u201d.<\/p>\n<p data-track-category=\"Link no Texto\" data-track-links=\"\">\n<\/div>\n<\/div>\n<div id=\"chunk-ff4i2\">\n<div class=\"mc-column content-text active-extra-styles \" data-block-type=\"unstyled\" data-block-weight=\"37\" data-block-id=\"17\">\n<p class=\"content-text__container \" data-track-category=\"Link no Texto\" data-track-links=\"\">O juiz afirmou que a integridade f\u00edsica, moral e psicol\u00f3gica da crian\u00e7a devem ser resguardadas e ela precisa ter \u201cdignidade, respeito, liberdade, conviv\u00eancia familiar e comunit\u00e1ria, a salvo de qualquer tipo de viol\u00eancia, crueldade ou opress\u00e3o\u201d.<\/p>\n<p data-track-category=\"Link no Texto\" data-track-links=\"\">\n<\/div>\n<\/div>\n<div id=\"chunk-ch55d\">\n<div class=\"mc-column content-text active-extra-styles \" data-block-type=\"unstyled\" data-block-weight=\"15\" data-block-id=\"18\">\n<p class=\"content-text__container \" data-track-category=\"Link no Texto\" data-track-links=\"\">Na decis\u00e3o, o juiz determinou uma s\u00e9rie de medidas, de car\u00e1ter tempor\u00e1rio e excepcional. Veja:<\/p>\n<\/div>\n<\/div>\n<div id=\"chunk-b6uvq\">\n<div class=\"mc-column content-text active-extra-styles\" data-block-type=\"raw\" data-block-weight=\"48\" data-block-id=\"19\">\n<p class=\"content-text__container\">\n<ul class=\"content-unordered-list\">\n<li>Afastamento da crian\u00e7a do conv\u00edvio familiar, em especial da m\u00e3e;<\/li>\n<li>Acolhimento dele na Casa de Acolhimento de Mara Rosa;<\/li>\n<li>Na unidade, ele dever\u00e1 receber acompanhamento e tratamento adequado;<\/li>\n<li>Identifica\u00e7\u00e3o, pelo Conselho Tutelar de Mara Rosa, que qualifiquem eventuais parentes do menino que sejam capazes de receb\u00ea-lo com seguran\u00e7a.<\/li>\n<\/ul>\n<p>&nbsp;<\/p>\n<\/div>\n<\/div>\n<div id=\"chunk-8u3r8\">\n<div class=\"mc-column content-text active-extra-styles \" data-block-type=\"unstyled\" data-block-weight=\"16\" data-block-id=\"20\">\n<p class=\"content-text__container \" data-track-category=\"Link no Texto\" data-track-links=\"\">Segundo o MP-GO, os pedidos foram aceitos, mas a decis\u00e3o judicial ainda n\u00e3o foi cumprida.<\/p>\n<\/div>\n<\/div>\n<\/div>\n<\/article>\n<\/div>\n<p>&nbsp;<\/p>\n<p>Por Michel Gomes, g1 Goi\u00e1s<\/p>\n","protected":false},"excerpt":{"rendered":"<p>O Minist\u00e9rio P\u00fablico de Goi\u00e1s (MP-GO) divulgou que um menino de 11 anos era obrigado a fazer trabalhos bra\u00e7ais em troca de cama e comida em uma fazenda de Mara Rosa, no norte de Goi\u00e1s. O \u00f3rg\u00e3o apurou que a crian\u00e7a foi abandonada pela m\u00e3e e determinou a perda da guarda e o acolhimento do [&hellip;]<\/p>\n","protected":false},"author":5,"featured_media":252218,"comment_status":"closed","ping_status":"closed","sticky":false,"template":"","format":"standard","meta":{"footnotes":""},"categories":[141],"tags":[],"class_list":["post-252217","post","type-post","status-publish","format-standard","has-post-thumbnail","hentry","category-goias"],"_links":{"self":[{"href":"https:\/\/www.ocorreionews.com.br\/acervo-correio\/index.php?rest_route=\/wp\/v2\/posts\/252217","targetHints":{"allow":["GET"]}}],"collection":[{"href":"https:\/\/www.ocorreionews.com.br\/acervo-correio\/index.php?rest_route=\/wp\/v2\/posts"}],"about":[{"href":"https:\/\/www.ocorreionews.com.br\/acervo-correio\/index.php?rest_route=\/wp\/v2\/types\/post"}],"author":[{"embeddable":true,"href":"https:\/\/www.ocorreionews.com.br\/acervo-correio\/index.php?rest_route=\/wp\/v2\/users\/5"}],"replies":[{"embeddable":true,"href":"https:\/\/www.ocorreionews.com.br\/acervo-correio\/index.php?rest_route=%2Fwp%2Fv2%2Fcomments&post=252217"}],"version-history":[{"count":2,"href":"https:\/\/www.ocorreionews.com.br\/acervo-correio\/index.php?rest_route=\/wp\/v2\/posts\/252217\/revisions"}],"predecessor-version":[{"id":252226,"href":"https:\/\/www.ocorreionews.com.br\/acervo-correio\/index.php?rest_route=\/wp\/v2\/posts\/252217\/revisions\/252226"}],"wp:featuredmedia":[{"embeddable":true,"href":"https:\/\/www.ocorreionews.com.br\/acervo-correio\/index.php?rest_route=\/wp\/v2\/media\/252218"}],"wp:attachment":[{"href":"https:\/\/www.ocorreionews.com.br\/acervo-correio\/index.php?rest_route=%2Fwp%2Fv2%2Fmedia&parent=252217"}],"wp:term":[{"taxonomy":"category","embeddable":true,"href":"https:\/\/www.ocorreionews.com.br\/acervo-correio\/index.php?rest_route=%2Fwp%2Fv2%2Fcategories&post=252217"},{"taxonomy":"post_tag","embeddable":true,"href":"https:\/\/www.ocorreionews.com.br\/acervo-correio\/index.php?rest_route=%2Fwp%2Fv2%2Ftags&post=252217"}],"curies":[{"name":"wp","href":"https:\/\/api.w.org\/{rel}","templated":true}]}}