{"id":252220,"date":"2023-09-21T12:47:17","date_gmt":"2023-09-21T16:47:17","guid":{"rendered":"https:\/\/www.ocorreionews.com.br\/acervo-correio\/?p=252220"},"modified":"2023-09-21T12:47:17","modified_gmt":"2023-09-21T16:47:17","slug":"camara-ira-homenagear-idosos-em-sessao-solene-na-proxima-segunda-feira","status":"publish","type":"post","link":"https:\/\/www.ocorreionews.com.br\/acervo-correio\/?p=252220","title":{"rendered":"C\u00e2mara ir\u00e1 homenagear idosos em Sess\u00e3o Solene na pr\u00f3xima segunda feira"},"content":{"rendered":"<div class=\"leitura\">\n<p>Abrindo a temporada das Sess\u00f5es Solenes em Chapad\u00e3o do Sul, na pr\u00f3xima segunda feira (25) \u00e0s 19h (MS) a C\u00e2mara Municipal ir\u00e1 homenagear os idosos pela longevidade e contribui\u00e7\u00e3o ao munic\u00edpio. Este evento especial visa reconhecer a longevidade e a inestim\u00e1vel contribui\u00e7\u00e3o dos idosos para o desenvolvimento do munic\u00edpio. Durante a cerim\u00f4nia, ser\u00e3o entregues Diplomas de Louvor a nove idosos que se destacaram pela sua dedica\u00e7\u00e3o e servi\u00e7o \u00e0 comunidade. Cada um dos vereadores indicou um homenageado.<\/p>\n<p>Os homenageados deste ano s\u00e3o: Antonieta Chrestani, Erna Schultz, Joracy de Cares Pinheiro, Lesi Terezinha Zanini, Maria Jos\u00e9 da Concei\u00e7\u00e3o Ribeiro, Nedi Petrazzini Malinowski, Neivani Parzianello de Carli, Valdemira da Silva Hach e Zilda Martins. A Sess\u00e3o se estende n\u00e3o apenas aos homenageados, mas tamb\u00e9m \u00e0s suas fam\u00edlias, amigos e a todos os cidad\u00e3os que desejam participar deste momento especial.<\/p>\n<p>&#8220;Acreditamos que \u00e9 fundamental reconhecer e celebrar a sabedoria e a experi\u00eancia de nossos idosos, que desempenham um papel fundamental na constru\u00e7\u00e3o de nossa comunidade&#8221;, afirmou o Presidente da C\u00e2mara Municipal, Airton Tucano, destacando a import\u00e2ncia deste evento.<\/p>\n<p>A Sess\u00e3o Solene promete ser uma noite memor\u00e1vel, repleta de emo\u00e7\u00e3o e gratid\u00e3o, \u00e0 medida que a comunidade se une para honrar aqueles que tanto fizeram e continuam a fazer por Chapad\u00e3o do Sul.<\/p>\n<\/div>\n<p>&nbsp;<\/p>\n<p>*Assessoria<\/p>\n","protected":false},"excerpt":{"rendered":"<p>Abrindo a temporada das Sess\u00f5es Solenes em Chapad\u00e3o do Sul, na pr\u00f3xima segunda feira (25) \u00e0s 19h (MS) a C\u00e2mara Municipal ir\u00e1 homenagear os idosos pela longevidade e contribui\u00e7\u00e3o ao munic\u00edpio. Este evento especial visa reconhecer a longevidade e a inestim\u00e1vel contribui\u00e7\u00e3o dos idosos para o desenvolvimento do munic\u00edpio. Durante a cerim\u00f4nia, ser\u00e3o entregues Diplomas [&hellip;]<\/p>\n","protected":false},"author":5,"featured_media":252221,"comment_status":"closed","ping_status":"closed","sticky":false,"template":"","format":"standard","meta":{"footnotes":""},"categories":[23,41],"tags":[],"class_list":["post-252220","post","type-post","status-publish","format-standard","has-post-thumbnail","hentry","category-chapadao-do-sul","category-destaque"],"_links":{"self":[{"href":"https:\/\/www.ocorreionews.com.br\/acervo-correio\/index.php?rest_route=\/wp\/v2\/posts\/252220","targetHints":{"allow":["GET"]}}],"collection":[{"href":"https:\/\/www.ocorreionews.com.br\/acervo-correio\/index.php?rest_route=\/wp\/v2\/posts"}],"about":[{"href":"https:\/\/www.ocorreionews.com.br\/acervo-correio\/index.php?rest_route=\/wp\/v2\/types\/post"}],"author":[{"embeddable":true,"href":"https:\/\/www.ocorreionews.com.br\/acervo-correio\/index.php?rest_route=\/wp\/v2\/users\/5"}],"replies":[{"embeddable":true,"href":"https:\/\/www.ocorreionews.com.br\/acervo-correio\/index.php?rest_route=%2Fwp%2Fv2%2Fcomments&post=252220"}],"version-history":[{"count":1,"href":"https:\/\/www.ocorreionews.com.br\/acervo-correio\/index.php?rest_route=\/wp\/v2\/posts\/252220\/revisions"}],"predecessor-version":[{"id":252222,"href":"https:\/\/www.ocorreionews.com.br\/acervo-correio\/index.php?rest_route=\/wp\/v2\/posts\/252220\/revisions\/252222"}],"wp:featuredmedia":[{"embeddable":true,"href":"https:\/\/www.ocorreionews.com.br\/acervo-correio\/index.php?rest_route=\/wp\/v2\/media\/252221"}],"wp:attachment":[{"href":"https:\/\/www.ocorreionews.com.br\/acervo-correio\/index.php?rest_route=%2Fwp%2Fv2%2Fmedia&parent=252220"}],"wp:term":[{"taxonomy":"category","embeddable":true,"href":"https:\/\/www.ocorreionews.com.br\/acervo-correio\/index.php?rest_route=%2Fwp%2Fv2%2Fcategories&post=252220"},{"taxonomy":"post_tag","embeddable":true,"href":"https:\/\/www.ocorreionews.com.br\/acervo-correio\/index.php?rest_route=%2Fwp%2Fv2%2Ftags&post=252220"}],"curies":[{"name":"wp","href":"https:\/\/api.w.org\/{rel}","templated":true}]}}