{"id":252232,"date":"2023-09-21T15:19:03","date_gmt":"2023-09-21T19:19:03","guid":{"rendered":"https:\/\/www.ocorreionews.com.br\/acervo-correio\/?p=252232"},"modified":"2023-09-21T15:19:03","modified_gmt":"2023-09-21T19:19:03","slug":"executivo-municipal-e-comunidade-local-definem-os-primeiros-passos-no-desenvolvimento-do-marketing-territorial","status":"publish","type":"post","link":"https:\/\/www.ocorreionews.com.br\/acervo-correio\/?p=252232","title":{"rendered":"Executivo Municipal e comunidade local definem os primeiros passos no desenvolvimento do Marketing Territorial"},"content":{"rendered":"<p style=\"font-weight: 400;\">Na data de 13 de setembro de 2023, o munic\u00edpio de Chapad\u00e3o do Sul viveu um marco em sua trajet\u00f3ria de desenvolvimento econ\u00f4mico e fortalecimento da sua identidade territorial. Aconteceu a &#8220;Oficina de Co-Cria\u00e7\u00e3o do Branding \u2013 Marketing Territorial&#8221;, um evento que reuniu l\u00edderes locais, incluindo o Prefeito Municipal Jo\u00e3o Carlos Krug e diversas lideran\u00e7as dos mais variados segmentos da sociedade, transformando-se em um verdadeiro sucesso.<\/p>\n<p style=\"font-weight: 400;\">O evento, que ocorreu no Audit\u00f3rio da Faculdade de Chapad\u00e3o do Sul \u2013 FACHASUL, foi organizado pela Secretaria Municipal de Desenvolvimento Econ\u00f4mico e Meio Ambiente (SEDEMA) com apoio das demais secretarias municipais, teve in\u00edcio \u00e0s 13:00h, estendendo-se at\u00e9 \u00e0s 17:30h (hor\u00e1rio de Mato Grosso do Sul). A escolha do local estrat\u00e9gico proporcionou um ambiente prop\u00edcio para a colabora\u00e7\u00e3o e a troca de ideias entre os participantes.<\/p>\n<p style=\"font-weight: 400;\">A oficina foi conduzida por uma equipe de consultores da Universidade do Vale do Rio dos Sinos (UNISINOS), sediada no Rio Grande do Sul, que trouxeram expertise e conhecimento na \u00e1rea de branding e marketing territorial. A presen\u00e7a desses especialistas enriqueceu a experi\u00eancia dos participantes, proporcionando insights valiosos para a constru\u00e7\u00e3o de estrat\u00e9gias s\u00f3lidas de desenvolvimento para o munic\u00edpio.<\/p>\n<p style=\"font-weight: 400;\">O p\u00fablico convidado para a oficina foi composto por figuras-chave que desempenham um papel fundamental no cen\u00e1rio local, incluindo empres\u00e1rios, representantes da sociedade civil, l\u00edderes comunit\u00e1rios e acad\u00eamicos. A participa\u00e7\u00e3o ativa e a expertise desses participantes foram cruciais para o \u00eaxito do evento, que contou com a contribui\u00e7\u00e3o de diversas perspectivas e conhecimentos.<\/p>\n<p><img decoding=\"async\" src=\"http:\/\/www.chapadaodosul.ms.gov.br\/admin\/arquivos\/imagem\/11525-imagem-do-whatsapp-de-2023-09-21-s-110322.jpg\" \/><\/p>\n<p style=\"font-weight: 400;\">Segundo o secret\u00e1rio de Desenvolvimento Econ\u00f4mico e Meio Ambiente, Jos\u00e9 Teixeira J\u00fanior, a a\u00e7\u00e3o enfatiza o diagn\u00f3stico das caracter\u00edsticas da cidade tanto para atrair empreendedores quanto para os moradores, desenvolvendo a economia local. \u201cN\u00f3s tamb\u00e9m queremos saber o que as pessoas que n\u00e3o moram aqui sabem, ou a imagem que passamos para essas pessoas que n\u00e3o moram aqui. Ent\u00e3o, essa constru\u00e7\u00e3o com a comunidade, com entidades, com a popula\u00e7\u00e3o, traz diversos pensamentos, diversas opini\u00f5es que v\u00e3o chegar a um denominador comum, construindo a identidade que temos em mente do nosso munic\u00edpio\u201d, ressalta o secret\u00e1rio.<\/p>\n<p style=\"font-weight: 400;\">Ainda de acordo com o secret\u00e1rio, ainda n\u00e3o h\u00e1 um perfil tra\u00e7ado do que \u00e9 o munic\u00edpio como um todo, embora seja conhecido. \u201cChapad\u00e3o do Sul foi a cidade que mais cresceu nos \u00faltimos 10 anos em Mato do Sul e isso mostra que precisamos criar uma forma de identificar o que est\u00e1 promovendo o desenvolvimento. O impacto disso \u00e9 muito grande para que possamos atrair investidores para gerar emprego e renda\u201d, finaliza o secret\u00e1rio.<\/p>\n<p style=\"font-weight: 400;\">O objetivo principal da oficina foi a co-cria\u00e7\u00e3o do branding e do marketing territorial de Chapad\u00e3o do Sul. Os participantes trabalharam em conjunto para definir os valores, a identidade e a vis\u00e3o de futuro do munic\u00edpio, bem como para identificar estrat\u00e9gias de promo\u00e7\u00e3o e desenvolvimento que refletissem esses elementos de forma eficaz.<\/p>\n<p style=\"font-weight: 400;\">O Prefeito Jo\u00e3o Carlos Krug destacou a import\u00e2ncia da participa\u00e7\u00e3o da comunidade e agradeceu a todos os envolvidos por dedicarem seu tempo e conhecimento para contribuir com o processo de constru\u00e7\u00e3o do marketing territorial do munic\u00edpio. Ele ressaltou que essa iniciativa \u00e9 fundamental para impulsionar o crescimento de Chapad\u00e3o do Sul e fortalecer sua identidade no cen\u00e1rio regional e nacional.<\/p>\n<p style=\"font-weight: 400;\">Para garantir o sucesso do evento, os participantes foram convidados a confirmar sua presen\u00e7a at\u00e9 o dia 1\u00ba de setembro, demonstrando o compromisso e o interesse da comunidade em participar ativamente do desenvolvimento de Chapad\u00e3o do Sul.<\/p>\n<p style=\"font-weight: 400;\">A &#8220;Oficina de Co-Cria\u00e7\u00e3o do Branding \u2013 Marketing Territorial&#8221; representou um passo importante na constru\u00e7\u00e3o do futuro de Chapad\u00e3o do Sul, demonstrando a capacidade da comunidade local em se unir em prol do crescimento sustent\u00e1vel do munic\u00edpio. O evento n\u00e3o apenas consolidou a import\u00e2ncia do branding e do marketing territorial, mas tamb\u00e9m destacou a determina\u00e7\u00e3o da administra\u00e7\u00e3o municipal e da sociedade em trabalharem juntos na constru\u00e7\u00e3o de um futuro promissor para a regi\u00e3o.<\/p>\n<p style=\"font-weight: 400;\">Nesse sentido, foi lan\u00e7ada uma pesquisa online para permitir que os residentes colaborem na constru\u00e7\u00e3o da gest\u00e3o da marca de Chapad\u00e3o do Sul. A pesquisa tem o intuito de coletar informa\u00e7\u00f5es sobre a percep\u00e7\u00e3o da cidade pelos moradores, identificando seus pontos fortes, caracter\u00edsticas distintivas e principais voca\u00e7\u00f5es.<\/p>\n<p style=\"font-weight: 400;\"><strong>A Sua Participa\u00e7\u00e3o \u00e9 Fundamental<\/strong><\/p>\n<p style=\"font-weight: 400;\">A constru\u00e7\u00e3o da identidade de Chapad\u00e3o do Sul n\u00e3o pode ser realizada sem a participa\u00e7\u00e3o ativa de nossa comunidade. Queremos que todos se sintam representados neste processo. Afinal, ningu\u00e9m conhece nossa cidade melhor do que aqueles que a chamam de lar. O SEBRAE enfatiza a import\u00e2ncia da colabora\u00e7\u00e3o dos moradores: &#8220;Contamos com a colabora\u00e7\u00e3o dos moradores de Chapad\u00e3o do Sul para construir a identidade do munic\u00edpio. Queremos que todos se sintam representados neste processo e que possamos fortalecer o desenvolvimento local.&#8221;<\/p>\n<p style=\"font-weight: 400;\"><strong>Como Voc\u00ea Pode Contribuir?<\/strong><\/p>\n<p style=\"font-weight: 400;\">Para participar, \u00e9 simples! Basta acessar o link fornecido pelo Programa Cidade Empreendedora e responder \u00e0s quest\u00f5es da pesquisa. Queremos saber como voc\u00ea enxerga nossa cidade, quais s\u00e3o os pontos fortes que voc\u00ea identifica, as caracter\u00edsticas que mais o orgulham e as potencialidades que acredita que podem ser exploradas. Sua opini\u00e3o \u00e9 valiosa e ser\u00e1 cuidadosamente considerada no processo de moldar o futuro de Chapad\u00e3o do Sul.<\/p>\n<p style=\"font-weight: 400;\"><strong>Um Futuro Brilhante para Chapad\u00e3o do Sul<\/strong><\/p>\n<p style=\"font-weight: 400;\">Com o ciclo de expans\u00e3o do Programa Cidade Empreendedora, temos a oportunidade de criar um futuro brilhante para Chapad\u00e3o do Sul. Vamos mostrar ao mundo o que nossa cidade tem a oferecer, atrair investimentos que beneficiar\u00e3o a todos e, acima de tudo, fortalecer nosso senso de identidade e comunidade.<\/p>\n<p style=\"font-weight: 400;\">Portanto, se voc\u00ea reside em Chapad\u00e3o do Sul, n\u00e3o perca a chance de contribuir para o crescimento de nossa cidade. Acesse o link da pesquisa:\u00a0<a href=\"https:\/\/forms.gle\/URA9EXDRRDZFpSyK6\">https:\/\/forms.gle\/URA9EXDRRDZFpSyK6<\/a>\u00a0e compartilhe suas impress\u00f5es, opini\u00f5es e ideias sobre nossa cidade. Sua participa\u00e7\u00e3o \u00e9 fundamental para o desenvolvimento de uma identidade robusta e cativante para Chapad\u00e3o do Sul. Juntos, podemos moldar o futuro que desejamos para nossa cidade. Vamos construir juntos o futuro de Chapad\u00e3o do Sul, e juntos, alcan\u00e7aremos novos patamares de sucesso e prosperidade. Vamos mostrar ao mundo o orgulho que sentimos por nossa cidade!<\/p>\n<p style=\"font-weight: 400;\">Para mais informa\u00e7\u00f5es entre em contato com a Secretaria Municipal de Desenvolvimento Econ\u00f4mico e Meio Ambiente pelo telefone (67) 3562-5672 ou pelo WhatsApp\u00a0<a href=\"https:\/\/wa.me\/5567996183431\">https:\/\/wa.me\/5567996183431<\/a>.<\/p>\n<p><img decoding=\"async\" src=\"http:\/\/www.chapadaodosul.ms.gov.br\/admin\/arquivos\/imagem\/Imagem%20do%20WhatsApp%20de%202023-09-21%20%C3%A0(s)%2011.03.58.jpg\" \/><\/p>\n","protected":false},"excerpt":{"rendered":"<p>Na data de 13 de setembro de 2023, o munic\u00edpio de Chapad\u00e3o do Sul viveu um marco em sua trajet\u00f3ria de desenvolvimento econ\u00f4mico e fortalecimento da sua identidade territorial. Aconteceu a &#8220;Oficina de Co-Cria\u00e7\u00e3o do Branding \u2013 Marketing Territorial&#8221;, um evento que reuniu l\u00edderes locais, incluindo o Prefeito Municipal Jo\u00e3o Carlos Krug e diversas lideran\u00e7as [&hellip;]<\/p>\n","protected":false},"author":4,"featured_media":252233,"comment_status":"closed","ping_status":"closed","sticky":false,"template":"","format":"standard","meta":{"footnotes":""},"categories":[23,41],"tags":[],"class_list":["post-252232","post","type-post","status-publish","format-standard","has-post-thumbnail","hentry","category-chapadao-do-sul","category-destaque"],"_links":{"self":[{"href":"https:\/\/www.ocorreionews.com.br\/acervo-correio\/index.php?rest_route=\/wp\/v2\/posts\/252232","targetHints":{"allow":["GET"]}}],"collection":[{"href":"https:\/\/www.ocorreionews.com.br\/acervo-correio\/index.php?rest_route=\/wp\/v2\/posts"}],"about":[{"href":"https:\/\/www.ocorreionews.com.br\/acervo-correio\/index.php?rest_route=\/wp\/v2\/types\/post"}],"author":[{"embeddable":true,"href":"https:\/\/www.ocorreionews.com.br\/acervo-correio\/index.php?rest_route=\/wp\/v2\/users\/4"}],"replies":[{"embeddable":true,"href":"https:\/\/www.ocorreionews.com.br\/acervo-correio\/index.php?rest_route=%2Fwp%2Fv2%2Fcomments&post=252232"}],"version-history":[{"count":1,"href":"https:\/\/www.ocorreionews.com.br\/acervo-correio\/index.php?rest_route=\/wp\/v2\/posts\/252232\/revisions"}],"predecessor-version":[{"id":252234,"href":"https:\/\/www.ocorreionews.com.br\/acervo-correio\/index.php?rest_route=\/wp\/v2\/posts\/252232\/revisions\/252234"}],"wp:featuredmedia":[{"embeddable":true,"href":"https:\/\/www.ocorreionews.com.br\/acervo-correio\/index.php?rest_route=\/wp\/v2\/media\/252233"}],"wp:attachment":[{"href":"https:\/\/www.ocorreionews.com.br\/acervo-correio\/index.php?rest_route=%2Fwp%2Fv2%2Fmedia&parent=252232"}],"wp:term":[{"taxonomy":"category","embeddable":true,"href":"https:\/\/www.ocorreionews.com.br\/acervo-correio\/index.php?rest_route=%2Fwp%2Fv2%2Fcategories&post=252232"},{"taxonomy":"post_tag","embeddable":true,"href":"https:\/\/www.ocorreionews.com.br\/acervo-correio\/index.php?rest_route=%2Fwp%2Fv2%2Ftags&post=252232"}],"curies":[{"name":"wp","href":"https:\/\/api.w.org\/{rel}","templated":true}]}}