{"id":252263,"date":"2023-09-22T05:30:46","date_gmt":"2023-09-22T09:30:46","guid":{"rendered":"https:\/\/www.ocorreionews.com.br\/acervo-correio\/?p=252263"},"modified":"2023-09-22T05:30:46","modified_gmt":"2023-09-22T09:30:46","slug":"rota-bioceanica-coloca-ms-no-epicentro-do-desenvolvimento-do-brasil-diz-paulo-correa","status":"publish","type":"post","link":"https:\/\/www.ocorreionews.com.br\/acervo-correio\/?p=252263","title":{"rendered":"\u201cRota Bioce\u00e2nica coloca MS no epicentro do desenvolvimento do Brasil\u201d, diz Paulo Corr\u00eaa"},"content":{"rendered":"<p style=\"text-align: center;\"><em><strong>Parlamentar tamb\u00e9m refor\u00e7ou integra\u00e7\u00e3o com Paraguai, Chile e Argentina<\/strong><\/em><\/p>\n<p>\u201c\u00c9 um momento extremamente importante do ponto de vista pol\u00edtico e de integra\u00e7\u00e3o com o Paraguai, Argentina e Chile. A Rota Bioce\u00e2nica foi sonhada 40 anos atr\u00e1s e hoje se torna realidade, com a constru\u00e7\u00e3o da ponte sobre o Rio Paraguai, ligando Porto Murtinho a Carmelo Peralta\u201d, avaliou o 1\u00ba secret\u00e1rio da Assembleia Legislativa de Mato Grosso do Sul (ALEMS), deputado Paulo Corr\u00eaa (PSDB).<\/p>\n<p>O ex-presidente da Casa de Leis assinou, nesta quinta-feira (21), o ato que formaliza a cria\u00e7\u00e3o da Frente Parlamentar de Acompanhamento da Implanta\u00e7\u00e3o da Rota Bioce\u00e2nica, grupo de trabalho independente, composto por deputados estaduais, respons\u00e1vel por acompanhar de perto cada detalhe sobre o andamento das obras.<\/p>\n<p>Hist\u00f3rico, o evento contou com a presen\u00e7a dos ex-presidentes, do Brasil, Michel Temer, e do Paraguai, Mario Abdo Ben\u00edtez, do ex-ministro da Secretaria de Governo da Presid\u00eancia da Rep\u00fablica e Conselheiro da Itaipu, Carlos Marun, da ministra do Planejamento, Simone Tebet, al\u00e9m do governador Eduardo Riedel e seus antecessores, Reinaldo Azambuja e Andr\u00e9 Puccinelli.<\/p>\n<p><img loading=\"lazy\" decoding=\"async\" class=\"alignnone wp-image-252266 size-large\" src=\"https:\/\/www.ocorreionews.com.br\/acervo-correio\/wp-content\/uploads\/2023\/09\/paulo-rota2-1024x682.jpg\" alt=\"\" width=\"1024\" height=\"682\" srcset=\"https:\/\/www.ocorreionews.com.br\/acervo-correio\/wp-content\/uploads\/2023\/09\/paulo-rota2-1024x682.jpg 1024w, https:\/\/www.ocorreionews.com.br\/acervo-correio\/wp-content\/uploads\/2023\/09\/paulo-rota2-300x200.jpg 300w, https:\/\/www.ocorreionews.com.br\/acervo-correio\/wp-content\/uploads\/2023\/09\/paulo-rota2-768x512.jpg 768w, https:\/\/www.ocorreionews.com.br\/acervo-correio\/wp-content\/uploads\/2023\/09\/paulo-rota2-1536x1023.jpg 1536w, https:\/\/www.ocorreionews.com.br\/acervo-correio\/wp-content\/uploads\/2023\/09\/paulo-rota2.jpg 1600w\" sizes=\"auto, (max-width: 1024px) 100vw, 1024px\" \/><\/p>\n<p>\u201cA ponte sobre o Rio Paraguai j\u00e1 est\u00e1 30% conclu\u00edda, o Paraguai licitando o \u00faltimo tramo entre Mariscal Estigarribia e Pozo Hondo, que s\u00e3o 220 km aproximadamente, transformando esse sonho em realidade, que coloca Mato Grosso do Sul no epicentro do desenvolvimento do nosso Brasil\u201d, afirma Corr\u00eaa, cidad\u00e3o murtinhense.<\/p>\n<p>O parlamentar fala, ainda, do simbolismo da presen\u00e7a dos ex-presidentes Michel Temer e Mario Abdo Ben\u00edtez, no Parlamento Sul-mato-grossense. \u201cForam eles que assinaram, em conjunto, o conv\u00eanio que possibilitou que estiv\u00e9ssemos vivenciando esse dia hist\u00f3rico, n\u00e3o s\u00f3 para Mato Grosso do Sul, mas para toda Am\u00e9rica do Sul, e eu estou muito feliz de ser deputado nesse momento maravilhoso\u201d, disse.<\/p>\n<p><img loading=\"lazy\" decoding=\"async\" class=\"alignnone wp-image-252267 size-large\" src=\"https:\/\/www.ocorreionews.com.br\/acervo-correio\/wp-content\/uploads\/2023\/09\/paulo-rota3-1024x682.jpg\" alt=\"\" width=\"1024\" height=\"682\" srcset=\"https:\/\/www.ocorreionews.com.br\/acervo-correio\/wp-content\/uploads\/2023\/09\/paulo-rota3-1024x682.jpg 1024w, https:\/\/www.ocorreionews.com.br\/acervo-correio\/wp-content\/uploads\/2023\/09\/paulo-rota3-300x200.jpg 300w, https:\/\/www.ocorreionews.com.br\/acervo-correio\/wp-content\/uploads\/2023\/09\/paulo-rota3-768x512.jpg 768w, https:\/\/www.ocorreionews.com.br\/acervo-correio\/wp-content\/uploads\/2023\/09\/paulo-rota3-1536x1023.jpg 1536w, https:\/\/www.ocorreionews.com.br\/acervo-correio\/wp-content\/uploads\/2023\/09\/paulo-rota3.jpg 1600w\" sizes=\"auto, (max-width: 1024px) 100vw, 1024px\" \/><\/p>\n<p>Com a nova rota comercial que liga Brasil, Paraguai, Chile e Bol\u00edvia por via terrestre, \u201cMato Grosso do Sul ter\u00e1 um salto de qualidade na venda de mercadorias para a \u00c1sia, nosso principal consumidor, com a economia de 14 mil quil\u00f4metros de hidrovia, que significam 14 dias a menos de frete com possibilidade de tocar em linha reta\u201d, comemorou o tucano.<\/p>\n<p><strong>Integra\u00e7\u00e3o<\/strong><\/p>\n<p>O governador Eduardo Riedel apontou a integra\u00e7\u00e3o entre o Mato Grosso do Sul e os pa\u00edses da Am\u00e9rica do Sul que comp\u00f5em a rota.<\/p>\n<p><img loading=\"lazy\" decoding=\"async\" class=\"alignnone wp-image-252268 size-large\" src=\"https:\/\/www.ocorreionews.com.br\/acervo-correio\/wp-content\/uploads\/2023\/09\/paulo-rota4-1024x575.jpg\" alt=\"\" width=\"1024\" height=\"575\" srcset=\"https:\/\/www.ocorreionews.com.br\/acervo-correio\/wp-content\/uploads\/2023\/09\/paulo-rota4-1024x575.jpg 1024w, https:\/\/www.ocorreionews.com.br\/acervo-correio\/wp-content\/uploads\/2023\/09\/paulo-rota4-300x168.jpg 300w, https:\/\/www.ocorreionews.com.br\/acervo-correio\/wp-content\/uploads\/2023\/09\/paulo-rota4-768x431.jpg 768w, https:\/\/www.ocorreionews.com.br\/acervo-correio\/wp-content\/uploads\/2023\/09\/paulo-rota4-1536x862.jpg 1536w, https:\/\/www.ocorreionews.com.br\/acervo-correio\/wp-content\/uploads\/2023\/09\/paulo-rota4.jpg 1600w\" sizes=\"auto, (max-width: 1024px) 100vw, 1024px\" \/><\/p>\n<p>\u201cQuero aqui cumprimentar o presidente do Paraguai Mario Abdo Ben\u00edtez, porque ele tomou uma decis\u00e3o l\u00e1 atr\u00e1s de pavimentar 500 quil\u00f4metros no Chaco Paraguaio. Tamb\u00e9m rendo minhas homenagens ao presidente Michel Temer e Carlos Marun pelo trabalho realizado. Ainda temos muito a assistir como rela\u00e7\u00f5es diplom\u00e1ticas, fast-track e melhoramento das rela\u00e7\u00f5es das alf\u00e2ndegas para que a rota funcione bem. Ent\u00e3o, esse processo \u00e9 uma constru\u00e7\u00e3o di\u00e1ria de todos os protagonistas pol\u00edticos que fazem parte do momento da hist\u00f3ria\u201d, disse.<\/p>\n<p>Na avalia\u00e7\u00e3o do ex-presidente Michel Temer, a Rota tamb\u00e9m intensificar\u00e1 a integra\u00e7\u00e3o entre Brasil e Paraguai. \u201cAs terras da rota saindo daqui para a Carmelo Peralta j\u00e1 est\u00e3o valorizadas e ser\u00e1 uma rota tur\u00edstica extraordin\u00e1ria que incrementar\u00e1 muito o turismo entre Brasil e Paraguai. Somos j\u00e1 pa\u00edses irm\u00e3os e nos fraternizamos mais e, neste momento, h\u00e1 uma concretiza\u00e7\u00e3o disso\u201d, destacou.<\/p>\n<p>Para Mario Abdo Ben\u00edtez, o novo corredor comercial tem potencial para se tornar o novo Canal do Panam\u00e1. \u201cEste corredor bioce\u00e2nico, que liga o Oceano Atl\u00e2ntico ao Oceano Pac\u00edfico, mudar\u00e1 para sempre a configura\u00e7\u00e3o log\u00edstica da nossa regi\u00e3o e permitir\u00e1 que todos os pa\u00edses sejam protagonistas do acesso para grandes mercados de uma forma mais competitiva\u201d, relembrou.<\/p>\n<p>Ministra do Planejamento e Or\u00e7amento, Simone Tebet refor\u00e7ou o trabalho do Governo Federal para melhorar a infraestrutura rodovi\u00e1ria, ferrovi\u00e1ria e aduaneira.<br \/>\n\u201cO que faltava era a ponte, e na \u00e9poca do governo do presidente Michel Temer, com a ajuda do nosso ministro que foi muito atuante, l\u00e1 junto a Itaipu, n\u00f3s conseguimos 85 milh\u00f5es de d\u00f3lares para a ponte. Agora, em outubro, j\u00e1 come\u00e7a o processo de licita\u00e7\u00e3o dessa al\u00e7a, que deve terminar em abril e, a partir da\u00ed, n\u00f3s teremos condi\u00e7\u00f5es de dar a ordem de servi\u00e7o, acredito que j\u00e1 na primeira semestre de 2024\u201d, adiantou.<\/p>\n<p>Assessoria<\/p>\n","protected":false},"excerpt":{"rendered":"<p>Parlamentar tamb\u00e9m refor\u00e7ou integra\u00e7\u00e3o com Paraguai, Chile e Argentina \u201c\u00c9 um momento extremamente importante do ponto de vista pol\u00edtico e de integra\u00e7\u00e3o com o Paraguai, Argentina e Chile. A Rota Bioce\u00e2nica foi sonhada 40 anos atr\u00e1s e hoje se torna realidade, com a constru\u00e7\u00e3o da ponte sobre o Rio Paraguai, ligando Porto Murtinho a Carmelo [&hellip;]<\/p>\n","protected":false},"author":4,"featured_media":252265,"comment_status":"closed","ping_status":"closed","sticky":false,"template":"","format":"standard","meta":{"footnotes":""},"categories":[37],"tags":[],"class_list":["post-252263","post","type-post","status-publish","format-standard","has-post-thumbnail","hentry","category-politica"],"_links":{"self":[{"href":"https:\/\/www.ocorreionews.com.br\/acervo-correio\/index.php?rest_route=\/wp\/v2\/posts\/252263","targetHints":{"allow":["GET"]}}],"collection":[{"href":"https:\/\/www.ocorreionews.com.br\/acervo-correio\/index.php?rest_route=\/wp\/v2\/posts"}],"about":[{"href":"https:\/\/www.ocorreionews.com.br\/acervo-correio\/index.php?rest_route=\/wp\/v2\/types\/post"}],"author":[{"embeddable":true,"href":"https:\/\/www.ocorreionews.com.br\/acervo-correio\/index.php?rest_route=\/wp\/v2\/users\/4"}],"replies":[{"embeddable":true,"href":"https:\/\/www.ocorreionews.com.br\/acervo-correio\/index.php?rest_route=%2Fwp%2Fv2%2Fcomments&post=252263"}],"version-history":[{"count":1,"href":"https:\/\/www.ocorreionews.com.br\/acervo-correio\/index.php?rest_route=\/wp\/v2\/posts\/252263\/revisions"}],"predecessor-version":[{"id":252269,"href":"https:\/\/www.ocorreionews.com.br\/acervo-correio\/index.php?rest_route=\/wp\/v2\/posts\/252263\/revisions\/252269"}],"wp:featuredmedia":[{"embeddable":true,"href":"https:\/\/www.ocorreionews.com.br\/acervo-correio\/index.php?rest_route=\/wp\/v2\/media\/252265"}],"wp:attachment":[{"href":"https:\/\/www.ocorreionews.com.br\/acervo-correio\/index.php?rest_route=%2Fwp%2Fv2%2Fmedia&parent=252263"}],"wp:term":[{"taxonomy":"category","embeddable":true,"href":"https:\/\/www.ocorreionews.com.br\/acervo-correio\/index.php?rest_route=%2Fwp%2Fv2%2Fcategories&post=252263"},{"taxonomy":"post_tag","embeddable":true,"href":"https:\/\/www.ocorreionews.com.br\/acervo-correio\/index.php?rest_route=%2Fwp%2Fv2%2Ftags&post=252263"}],"curies":[{"name":"wp","href":"https:\/\/api.w.org\/{rel}","templated":true}]}}