{"id":252275,"date":"2023-09-22T05:41:05","date_gmt":"2023-09-22T09:41:05","guid":{"rendered":"https:\/\/www.ocorreionews.com.br\/acervo-correio\/?p=252275"},"modified":"2023-09-22T05:41:05","modified_gmt":"2023-09-22T09:41:05","slug":"amplavisao-eleicoes-o-eleitor-sempre-tem-razao","status":"publish","type":"post","link":"https:\/\/www.ocorreionews.com.br\/acervo-correio\/?p=252275","title":{"rendered":"Amplavis\u00e3o &#8211; Elei\u00e7\u00f5es: o eleitor sempre tem raz\u00e3o!"},"content":{"rendered":"<p><strong><u>ELEI\u00c7\u00d5ES:<\/u><\/strong>\u00a0Aqui o papo se volta \u00e0 necessidade do candidato fazer a leitura do que \u00a0pensa o eleitor sobre as elei\u00e7\u00f5es de sua cidade. A decis\u00e3o \u00e9 mais racional ou emocional? O que ele efetivamente leva em conta? Cada eleitor com seu crit\u00e9rio: o perfil do candidato, a ideologia, as prioridades, a simpatia, a antipatia e as vantagens pessoais.<\/p>\n<p><strong><u>DIFERENTE:<\/u><\/strong>\u00a0A pol\u00edtica n\u00e3o \u00e9 ci\u00eancia exata, situa-se no campo da pluralidade de ideia e opini\u00f5es. \u00a0Nas rela\u00e7\u00f5es do candidato com o eleitor ser\u00e1 poss\u00edvel identificar os desejos sem mascaras.\u00a0<strong>O<\/strong>\u00a0<strong>eleitor sempre tem raz\u00e3o<\/strong>\u00a0\u2013 n\u00e3o importa a situa\u00e7\u00e3o. \u00c9 a m\u00e1xima que o candidato n\u00e3o pode esquecer. Igual ao aviso de m\u00e3e: \u201cleve o casaco filho, pode esfriar\u201d!<\/p>\n<p><strong><u>REFLEX\u00c3O:<\/u><\/strong>\u00a0Deveria ser imprescind\u00edvel aos derrotados. Voltados ao pr\u00f3prio umbigo \u00a0eles optam pela habitual conclus\u00e3o de que o eleitor fora ingrato ou incompetente na escolha. Mas os derrotados deveriam fazer a chamada \u2018mea culpa\u2019 e concomitantemente investigar as raz\u00f5es \u2013 as vezes submersas \u2013 da postura do eleitor nas urnas.<\/p>\n<p><strong><u>RAZ\u00d5ES:<\/u><\/strong>\u00a0Perde-se elei\u00e7\u00f5es pela falta de estrutura, candidato fraco, sem carisma, salto alto (soberba), mensagem equivocada na campanha, discrimina\u00e7\u00e3o de grupos sociais, dificuldade do candidato nas rela\u00e7\u00f5es pessoais com a comunidade e ainda pela presen\u00e7a de figuras apoiadoras sem prest\u00edgio ou j\u00e1 desgastadas.<\/p>\n<p><strong><u>\u2018\u00c1GUA &amp; \u00d3LEO:<\/u><\/strong>\u00a0Jamais soube que um partido, antes do \u2018casamento\u2019 com outra sigla (ex-advers\u00e1ria), consultasse o seu eleitor na base. Os dirigentes, olhando seus projetos pessoais negociam acordos, \u00e0s vezes rejeitados ainda na campanha ou na cabine.\u00a0Por v\u00e1rias raz\u00f5es o\u00a0<strong>eleitor tem lado e mem\u00f3ria<\/strong>, s\u00f3 muda por motiva\u00e7\u00e3o excepcional.<\/p>\n<p><strong><u>APOSTAS:<\/u><\/strong>\u00a0Eleita com 60,85% votos, qual ser\u00e1 o peso da senadora Tereza Cristina (PP) nas elei\u00e7\u00f5es da capital como cabo eleitoral da prefeita Adriane Lopes (PP)? A seu favor h\u00e1 a tend\u00eancia conservadora do eleitorado da capital, mas na elei\u00e7\u00e3o municipal vale aquela pol\u00edtica varejista. \u00c9 cedo para previs\u00f5es, mas \u00e9 hora certa para alertar.<\/p>\n<p><strong><u>LEITURAS:\u00a0<\/u><\/strong>\u00a0Vale atentar para certos n\u00fameros em algumas pesquisas eleitorais. A amostra da \u2018Ranking\u2019 \u00e9 a \u00faltima delas. O eleitor precisa admitir o poder de fogo de nomes, que mesmo n\u00e3o estando no topo da prefer\u00eancia, ser\u00e3o decisivos no 2\u00ba turno. Quem n\u00e3o aglutinar, mesmo sendo o campe\u00e3o do1\u00ba turno, perde. Caso do Capit\u00e3o Contar em 2022.<\/p>\n<p><strong><u>ROSE MODESTO:<\/u><\/strong>\u00a0Hoje no Uni\u00e3o Brasil, a presidente da Sudeco n\u00e3o pode ser ignorada nas discuss\u00f5es sobre candidaturas vi\u00e1veis \u00e0 prefeitura da capital. A lei imp\u00f5e que deixe o cargo 6 meses antes, mas ela vem articulando certo e com projeto de programa\u00a0na TV Guanandi. Em todos os pleitos que participou sua aceita\u00e7\u00e3o em Campo Grande foi muito boa. Portanto&#8230;<\/p>\n<p><strong><u>MUDAN\u00c7AS:<\/u><\/strong>\u00a0Com a imagem de t\u00e9cnico vendida com sucesso em 2022, o governador Riedel (PSDB) vai dando demonstra\u00e7\u00f5es de que est\u00e1 aderindo ao modelito pol\u00edtico.\u00a0 Sua postura em eventos \u00e9 outra, descontra\u00edda, sorrisos mais largos e distribuindo abra\u00e7os arrochados. Pois \u00e9 &#8211; o poder tem flu\u00eddos capazes de vencer qualquer timidez.<\/p>\n<p><strong><u>WHY NOT?<\/u><\/strong>\u00a0Estaria \u2018tudo dominado\u2019 para 2026, quando Riedel tentaria a reelei\u00e7\u00e3o e o ex-governador Reinaldo (PSDB) buscando o Senado? At\u00e9 l\u00e1 nenhum fato relevante ou novo nome no cen\u00e1rio local? Um ex-deputado lembra que Puccinelli e Moka eram os preferidos e foram atropelados:\u00a0<strong>\u201c Li\u00e7\u00f5es no retrovisor &#8211; por que n\u00e3o?!\u201d<\/strong><\/p>\n<p><strong><u>OTIMISTA:\u00a0<\/u><\/strong>\u00a0Em 2024 ele obteve s\u00f3 na capital 19.766 votos para deputado federal, o 5\u00ba mais votado. Ap\u00f3s deixar o PT Flavio Cabo Almi ingressou no PSDB para tentar a verean\u00e7a em Campo Grande confiante na aceita\u00e7\u00e3o que obteve (mais de 14 mil votos) apenas na regi\u00e3o onde seu pai Cabo Almi representou por muitos anos.\u00a0<strong>Leva jeito.<\/strong><\/p>\n<p><strong><u>A PROP\u00d3SITO:\u00a0<\/u><\/strong>\u00a0Vale recordar os campe\u00f5es de votos na capital em 2022: Marcos Pollon (PL) 38.410, Camila Jara (PT) 37.737, Lucas de Lima (PDT) 16.566, Beto Pereira (PSDB) 16.444, Vander Loubet (PT) 14.043. Mas cada elei\u00e7\u00e3o com suas singularidades decorrentes do cen\u00e1rio e de v\u00e1rios fatores influenci\u00e1veis.<\/p>\n<p><strong><u>SIM OU N\u00c3O?<\/u><\/strong>\u00a0Pa\u00eds dividido com a descriminaliza\u00e7\u00e3o do aborto no STF. A esquerda alega: duas mulheres morrem todos os dias pela pratica de aborto \u2013 enquanto as mulheres ricas recorrem as cl\u00ednicas de luxo para abortar, as mulheres pobres usam de m\u00e9todos perigosos \u00e0 sua sa\u00fade e correm risco de morte. Enfim: seria: \u2018pura hipocrisia\u2019.<\/p>\n<p><strong><u>CONTRA!\u00a0<\/u><\/strong>\u00a0A direita, aqui representada pelo deputado Rodolfo Nogueira (PL) a pretens\u00e3o da esquerda \u00e9 incoerente. Lembra que os partidos que defendem o aborto s\u00e3o contra a pena de morte de assassinos, sequestradores e estupradores \u2013 mas agora querem legalizar o assassinato de crian\u00e7as inocentes, indefesos ainda no ventre materno.<\/p>\n<p><strong><u>RESUMINDO:\u00a0<\/u><\/strong>\u00a0O epis\u00f3dio \u00e9 apenas a ponta do iceberg, fruto da falta de educa\u00e7\u00e3o sexual nas escolas \u2013 inclusive da preven\u00e7\u00e3o. O aborto continuar\u00e1 existindo com ou sem autoriza\u00e7\u00e3o.\u00a0A Lei Penal que criminaliza o aborto \u00e9 de 1940, (as mulheres ainda nem votavam). Como o STF decidir\u00e1 com essas press\u00f5es pol\u00edticas e religiosas?\u00a0<strong>Complicado.<\/strong><\/p>\n<p><strong><u>ERRADO:<\/u><\/strong>\u00a0Com a demora do Congresso em apreciar seus projetos, partidos recorrem ao STF como se a corte fosse extens\u00e3o do legislativo. Uma intromiss\u00e3o nas fun\u00e7\u00f5es da C\u00e2mara e Senado. Cada poder tem sua \u00e1rea de atua\u00e7\u00e3o: o legislativo elabora as leis, o Executivo administra e o STF \u00e9 a inst\u00e2ncia m\u00e1xima cuidando dos diretos e deveres constitucionais.<\/p>\n<p><strong><u>MESMICE:<\/u><\/strong>\u00a0J\u00e1 tivemos governantes estaduais e federais de diferentes tend\u00eancias ideol\u00f3gicas e a quest\u00e3o ind\u00edgena no MS sem solu\u00e7\u00e3o. A quest\u00e3o b\u00e1sica \u00e9 a seguinte: nada contra o direito dos \u00edndios, mas \u00e9 preciso indenizar quem est\u00e1 em cima destas terras. Fora disso a novela continua com alguns personagens faturando em cima da causa.\u00a0<strong>Menos demagogia, mais praticidade<\/strong>.<\/p>\n<p><strong><u>VOZ NO DESERTO:\u00a0<\/u><\/strong>\u00a0O ex-senador Delc\u00eddio do Amaral (PTB) reaparece e aplaude a decis\u00e3o do ministro Dias T\u00f3foli contra a Lava Jato ao considerar imprest\u00e1veis as provas produzidas no processo. \u201cUma repara\u00e7\u00e3o hist\u00f3rica\u201d, sustenta Delc\u00eddio, na manifesta\u00e7\u00e3o isolada de apoio a decis\u00e3o. Pelo visto sonha com a volta antecipada.\u00a0<strong>Sem espa\u00e7o.<\/strong><\/p>\n<p><strong><u>CONVENHAMOS:\u00a0<\/u><\/strong>A reinser\u00e7\u00e3o de um pol\u00edtico \u2013 ap\u00f3s anos fora do cen\u00e1rio &#8211; sendo alvo de notici\u00e1rio desgastante \u00e9 uma obra de engenharia pol\u00edtica complicada. Para piorar a situa\u00e7\u00e3o do ex-senador, ele est\u00e1 sem grupo pol\u00edtico definido. Sua sigla- o PTB \u2013 praticamente n\u00e3o tem representa\u00e7\u00e3o no Mato Grosso do Sul.\u00a0<strong>S\u00f3 por milagre!<\/strong><\/p>\n<p><strong><u>CONTA SALGADA:<\/u><\/strong>\u00a0S\u00e3o 14.130 traficantes cumprindo pena no MS e boa arte deles nem reside aqui. Cada um custa R$2 mil por m\u00eas, totalizando\u00a0<strong>R$ 339 ao ano<\/strong>. Em 2017 o Governo Estadual\u00a0 pediu ao STF \u2013 sem sucesso &#8211; o ressarcimento dos gastos \u2013 A corte entendeu que enquanto n\u00e3o tivermos aqui pres\u00eddios federais para abrigar esses detentos, \u00a0teremos que arcar com os gastos. \u00a0<strong>Ficamos no preju\u00edzo.<\/strong><\/p>\n","protected":false},"excerpt":{"rendered":"<p>ELEI\u00c7\u00d5ES:\u00a0Aqui o papo se volta \u00e0 necessidade do candidato fazer a leitura do que \u00a0pensa o eleitor sobre as elei\u00e7\u00f5es de sua cidade. A decis\u00e3o \u00e9 mais racional ou emocional? O que ele efetivamente leva em conta? Cada eleitor com seu crit\u00e9rio: o perfil do candidato, a ideologia, as prioridades, a simpatia, a antipatia e [&hellip;]<\/p>\n","protected":false},"author":4,"featured_media":248887,"comment_status":"closed","ping_status":"closed","sticky":false,"template":"","format":"standard","meta":{"footnotes":""},"categories":[37],"tags":[],"class_list":["post-252275","post","type-post","status-publish","format-standard","has-post-thumbnail","hentry","category-politica"],"_links":{"self":[{"href":"https:\/\/www.ocorreionews.com.br\/acervo-correio\/index.php?rest_route=\/wp\/v2\/posts\/252275","targetHints":{"allow":["GET"]}}],"collection":[{"href":"https:\/\/www.ocorreionews.com.br\/acervo-correio\/index.php?rest_route=\/wp\/v2\/posts"}],"about":[{"href":"https:\/\/www.ocorreionews.com.br\/acervo-correio\/index.php?rest_route=\/wp\/v2\/types\/post"}],"author":[{"embeddable":true,"href":"https:\/\/www.ocorreionews.com.br\/acervo-correio\/index.php?rest_route=\/wp\/v2\/users\/4"}],"replies":[{"embeddable":true,"href":"https:\/\/www.ocorreionews.com.br\/acervo-correio\/index.php?rest_route=%2Fwp%2Fv2%2Fcomments&post=252275"}],"version-history":[{"count":1,"href":"https:\/\/www.ocorreionews.com.br\/acervo-correio\/index.php?rest_route=\/wp\/v2\/posts\/252275\/revisions"}],"predecessor-version":[{"id":252276,"href":"https:\/\/www.ocorreionews.com.br\/acervo-correio\/index.php?rest_route=\/wp\/v2\/posts\/252275\/revisions\/252276"}],"wp:featuredmedia":[{"embeddable":true,"href":"https:\/\/www.ocorreionews.com.br\/acervo-correio\/index.php?rest_route=\/wp\/v2\/media\/248887"}],"wp:attachment":[{"href":"https:\/\/www.ocorreionews.com.br\/acervo-correio\/index.php?rest_route=%2Fwp%2Fv2%2Fmedia&parent=252275"}],"wp:term":[{"taxonomy":"category","embeddable":true,"href":"https:\/\/www.ocorreionews.com.br\/acervo-correio\/index.php?rest_route=%2Fwp%2Fv2%2Fcategories&post=252275"},{"taxonomy":"post_tag","embeddable":true,"href":"https:\/\/www.ocorreionews.com.br\/acervo-correio\/index.php?rest_route=%2Fwp%2Fv2%2Ftags&post=252275"}],"curies":[{"name":"wp","href":"https:\/\/api.w.org\/{rel}","templated":true}]}}