{"id":252277,"date":"2023-09-22T04:41:26","date_gmt":"2023-09-22T08:41:26","guid":{"rendered":"https:\/\/www.ocorreionews.com.br\/acervo-correio\/?p=252277"},"modified":"2023-09-22T16:00:41","modified_gmt":"2023-09-22T20:00:41","slug":"alcinopolis-se-destaca-no-muarq-museu-de-arqueologia-da-ufms","status":"publish","type":"post","link":"https:\/\/www.ocorreionews.com.br\/acervo-correio\/?p=252277","title":{"rendered":"Alcin\u00f3polis se destaca no MUARQ \u201cMuseu de Arqueologia da UFMS\u201d."},"content":{"rendered":"<p>Alcin\u00f3polis \u201cA Capital Estadual da Arte Rupestre\u201d vem se destacando nas m\u00eddias nacionais, por possuir in\u00fameras grutas\/s\u00edtios arqueol\u00f3gicas, no qual tinha 24 e agora por \u00faltimo o munic\u00edpio registrou mais 17 s\u00edtios, agora Alcin\u00f3polis possui 41 s\u00edtios\/grutas arqueol\u00f3gicas registradas na CNA \u201cCadastro Nacional de Arqueologia\u201d do IPHAN \u201cInstituto do Patrim\u00f4nio Hist\u00f3rico e Art\u00edstico Nacional\u201d.<\/p>\n<p>As novas descobertas se deram atrav\u00e9s do Trabalho de Marcos Ant\u00f4nio dos Reis, que realizou o trabalho de localiza\u00e7\u00e3o e registro dos s\u00edtios, atrav\u00e9s do Projeto \u201cAlcin\u00f3polis uma galeria natural de arte rupestre\u201d.<\/p>\n<h3><img decoding=\"async\" src=\"https:\/\/regionalms.com.br\/conteudo\/regionalms\/upp\/articles\/semdema\/Muarq (1).jpg\" alt=\"\" width=\"100%\" \/><\/h3>\n<p>O MuArq \u201cMuseu de Arqueologia da UFMS\u201d, o mais completo do Estado de Mato Grosso do Sul, ganhou uma nova vis\u00e3o nos pap\u00e9is de parede, onde administra\u00e7\u00e3o colocou a imagem do Templo dos pilares, um dos s\u00edtios mais importantes do Estado, em uma outra \u00e1rea do museu, foi colocado as imagens dos s\u00edtios, S\u00e3o Jos\u00e9, Fidalgo II, Deusa M\u00e3e, Arco de Pedra, Fidalgo III, Pata da On\u00e7a e Primavera.<\/p>\n<h3><img decoding=\"async\" src=\"https:\/\/regionalms.com.br\/conteudo\/regionalms\/upp\/articles\/semdema\/Muarq (2).jpg\" alt=\"\" width=\"100%\" \/><\/h3>\n<p>A respons\u00e1vel T\u00e9cnica do Museu de Arqueologia da UFMS \u201cLaura Roseli Pael Duarte\u201d, informou que quem tiver interesse em visitar e s\u00f3 ligar e agendar, que tem uma equipe totalmente a disposi\u00e7\u00e3o.<\/p>\n<h3><img decoding=\"async\" src=\"https:\/\/regionalms.com.br\/conteudo\/regionalms\/upp\/articles\/semdema\/Muarq (3).jpg\" alt=\"\" width=\"100%\" \/><\/h3>\n<p><strong>Equipe do MUARQ:<\/strong><\/p>\n<p>Luana Moura Campos \u2013 Arquivista Especialista em Geografia<\/p>\n<p>Carlos Eduardo da Costa Campos &#8211; Docente da FACH e colaborador de Pesquisa do MuArq &#8211; Doutor em Hist\u00f3ria (UERJ)<\/p>\n<p>Lia Raquel Toledo Brambilla Gasques &#8211; Arque\u00f3loga \u2013 consultoria Doutora em Arqueologia.<\/p>\n<p>Liliana Moretto &#8211; Auxiliar administrativo.<\/p>\n<p>Luis Gustavo Freitas Gelati &#8211; Assistente Administrativo<\/p>\n<h3><img decoding=\"async\" src=\"https:\/\/regionalms.com.br\/conteudo\/regionalms\/upp\/articles\/semdema\/Muarq (4).jpg\" alt=\"\" width=\"100%\" \/><\/h3>\n<p>Para mais informa\u00e7\u00f5es sobre as visita\u00e7\u00f5es e outras atividades oferecidas no museu, que fica no primeiro andar do pr\u00e9dio do Memorial da Cultura, na Avenida Fernando Corr\u00eaa da Costa n\u00famero 559 (ver no mapa), voc\u00ea pode enviar um e-mail para searq.proece@ufms.br ou ligar (67) 3321-5751.<\/p>\n<h3><img decoding=\"async\" src=\"https:\/\/regionalms.com.br\/conteudo\/regionalms\/upp\/articles\/semdema\/Muralll.jpg\" alt=\"\" width=\"100%\" \/><\/h3>\n<p>Fonte RegionalMs<\/p>\n","protected":false},"excerpt":{"rendered":"<p>Alcin\u00f3polis \u201cA Capital Estadual da Arte Rupestre\u201d vem se destacando nas m\u00eddias nacionais, por possuir in\u00fameras grutas\/s\u00edtios arqueol\u00f3gicas, no qual tinha 24 e agora por \u00faltimo o munic\u00edpio registrou mais 17 s\u00edtios, agora Alcin\u00f3polis possui 41 s\u00edtios\/grutas arqueol\u00f3gicas registradas na CNA \u201cCadastro Nacional de Arqueologia\u201d do IPHAN \u201cInstituto do Patrim\u00f4nio Hist\u00f3rico e Art\u00edstico Nacional\u201d. As [&hellip;]<\/p>\n","protected":false},"author":4,"featured_media":252278,"comment_status":"closed","ping_status":"closed","sticky":false,"template":"","format":"standard","meta":{"footnotes":""},"categories":[18],"tags":[],"class_list":["post-252277","post","type-post","status-publish","format-standard","has-post-thumbnail","hentry","category-alcinopolis"],"_links":{"self":[{"href":"https:\/\/www.ocorreionews.com.br\/acervo-correio\/index.php?rest_route=\/wp\/v2\/posts\/252277","targetHints":{"allow":["GET"]}}],"collection":[{"href":"https:\/\/www.ocorreionews.com.br\/acervo-correio\/index.php?rest_route=\/wp\/v2\/posts"}],"about":[{"href":"https:\/\/www.ocorreionews.com.br\/acervo-correio\/index.php?rest_route=\/wp\/v2\/types\/post"}],"author":[{"embeddable":true,"href":"https:\/\/www.ocorreionews.com.br\/acervo-correio\/index.php?rest_route=\/wp\/v2\/users\/4"}],"replies":[{"embeddable":true,"href":"https:\/\/www.ocorreionews.com.br\/acervo-correio\/index.php?rest_route=%2Fwp%2Fv2%2Fcomments&post=252277"}],"version-history":[{"count":2,"href":"https:\/\/www.ocorreionews.com.br\/acervo-correio\/index.php?rest_route=\/wp\/v2\/posts\/252277\/revisions"}],"predecessor-version":[{"id":252349,"href":"https:\/\/www.ocorreionews.com.br\/acervo-correio\/index.php?rest_route=\/wp\/v2\/posts\/252277\/revisions\/252349"}],"wp:featuredmedia":[{"embeddable":true,"href":"https:\/\/www.ocorreionews.com.br\/acervo-correio\/index.php?rest_route=\/wp\/v2\/media\/252278"}],"wp:attachment":[{"href":"https:\/\/www.ocorreionews.com.br\/acervo-correio\/index.php?rest_route=%2Fwp%2Fv2%2Fmedia&parent=252277"}],"wp:term":[{"taxonomy":"category","embeddable":true,"href":"https:\/\/www.ocorreionews.com.br\/acervo-correio\/index.php?rest_route=%2Fwp%2Fv2%2Fcategories&post=252277"},{"taxonomy":"post_tag","embeddable":true,"href":"https:\/\/www.ocorreionews.com.br\/acervo-correio\/index.php?rest_route=%2Fwp%2Fv2%2Ftags&post=252277"}],"curies":[{"name":"wp","href":"https:\/\/api.w.org\/{rel}","templated":true}]}}