{"id":252282,"date":"2023-09-22T06:41:33","date_gmt":"2023-09-22T10:41:33","guid":{"rendered":"https:\/\/www.ocorreionews.com.br\/acervo-correio\/?p=252282"},"modified":"2023-09-22T06:41:33","modified_gmt":"2023-09-22T10:41:33","slug":"inverno-se-despede-com-bolha-de-calor-e-maxima-de-41oc-em-ms","status":"publish","type":"post","link":"https:\/\/www.ocorreionews.com.br\/acervo-correio\/?p=252282","title":{"rendered":"Inverno se despede com bolha de calor e m\u00e1xima de 41\u00baC em MS"},"content":{"rendered":"<p>A bolha de calor que atinge Mato Grosso do Sul nesta semana permanece e pelo \u00faltimo dia de inverno de 2023 pode registrar temperatura m\u00e1xima de 41\u00baC. A primavera tem in\u00edcio exato \u00e0s 3h50 de s\u00e1bado.<\/p>\n<p>Campo Grande tem c\u00e9u claro e registra 24\u00baC nesta manh\u00e3. De acordo com o Inmet (Instituto Nacional de Meteorologia), a m\u00e1xima deve chegar aos 36\u00baC. O fim de semana deve ser ainda mais quente, com m\u00e1xima de 38\u00baC.<\/p>\n<p>Na regi\u00e3o pantaneira as m\u00e1ximas podem chegar nesta sexta-feira aos 41\u00baC em Porto Murtinho e Miranda, 40\u00baC em Corumb\u00e1, Aquidauana e Coxim. No sul do Estado o calor tamb\u00e9m predomina e as temperaturas devem alcan\u00e7ar os 36\u00baC em Ponta Por\u00e3 e 38\u00baC em Dourados.<\/p>\n<p>Outras m\u00e1ximas previstas pelo Inmet para esta sexta-feira s\u00e3o de 36\u00baC em Costa Rica e Chapad\u00e3o do Sul, 38\u00baC em Navira\u00ed, Ivinhema e Nova Alvorada do Sul, 39\u00baC em Bonito, Nova Andradina, Parana\u00edba e Tr\u00eas Lagoas, e 40\u00baC em \u00c1gua Clara.<\/p>\n<p>Tr\u00eas munic\u00edpios de Mato Grosso do Sul passaram dos 40\u00baC na quinta-feira. Os \u00edndices foram de 40,7\u00baC em \u00c1gua Clara, o segundo maior do Brasil, 40,3\u00baC em Porto Murtinho e 40,1\u00baC em Parana\u00edba.<\/p>\n<p>A meteorologia indica tempo firme, com sol e varia\u00e7ao de nebulosidade durante todo o fim de semana com a atua\u00e7\u00e3o de um bloqueio atmosf\u00e9rico que favorece a intensa onda de calor. Esse bloqueio ocorre devido a atua\u00e7\u00e3o de um sistema de alta press\u00e3o atmosf\u00e9rica que impede o avan\u00e7o das frentes frias.<\/p>\n<p>Al\u00e9m das altas temperaturas, a umidade relativa do ar pode chegar aos 10% ao longo do dia. A orienta\u00e7\u00e3o \u00e9 sempre ingerir bastante l\u00edquido e evitar desgaste f\u00edsico nos momentos mais quentes do dia.<\/p>\n<p>A temperatura pode chegar no s\u00e1bado aos 38\u00baC em Ponta Por\u00e3, 39\u00baC em Dourados, e 41\u00baC em Aquidauana, Coxim, Tr\u00eas Lagoas e \u00c1gua Clara. O domingo promete ser ainda mais quente com m\u00e1ximas de 41\u00baC em Dourados, 42\u00baC em Aquidauana e \u00c1gua Clara e 43\u00baC em Corumb\u00e1. &#8211; CREDITO: CAMPO GRANDE NEWS<\/p>\n<p>&nbsp;<\/p>\n<p>Por Gabriel Neris &#8211; Campo Grande News<\/p>\n","protected":false},"excerpt":{"rendered":"<p>A bolha de calor que atinge Mato Grosso do Sul nesta semana permanece e pelo \u00faltimo dia de inverno de 2023 pode registrar temperatura m\u00e1xima de 41\u00baC. A primavera tem in\u00edcio exato \u00e0s 3h50 de s\u00e1bado. Campo Grande tem c\u00e9u claro e registra 24\u00baC nesta manh\u00e3. De acordo com o Inmet (Instituto Nacional de Meteorologia), [&hellip;]<\/p>\n","protected":false},"author":5,"featured_media":243182,"comment_status":"closed","ping_status":"closed","sticky":false,"template":"","format":"standard","meta":{"footnotes":""},"categories":[144],"tags":[],"class_list":["post-252282","post","type-post","status-publish","format-standard","has-post-thumbnail","hentry","category-meio-ambiente"],"_links":{"self":[{"href":"https:\/\/www.ocorreionews.com.br\/acervo-correio\/index.php?rest_route=\/wp\/v2\/posts\/252282","targetHints":{"allow":["GET"]}}],"collection":[{"href":"https:\/\/www.ocorreionews.com.br\/acervo-correio\/index.php?rest_route=\/wp\/v2\/posts"}],"about":[{"href":"https:\/\/www.ocorreionews.com.br\/acervo-correio\/index.php?rest_route=\/wp\/v2\/types\/post"}],"author":[{"embeddable":true,"href":"https:\/\/www.ocorreionews.com.br\/acervo-correio\/index.php?rest_route=\/wp\/v2\/users\/5"}],"replies":[{"embeddable":true,"href":"https:\/\/www.ocorreionews.com.br\/acervo-correio\/index.php?rest_route=%2Fwp%2Fv2%2Fcomments&post=252282"}],"version-history":[{"count":1,"href":"https:\/\/www.ocorreionews.com.br\/acervo-correio\/index.php?rest_route=\/wp\/v2\/posts\/252282\/revisions"}],"predecessor-version":[{"id":252283,"href":"https:\/\/www.ocorreionews.com.br\/acervo-correio\/index.php?rest_route=\/wp\/v2\/posts\/252282\/revisions\/252283"}],"wp:featuredmedia":[{"embeddable":true,"href":"https:\/\/www.ocorreionews.com.br\/acervo-correio\/index.php?rest_route=\/wp\/v2\/media\/243182"}],"wp:attachment":[{"href":"https:\/\/www.ocorreionews.com.br\/acervo-correio\/index.php?rest_route=%2Fwp%2Fv2%2Fmedia&parent=252282"}],"wp:term":[{"taxonomy":"category","embeddable":true,"href":"https:\/\/www.ocorreionews.com.br\/acervo-correio\/index.php?rest_route=%2Fwp%2Fv2%2Fcategories&post=252282"},{"taxonomy":"post_tag","embeddable":true,"href":"https:\/\/www.ocorreionews.com.br\/acervo-correio\/index.php?rest_route=%2Fwp%2Fv2%2Ftags&post=252282"}],"curies":[{"name":"wp","href":"https:\/\/api.w.org\/{rel}","templated":true}]}}