{"id":252285,"date":"2023-09-22T06:53:56","date_gmt":"2023-09-22T10:53:56","guid":{"rendered":"https:\/\/www.ocorreionews.com.br\/acervo-correio\/?p=252285"},"modified":"2023-09-22T06:53:56","modified_gmt":"2023-09-22T10:53:56","slug":"policia-ouve-esposa-e-testemunhas-mas-desaparecimento-de-wesley-ainda-e-misterio-em-costa-rica","status":"publish","type":"post","link":"https:\/\/www.ocorreionews.com.br\/acervo-correio\/?p=252285","title":{"rendered":"Pol\u00edcia ouve esposa e testemunhas, mas desaparecimento de Wesley ainda \u00e9 mist\u00e9rio em Costa Rica"},"content":{"rendered":"<p>Esposa de Wesley Rezende Garcia, 39 anos, foi ouvida nesta quarta-feira (20), na 3\u00aa Delegacia de Pol\u00edcia, em Campo Grande, sobre o desaparecimento do companheiro no dia 30 de agosto, em Costa Rica &#8211; MS.<\/p>\n<p>Segundo o delegado respons\u00e1vel pelo caso, Jhonny Garcia, outras testemunhas foram ouvidas na cidade onde o morador desapareceu e a pol\u00edcia segue investigando.<\/p>\n<p>J\u00e1 foram feitas buscas inclusive com a utiliza\u00e7\u00e3o de drones, por\u00e9m, a v\u00edtima continua desaparecida.<\/p>\n<p>A irm\u00e3 Geslane Rezende Garcia, 44 anos, pede ajuda da popula\u00e7\u00e3o de Costa Rica para encontrar Wesley.<\/p>\n<p>Ele tem epilepsia, problema com \u00e1lcool. Entramos na casa dele, tinham m\u00f3veis quebrados Ele estava morando com uma mulher, que se identificou como Lucilene h\u00e1 4 meses. Ela chegou na casa da minha m\u00e3e procurando meu irm\u00e3o e depois desapareceu. Eu vi que tinha um motorista de aplicativo esperando ela no dia. N\u00e3o sabemos o que aconteceu\u201d, diz Geslane.<\/p>\n<p>Ainda segundo a irm\u00e3, o documento da ch\u00e1cara onde Wesley morava desapareceu.<\/p>\n<p>\u201cO documento est\u00e1 no nome da minha m\u00e3e. J\u00e1 entramos na mata para procurar ele, estamos muito preocupados. Minha m\u00e3e est\u00e1 desesperada. Desconfiamos que algu\u00e9m pode ter feito mal para ele\u201d, diz a irm\u00e3.<\/p>\n<p>Se voc\u00ea tem alguma informa\u00e7\u00e3o sobre Wesley ligue (67) 99909-2011 ou no 190 da PM.<\/p>\n<p>&nbsp;<\/p>\n<p>&nbsp;<\/p>\n<p>Por Dayane Medina -Top M\u00eddia News<\/p>\n","protected":false},"excerpt":{"rendered":"<p>Esposa de Wesley Rezende Garcia, 39 anos, foi ouvida nesta quarta-feira (20), na 3\u00aa Delegacia de Pol\u00edcia, em Campo Grande, sobre o desaparecimento do companheiro no dia 30 de agosto, em Costa Rica &#8211; MS. Segundo o delegado respons\u00e1vel pelo caso, Jhonny Garcia, outras testemunhas foram ouvidas na cidade onde o morador desapareceu e a [&hellip;]<\/p>\n","protected":false},"author":5,"featured_media":252288,"comment_status":"closed","ping_status":"closed","sticky":false,"template":"","format":"standard","meta":{"footnotes":""},"categories":[25],"tags":[],"class_list":["post-252285","post","type-post","status-publish","format-standard","has-post-thumbnail","hentry","category-costa-rica"],"_links":{"self":[{"href":"https:\/\/www.ocorreionews.com.br\/acervo-correio\/index.php?rest_route=\/wp\/v2\/posts\/252285","targetHints":{"allow":["GET"]}}],"collection":[{"href":"https:\/\/www.ocorreionews.com.br\/acervo-correio\/index.php?rest_route=\/wp\/v2\/posts"}],"about":[{"href":"https:\/\/www.ocorreionews.com.br\/acervo-correio\/index.php?rest_route=\/wp\/v2\/types\/post"}],"author":[{"embeddable":true,"href":"https:\/\/www.ocorreionews.com.br\/acervo-correio\/index.php?rest_route=\/wp\/v2\/users\/5"}],"replies":[{"embeddable":true,"href":"https:\/\/www.ocorreionews.com.br\/acervo-correio\/index.php?rest_route=%2Fwp%2Fv2%2Fcomments&post=252285"}],"version-history":[{"count":1,"href":"https:\/\/www.ocorreionews.com.br\/acervo-correio\/index.php?rest_route=\/wp\/v2\/posts\/252285\/revisions"}],"predecessor-version":[{"id":252290,"href":"https:\/\/www.ocorreionews.com.br\/acervo-correio\/index.php?rest_route=\/wp\/v2\/posts\/252285\/revisions\/252290"}],"wp:featuredmedia":[{"embeddable":true,"href":"https:\/\/www.ocorreionews.com.br\/acervo-correio\/index.php?rest_route=\/wp\/v2\/media\/252288"}],"wp:attachment":[{"href":"https:\/\/www.ocorreionews.com.br\/acervo-correio\/index.php?rest_route=%2Fwp%2Fv2%2Fmedia&parent=252285"}],"wp:term":[{"taxonomy":"category","embeddable":true,"href":"https:\/\/www.ocorreionews.com.br\/acervo-correio\/index.php?rest_route=%2Fwp%2Fv2%2Fcategories&post=252285"},{"taxonomy":"post_tag","embeddable":true,"href":"https:\/\/www.ocorreionews.com.br\/acervo-correio\/index.php?rest_route=%2Fwp%2Fv2%2Ftags&post=252285"}],"curies":[{"name":"wp","href":"https:\/\/api.w.org\/{rel}","templated":true}]}}