{"id":25229,"date":"2016-04-13T17:01:52","date_gmt":"2016-04-13T21:01:52","guid":{"rendered":"https:\/\/ocorreionews.com.br\/?p=25229"},"modified":"2016-04-14T07:22:49","modified_gmt":"2016-04-14T11:22:49","slug":"carro-com-placas-de-chapadao-provoca-acidente-com-bombeiros-em-coxim","status":"publish","type":"post","link":"https:\/\/www.ocorreionews.com.br\/acervo-correio\/?p=25229","title":{"rendered":"Carro com placas de Chapad\u00e3o envolveu em acidente com bombeiros em Campo Grande"},"content":{"rendered":"<p style=\"text-align: justify;\">Tr\u00eas pessoas ficaram feridas na tarde desta quarta-feira (13) em uma colis\u00e3o entre uma viatura de resgate do Corpo de Bombeiros e um Peugeot 307 no cruzamento entre as avenidas Manoel da Costa Lima e a Ernesto Geisel. No momento do acidente, a guarni\u00e7\u00e3o seguia para o Jardim Joquei Club para socorrer uma crian\u00e7a com fratura exposta.<\/p>\n<p style=\"text-align: justify;\">De acordo com o Tenente Vin\u00edcius Barbosa, a guarni\u00e7\u00e3o seguia em dire\u00e7\u00e3o ao Jardim Joquei Club pela Avenida Manoel da Costa Lima com as sirenes e o giroflex ligados. Os tr\u00eas militares que estavam na viatura foram acionados para atender uma crian\u00e7a que sofreu fratura exposta na perna depois de um acidente entre carro e moto.<\/p>\n<p style=\"text-align: justify;\">No cruzamento com a Ernesto Geisel, o ve\u00edculo oficial colidiu com o Peugeot 307, placa AOJ-1777, de Chapad\u00e3o do Sul. Com o impacto, a frente dos dois ve\u00edculos ficou destru\u00edda. Dos tr\u00eas militares, apenas um precisou de atendimento m\u00e9dico.<\/p>\n<p style=\"text-align: justify;\">O condutor do Peugeot, Marco Ant\u00f4nio de Souza, de 41 anos e o passageiro, Everton Paiva Jara, tiveram ferimentos leves e foram socorridos para a Santa Casa de Campo Grande e para o UPA (Unidade de Pronto Atendimento) Universit\u00e1rio respectivamente.<\/p>\n<p style=\"text-align: justify;\">Para o tenente Barbosa, o acidente pode ter sido causado por falta de aten\u00e7\u00e3o do motorista do Peugeot, j\u00e1 que a viatura estava com todos os sinais luminosos e sonoros ligados. A crian\u00e7a foi atendida pela equipe de moto resgate dos bombeiros e por m\u00e9dicos do Samu (Servi\u00e7o de Atendimento M\u00f3vel de Urg\u00eancia).<\/p>\n<p style=\"text-align: justify;\">edi\u00e7\u00e3odenoticias<\/p>\n","protected":false},"excerpt":{"rendered":"<p>Tr\u00eas pessoas ficaram feridas na tarde desta quarta-feira (13) em uma colis\u00e3o entre uma viatura de resgate do Corpo de Bombeiros e um Peugeot 307 no cruzamento entre as avenidas Manoel da Costa Lima e a Ernesto Geisel. No momento do acidente, a guarni\u00e7\u00e3o seguia para o Jardim Joquei Club para socorrer uma crian\u00e7a com [&hellip;]<\/p>\n","protected":false},"author":4,"featured_media":25230,"comment_status":"closed","ping_status":"closed","sticky":false,"template":"","format":"standard","meta":{"footnotes":""},"categories":[38],"tags":[],"class_list":["post-25229","post","type-post","status-publish","format-standard","has-post-thumbnail","hentry","category-policia"],"_links":{"self":[{"href":"https:\/\/www.ocorreionews.com.br\/acervo-correio\/index.php?rest_route=\/wp\/v2\/posts\/25229","targetHints":{"allow":["GET"]}}],"collection":[{"href":"https:\/\/www.ocorreionews.com.br\/acervo-correio\/index.php?rest_route=\/wp\/v2\/posts"}],"about":[{"href":"https:\/\/www.ocorreionews.com.br\/acervo-correio\/index.php?rest_route=\/wp\/v2\/types\/post"}],"author":[{"embeddable":true,"href":"https:\/\/www.ocorreionews.com.br\/acervo-correio\/index.php?rest_route=\/wp\/v2\/users\/4"}],"replies":[{"embeddable":true,"href":"https:\/\/www.ocorreionews.com.br\/acervo-correio\/index.php?rest_route=%2Fwp%2Fv2%2Fcomments&post=25229"}],"version-history":[{"count":0,"href":"https:\/\/www.ocorreionews.com.br\/acervo-correio\/index.php?rest_route=\/wp\/v2\/posts\/25229\/revisions"}],"wp:featuredmedia":[{"embeddable":true,"href":"https:\/\/www.ocorreionews.com.br\/acervo-correio\/index.php?rest_route=\/wp\/v2\/media\/25230"}],"wp:attachment":[{"href":"https:\/\/www.ocorreionews.com.br\/acervo-correio\/index.php?rest_route=%2Fwp%2Fv2%2Fmedia&parent=25229"}],"wp:term":[{"taxonomy":"category","embeddable":true,"href":"https:\/\/www.ocorreionews.com.br\/acervo-correio\/index.php?rest_route=%2Fwp%2Fv2%2Fcategories&post=25229"},{"taxonomy":"post_tag","embeddable":true,"href":"https:\/\/www.ocorreionews.com.br\/acervo-correio\/index.php?rest_route=%2Fwp%2Fv2%2Ftags&post=25229"}],"curies":[{"name":"wp","href":"https:\/\/api.w.org\/{rel}","templated":true}]}}