{"id":252305,"date":"2023-09-22T08:48:10","date_gmt":"2023-09-22T12:48:10","guid":{"rendered":"https:\/\/www.ocorreionews.com.br\/acervo-correio\/?p=252305"},"modified":"2023-09-22T08:48:10","modified_gmt":"2023-09-22T12:48:10","slug":"calor-em-goias-frita-ovo-e-derrete-pedaco-de-queijo-em-frigideira-colocada-em-calcada","status":"publish","type":"post","link":"https:\/\/www.ocorreionews.com.br\/acervo-correio\/?p=252305","title":{"rendered":"Calor em Goi\u00e1s frita ovo e derrete peda\u00e7o de queijo em frigideira colocada em cal\u00e7ada"},"content":{"rendered":"<blockquote>\n<h2 id=\"viewer-foo\" class=\"qDGi6 Y9Dpf OZy-3 _40ACk Ecq9kg bCMSCT public-DraftStyleDefault-block-depth0 fixed-tab-size public-DraftStyleDefault-text-ltr\"><span class=\"B2EFF public-DraftStyleDefault-ltr\" style=\"font-size: 12pt;\">No s\u00e1bado (23), a previs\u00e3o \u00e9 que temperatura em Goi\u00e2nia chegue a 40\u00b0C. Capital est\u00e1 classificada como zona de perigo devido \u00e0 baixa umidade e altas temperaturas.<\/span><\/h2>\n<\/blockquote>\n<p id=\"viewer-40vvd\" class=\"xVISr Y9Dpf bCMSCT OZy-3 _40ACk Ecq9kg bCMSCT public-DraftStyleDefault-block-depth0 fixed-tab-size public-DraftStyleDefault-text-ltr\"><span class=\"B2EFF public-DraftStyleDefault-ltr\">O calor intenso que atingiu Goi\u00e1s na \u00faltima semana surpreendeu os moradores do estado. Em An\u00e1polis, a 55km de Goi\u00e2nia, um morador conseguiu fritar um ovo com uma frigideira e uma placa de metal exposta ao sol. J\u00e1 em Goi\u00e2nia, foi poss\u00edvel derreter uma fatia de queijo com a panela no asfalto.<\/span><\/p>\n<p id=\"viewer-b4jom\" class=\"xVISr Y9Dpf bCMSCT OZy-3 _40ACk Ecq9kg bCMSCT public-DraftStyleDefault-block-depth0 fixed-tab-size public-DraftStyleDefault-text-ltr\"><span class=\"B2EFF public-DraftStyleDefault-ltr\">Na quarta-feira (20), Goi\u00e2nia registrou 38,3\u00b0C e 14% de umidade, segundo o Instituto Nacional de Meteorologia (Inmet). Conforme o \u00f3rg\u00e3o, a capital do estado est\u00e1 classificada como zona de perigo devido \u00e0 baixa umidade e altas temperaturas. Nesta sexta-feira (22), a previs\u00e3o \u00e9 que a capital registre at\u00e9 36\u00baC e An\u00e1polis at\u00e9 34\u00baC.<\/span><\/p>\n<p id=\"viewer-6u4d8\" class=\"xVISr Y9Dpf bCMSCT OZy-3 _40ACk Ecq9kg bCMSCT public-DraftStyleDefault-block-depth0 fixed-tab-size public-DraftStyleDefault-text-ltr\"><span class=\"B2EFF public-DraftStyleDefault-ltr\">Segundo Elizabeth Alves, do Inmet, quando a temperatura se eleva 5 graus acima do que \u00e9 considerado normal por mais de 5 dias, \u00e9 emitido um alerta, colocando em aten\u00e7\u00e3o os p\u00fablicos vulner\u00e1veis, como crian\u00e7as e idosos.<\/span><\/p>\n<p id=\"viewer-7gusf\" class=\"xVISr Y9Dpf bCMSCT OZy-3 _40ACk Ecq9kg bCMSCT public-DraftStyleDefault-block-depth0 fixed-tab-size public-DraftStyleDefault-text-ltr\"><span class=\"B2EFF public-DraftStyleDefault-ltr\">Com a onda de calor no pa\u00eds, Goi\u00e1s est\u00e1 entre os nove estados com alerta de grande perigo, que \u00e9 v\u00e1lido at\u00e9 pr\u00f3ximo domingo (24). O alerta vermelho \u00e9 emitido quando um fen\u00f4meno meteorol\u00f3gico \u00e9 de intensidade excepcional.<\/span><\/p>\n<p>G-1 GO<\/p>\n<div data-hook=\"rcv-block13\"><\/div>\n<div id=\"viewer-83jir\" class=\"xVISr Y9Dpf bCMSCT OZy-3 _40ACk Ecq9kg bCMSCT public-DraftStyleDefault-block-depth0 fixed-tab-size public-DraftStyleDefault-text-ltr\"><\/div>\n","protected":false},"excerpt":{"rendered":"<p>No s\u00e1bado (23), a previs\u00e3o \u00e9 que temperatura em Goi\u00e2nia chegue a 40\u00b0C. Capital est\u00e1 classificada como zona de perigo devido \u00e0 baixa umidade e altas temperaturas. O calor intenso que atingiu Goi\u00e1s na \u00faltima semana surpreendeu os moradores do estado. Em An\u00e1polis, a 55km de Goi\u00e2nia, um morador conseguiu fritar um ovo com uma [&hellip;]<\/p>\n","protected":false},"author":4,"featured_media":252306,"comment_status":"closed","ping_status":"closed","sticky":false,"template":"","format":"standard","meta":{"footnotes":""},"categories":[31],"tags":[],"class_list":["post-252305","post","type-post","status-publish","format-standard","has-post-thumbnail","hentry","category-geral"],"_links":{"self":[{"href":"https:\/\/www.ocorreionews.com.br\/acervo-correio\/index.php?rest_route=\/wp\/v2\/posts\/252305","targetHints":{"allow":["GET"]}}],"collection":[{"href":"https:\/\/www.ocorreionews.com.br\/acervo-correio\/index.php?rest_route=\/wp\/v2\/posts"}],"about":[{"href":"https:\/\/www.ocorreionews.com.br\/acervo-correio\/index.php?rest_route=\/wp\/v2\/types\/post"}],"author":[{"embeddable":true,"href":"https:\/\/www.ocorreionews.com.br\/acervo-correio\/index.php?rest_route=\/wp\/v2\/users\/4"}],"replies":[{"embeddable":true,"href":"https:\/\/www.ocorreionews.com.br\/acervo-correio\/index.php?rest_route=%2Fwp%2Fv2%2Fcomments&post=252305"}],"version-history":[{"count":1,"href":"https:\/\/www.ocorreionews.com.br\/acervo-correio\/index.php?rest_route=\/wp\/v2\/posts\/252305\/revisions"}],"predecessor-version":[{"id":252307,"href":"https:\/\/www.ocorreionews.com.br\/acervo-correio\/index.php?rest_route=\/wp\/v2\/posts\/252305\/revisions\/252307"}],"wp:featuredmedia":[{"embeddable":true,"href":"https:\/\/www.ocorreionews.com.br\/acervo-correio\/index.php?rest_route=\/wp\/v2\/media\/252306"}],"wp:attachment":[{"href":"https:\/\/www.ocorreionews.com.br\/acervo-correio\/index.php?rest_route=%2Fwp%2Fv2%2Fmedia&parent=252305"}],"wp:term":[{"taxonomy":"category","embeddable":true,"href":"https:\/\/www.ocorreionews.com.br\/acervo-correio\/index.php?rest_route=%2Fwp%2Fv2%2Fcategories&post=252305"},{"taxonomy":"post_tag","embeddable":true,"href":"https:\/\/www.ocorreionews.com.br\/acervo-correio\/index.php?rest_route=%2Fwp%2Fv2%2Ftags&post=252305"}],"curies":[{"name":"wp","href":"https:\/\/api.w.org\/{rel}","templated":true}]}}