{"id":252309,"date":"2023-09-22T09:45:11","date_gmt":"2023-09-22T13:45:11","guid":{"rendered":"https:\/\/www.ocorreionews.com.br\/acervo-correio\/?p=252309"},"modified":"2023-09-22T09:45:11","modified_gmt":"2023-09-22T13:45:11","slug":"adolescente-e-agredida-pelo-tio-por-causa-de-panela-de-comida-em-figueirao","status":"publish","type":"post","link":"https:\/\/www.ocorreionews.com.br\/acervo-correio\/?p=252309","title":{"rendered":"Adolescente \u00e9 agredida pelo tio por causa de panela de comida em Figueir\u00e3o"},"content":{"rendered":"<p>Na noite desta quinta-feira (21), uma adolescente de 14 anos foi agredida pelo seu tio ap\u00f3s uma discuss\u00e3o por causa de uma panela de comida, na cidade de Figueir\u00e3o.<\/p>\n<p>Segundo informa\u00e7\u00f5es retiradas do Boletim de Ocorr\u00eancia, por volta das 19h, a adolescente juntamente com seu av\u00f4, compareceram na unidade Policial Militar de Figueir\u00e3o, relatando que se iniciou uma discuss\u00e3o entre a v\u00edtima e seu tio (autor) por causa de uma \u201cpanela de comida\u201d e ambos se agrediram.<\/p>\n<p>A adolescente apresentava com v\u00e1rios hematomas pelo corpo alegando que seu tio teria feito aquilo, foi quando ela decidiu juntamente com seu av\u00f4, representar contra o autor.<\/p>\n<p>Diante dos fatos o conselho tutelar foi acionado para acompanhar a ocorr\u00eancia, e foi registrado o fato para que as provid\u00eancias cab\u00edveis sejam tomadas. O autor n\u00e3o havia sido localizado<\/p>\n","protected":false},"excerpt":{"rendered":"<p>Na noite desta quinta-feira (21), uma adolescente de 14 anos foi agredida pelo seu tio ap\u00f3s uma discuss\u00e3o por causa de uma panela de comida, na cidade de Figueir\u00e3o. Segundo informa\u00e7\u00f5es retiradas do Boletim de Ocorr\u00eancia, por volta das 19h, a adolescente juntamente com seu av\u00f4, compareceram na unidade Policial Militar de Figueir\u00e3o, relatando que [&hellip;]<\/p>\n","protected":false},"author":5,"featured_media":251340,"comment_status":"closed","ping_status":"closed","sticky":false,"template":"","format":"standard","meta":{"footnotes":""},"categories":[30,38],"tags":[],"class_list":["post-252309","post","type-post","status-publish","format-standard","has-post-thumbnail","hentry","category-figueirao","category-policia"],"_links":{"self":[{"href":"https:\/\/www.ocorreionews.com.br\/acervo-correio\/index.php?rest_route=\/wp\/v2\/posts\/252309","targetHints":{"allow":["GET"]}}],"collection":[{"href":"https:\/\/www.ocorreionews.com.br\/acervo-correio\/index.php?rest_route=\/wp\/v2\/posts"}],"about":[{"href":"https:\/\/www.ocorreionews.com.br\/acervo-correio\/index.php?rest_route=\/wp\/v2\/types\/post"}],"author":[{"embeddable":true,"href":"https:\/\/www.ocorreionews.com.br\/acervo-correio\/index.php?rest_route=\/wp\/v2\/users\/5"}],"replies":[{"embeddable":true,"href":"https:\/\/www.ocorreionews.com.br\/acervo-correio\/index.php?rest_route=%2Fwp%2Fv2%2Fcomments&post=252309"}],"version-history":[{"count":1,"href":"https:\/\/www.ocorreionews.com.br\/acervo-correio\/index.php?rest_route=\/wp\/v2\/posts\/252309\/revisions"}],"predecessor-version":[{"id":252314,"href":"https:\/\/www.ocorreionews.com.br\/acervo-correio\/index.php?rest_route=\/wp\/v2\/posts\/252309\/revisions\/252314"}],"wp:featuredmedia":[{"embeddable":true,"href":"https:\/\/www.ocorreionews.com.br\/acervo-correio\/index.php?rest_route=\/wp\/v2\/media\/251340"}],"wp:attachment":[{"href":"https:\/\/www.ocorreionews.com.br\/acervo-correio\/index.php?rest_route=%2Fwp%2Fv2%2Fmedia&parent=252309"}],"wp:term":[{"taxonomy":"category","embeddable":true,"href":"https:\/\/www.ocorreionews.com.br\/acervo-correio\/index.php?rest_route=%2Fwp%2Fv2%2Fcategories&post=252309"},{"taxonomy":"post_tag","embeddable":true,"href":"https:\/\/www.ocorreionews.com.br\/acervo-correio\/index.php?rest_route=%2Fwp%2Fv2%2Ftags&post=252309"}],"curies":[{"name":"wp","href":"https:\/\/api.w.org\/{rel}","templated":true}]}}