{"id":252310,"date":"2023-09-22T09:29:47","date_gmt":"2023-09-22T13:29:47","guid":{"rendered":"https:\/\/www.ocorreionews.com.br\/acervo-correio\/?p=252310"},"modified":"2023-09-22T11:00:52","modified_gmt":"2023-09-22T15:00:52","slug":"prefeito-dalmy-participa-do-encontro-urban95-2023","status":"publish","type":"post","link":"https:\/\/www.ocorreionews.com.br\/acervo-correio\/?p=252310","title":{"rendered":"Prefeito Dalmy participa do Encontro Urban95 2023"},"content":{"rendered":"<div dir=\"auto\">O Prefeito Dalmy Cris\u00f3stomo da Silva, acompanhado do Secret\u00e1rio de Educa\u00e7\u00e3o, Jesus Aparecido, est\u00e3o participando do Encontro Urban95 2023, na cidade de Jundia\u00ed\/SP, onde lideran\u00e7as de 27 cidades est\u00e3o reunidas para compartilhar experi\u00eancias, com o objetivo de tornar espa\u00e7os p\u00fablicos adequados para crian\u00e7as da primeira inf\u00e2ncia &#8211; de 0 a 06 anos.<\/div>\n<div dir=\"auto\"><img loading=\"lazy\" decoding=\"async\" class=\"alignnone size-medium wp-image-252311\" src=\"https:\/\/www.ocorreionews.com.br\/acervo-correio\/wp-content\/uploads\/2023\/09\/dalmy-urban95-300x300.jpg\" alt=\"\" width=\"300\" height=\"300\" srcset=\"https:\/\/www.ocorreionews.com.br\/acervo-correio\/wp-content\/uploads\/2023\/09\/dalmy-urban95-300x300.jpg 300w, https:\/\/www.ocorreionews.com.br\/acervo-correio\/wp-content\/uploads\/2023\/09\/dalmy-urban95-150x150.jpg 150w, https:\/\/www.ocorreionews.com.br\/acervo-correio\/wp-content\/uploads\/2023\/09\/dalmy-urban95-768x768.jpg 768w, https:\/\/www.ocorreionews.com.br\/acervo-correio\/wp-content\/uploads\/2023\/09\/dalmy-urban95.jpg 854w\" sizes=\"auto, (max-width: 300px) 100vw, 300px\" \/> <img loading=\"lazy\" decoding=\"async\" class=\"alignnone size-medium wp-image-252312\" src=\"https:\/\/www.ocorreionews.com.br\/acervo-correio\/wp-content\/uploads\/2023\/09\/dalmy-urban952-300x300.jpg\" alt=\"\" width=\"300\" height=\"300\" srcset=\"https:\/\/www.ocorreionews.com.br\/acervo-correio\/wp-content\/uploads\/2023\/09\/dalmy-urban952-300x300.jpg 300w, https:\/\/www.ocorreionews.com.br\/acervo-correio\/wp-content\/uploads\/2023\/09\/dalmy-urban952-150x150.jpg 150w, https:\/\/www.ocorreionews.com.br\/acervo-correio\/wp-content\/uploads\/2023\/09\/dalmy-urban952-768x768.jpg 768w, https:\/\/www.ocorreionews.com.br\/acervo-correio\/wp-content\/uploads\/2023\/09\/dalmy-urban952.jpg 854w\" sizes=\"auto, (max-width: 300px) 100vw, 300px\" \/><\/div>\n<div dir=\"auto\"><\/div>\n<div dir=\"auto\">O encontro, dividido em tr\u00eas eixos: espa\u00e7o p\u00fablico e natureza, servi\u00e7os e programas, e governan\u00e7a e sustentabilidade, discute a\u00e7\u00f5es que dever\u00e3o ser implantadas nas cidades, oferecendo \u00e0s nossas crian\u00e7as, ambientes adequados para seu desenvolvimento.<\/div>\n<div dir=\"auto\"><\/div>\n<div dir=\"auto\">Vale ressaltar que Alcin\u00f3polis \u00e9 a \u00fanica cidade do Centro Oeste que faz parte da Urban95.<\/div>\n<div dir=\"auto\"><\/div>\n","protected":false},"excerpt":{"rendered":"<p>O Prefeito Dalmy Cris\u00f3stomo da Silva, acompanhado do Secret\u00e1rio de Educa\u00e7\u00e3o, Jesus Aparecido, est\u00e3o participando do Encontro Urban95 2023, na cidade de Jundia\u00ed\/SP, onde lideran\u00e7as de 27 cidades est\u00e3o reunidas para compartilhar experi\u00eancias, com o objetivo de tornar espa\u00e7os p\u00fablicos adequados para crian\u00e7as da primeira inf\u00e2ncia &#8211; de 0 a 06 anos. O encontro, dividido [&hellip;]<\/p>\n","protected":false},"author":4,"featured_media":252311,"comment_status":"closed","ping_status":"closed","sticky":false,"template":"","format":"standard","meta":{"footnotes":""},"categories":[18,41],"tags":[],"class_list":["post-252310","post","type-post","status-publish","format-standard","has-post-thumbnail","hentry","category-alcinopolis","category-destaque"],"_links":{"self":[{"href":"https:\/\/www.ocorreionews.com.br\/acervo-correio\/index.php?rest_route=\/wp\/v2\/posts\/252310","targetHints":{"allow":["GET"]}}],"collection":[{"href":"https:\/\/www.ocorreionews.com.br\/acervo-correio\/index.php?rest_route=\/wp\/v2\/posts"}],"about":[{"href":"https:\/\/www.ocorreionews.com.br\/acervo-correio\/index.php?rest_route=\/wp\/v2\/types\/post"}],"author":[{"embeddable":true,"href":"https:\/\/www.ocorreionews.com.br\/acervo-correio\/index.php?rest_route=\/wp\/v2\/users\/4"}],"replies":[{"embeddable":true,"href":"https:\/\/www.ocorreionews.com.br\/acervo-correio\/index.php?rest_route=%2Fwp%2Fv2%2Fcomments&post=252310"}],"version-history":[{"count":1,"href":"https:\/\/www.ocorreionews.com.br\/acervo-correio\/index.php?rest_route=\/wp\/v2\/posts\/252310\/revisions"}],"predecessor-version":[{"id":252313,"href":"https:\/\/www.ocorreionews.com.br\/acervo-correio\/index.php?rest_route=\/wp\/v2\/posts\/252310\/revisions\/252313"}],"wp:featuredmedia":[{"embeddable":true,"href":"https:\/\/www.ocorreionews.com.br\/acervo-correio\/index.php?rest_route=\/wp\/v2\/media\/252311"}],"wp:attachment":[{"href":"https:\/\/www.ocorreionews.com.br\/acervo-correio\/index.php?rest_route=%2Fwp%2Fv2%2Fmedia&parent=252310"}],"wp:term":[{"taxonomy":"category","embeddable":true,"href":"https:\/\/www.ocorreionews.com.br\/acervo-correio\/index.php?rest_route=%2Fwp%2Fv2%2Fcategories&post=252310"},{"taxonomy":"post_tag","embeddable":true,"href":"https:\/\/www.ocorreionews.com.br\/acervo-correio\/index.php?rest_route=%2Fwp%2Fv2%2Ftags&post=252310"}],"curies":[{"name":"wp","href":"https:\/\/api.w.org\/{rel}","templated":true}]}}