{"id":252318,"date":"2023-09-22T10:19:28","date_gmt":"2023-09-22T14:19:28","guid":{"rendered":"https:\/\/www.ocorreionews.com.br\/acervo-correio\/?p=252318"},"modified":"2023-09-22T10:19:28","modified_gmt":"2023-09-22T14:19:28","slug":"costa-rica-realiza-plantio-de-arvores-nativas-do-cerrado-para-conscientizar-sobre-a-importancia-do-meio-ambiente","status":"publish","type":"post","link":"https:\/\/www.ocorreionews.com.br\/acervo-correio\/?p=252318","title":{"rendered":"Costa Rica realiza plantio de \u00e1rvores nativas do cerrado para conscientizar sobre a import\u00e2ncia do meio ambiente"},"content":{"rendered":"<div class=\"ntc_cont_descricao_noticia sw_txteditor\">No Dia da \u00c1rvore, celebrado em 21 de setembro, a cidade de Costa Rica\/MS, promoveu o plantio de esp\u00e9cies nativas do cerrado em uma a\u00e7\u00e3o de conscientiza\u00e7\u00e3o sobre a import\u00e2ncia do meio ambiente e a preserva\u00e7\u00e3o das \u00e1rvores. A iniciativa foi realizada pela Prefeitura, em parceria com as secretarias de Agricultura e Desenvolvimento, e de Turismo, Meio Ambiente, Esporte e Cultura, al\u00e9m do Projeto Florestinha.<\/p>\n<p>O vice-prefeito de Costa Rica, Roni Cota destacou a import\u00e2ncia da a\u00e7\u00e3o. \u201cO plantio de \u00e1rvores realizado no Dia da \u00c1rvore em Costa Rica, al\u00e9m de embelezar a cidade, contribui para a melhoria do clima e para a qualidade do ar. As \u00e1rvores s\u00e3o essenciais para a absor\u00e7\u00e3o de g\u00e1s carb\u00f4nico e para a produ\u00e7\u00e3o de oxig\u00eanio, al\u00e9m de oferecerem sombra e abrigo para diversas esp\u00e9cies de animais\u201d, disse.<\/p>\n<p>O plantio de mudas de ip\u00eas branco, roxo e amarelo na Avenida J. Antonio Gabaron Vargas busca n\u00e3o apenas embelezar a regi\u00e3o, mas tamb\u00e9m incentivar a popula\u00e7\u00e3o a se engajar na preserva\u00e7\u00e3o do meio ambiente. Os ip\u00eas s\u00e3o \u00e1rvores nativas do Brasil e possuem grande valor paisag\u00edstico, al\u00e9m de serem importantes para a manuten\u00e7\u00e3o do equil\u00edbrio ambiental. O vice-prefeito, secret\u00e1rios e servidores p\u00fablicos municipais, al\u00e9m de crian\u00e7as foram respons\u00e1veis pela realiza\u00e7\u00e3o do plantio, que teve como objetivo estimular a postura ecol\u00f3gica na cidade.<\/p>\n<p>O Dia da \u00c1rvore \u00e9 comemorado em todo o Brasil e tem como objetivo sensibilizar a popula\u00e7\u00e3o sobre a import\u00e2ncia das \u00e1rvores para o equil\u00edbrio ecol\u00f3gico. A data est\u00e1 pr\u00f3xima ao in\u00edcio da Primavera, esta\u00e7\u00e3o do ano marcada pelo florescimento das plantas e pelo ressurgimento da vida na natureza.<\/p>\n<p>A preserva\u00e7\u00e3o do meio ambiente \u00e9 responsabilidade de todos e iniciativas como essa demonstram o comprometimento das autoridades e da popula\u00e7\u00e3o em proteger e valorizar a natureza.<\/p><\/div>\n<div><\/div>\n<div class=\"ntc_cont_descricao_noticia sw_txteditor\"><img loading=\"lazy\" decoding=\"async\" class=\"imgcentraliza aligncenter\" src=\"https:\/\/www.costarica.ms.gov.br\/fotos\/da_(2)_22102632.jpeg\" alt=\"Foto Noticia Principal Grande\" width=\"658\" height=\"494\" \/>\n<\/div>\n<div class=\"ntc_area_info_noticia sw_lato\">\n<div>\n<div class=\"ntc_info_noticia\"><strong class=\"sw_lato_black\">Fonte: <\/strong>Assessoria de Comunica\u00e7\u00e3o &#8211; PMCR,<strong class=\"sw_lato_black\">\u00a0<\/strong>Silvestre de Castro<\/div>\n<\/div>\n<\/div>\n","protected":false},"excerpt":{"rendered":"<p>No Dia da \u00c1rvore, celebrado em 21 de setembro, a cidade de Costa Rica\/MS, promoveu o plantio de esp\u00e9cies nativas do cerrado em uma a\u00e7\u00e3o de conscientiza\u00e7\u00e3o sobre a import\u00e2ncia do meio ambiente e a preserva\u00e7\u00e3o das \u00e1rvores. A iniciativa foi realizada pela Prefeitura, em parceria com as secretarias de Agricultura e Desenvolvimento, e de [&hellip;]<\/p>\n","protected":false},"author":5,"featured_media":252321,"comment_status":"closed","ping_status":"closed","sticky":false,"template":"","format":"standard","meta":{"footnotes":""},"categories":[25],"tags":[],"class_list":["post-252318","post","type-post","status-publish","format-standard","has-post-thumbnail","hentry","category-costa-rica"],"_links":{"self":[{"href":"https:\/\/www.ocorreionews.com.br\/acervo-correio\/index.php?rest_route=\/wp\/v2\/posts\/252318","targetHints":{"allow":["GET"]}}],"collection":[{"href":"https:\/\/www.ocorreionews.com.br\/acervo-correio\/index.php?rest_route=\/wp\/v2\/posts"}],"about":[{"href":"https:\/\/www.ocorreionews.com.br\/acervo-correio\/index.php?rest_route=\/wp\/v2\/types\/post"}],"author":[{"embeddable":true,"href":"https:\/\/www.ocorreionews.com.br\/acervo-correio\/index.php?rest_route=\/wp\/v2\/users\/5"}],"replies":[{"embeddable":true,"href":"https:\/\/www.ocorreionews.com.br\/acervo-correio\/index.php?rest_route=%2Fwp%2Fv2%2Fcomments&post=252318"}],"version-history":[{"count":1,"href":"https:\/\/www.ocorreionews.com.br\/acervo-correio\/index.php?rest_route=\/wp\/v2\/posts\/252318\/revisions"}],"predecessor-version":[{"id":252322,"href":"https:\/\/www.ocorreionews.com.br\/acervo-correio\/index.php?rest_route=\/wp\/v2\/posts\/252318\/revisions\/252322"}],"wp:featuredmedia":[{"embeddable":true,"href":"https:\/\/www.ocorreionews.com.br\/acervo-correio\/index.php?rest_route=\/wp\/v2\/media\/252321"}],"wp:attachment":[{"href":"https:\/\/www.ocorreionews.com.br\/acervo-correio\/index.php?rest_route=%2Fwp%2Fv2%2Fmedia&parent=252318"}],"wp:term":[{"taxonomy":"category","embeddable":true,"href":"https:\/\/www.ocorreionews.com.br\/acervo-correio\/index.php?rest_route=%2Fwp%2Fv2%2Fcategories&post=252318"},{"taxonomy":"post_tag","embeddable":true,"href":"https:\/\/www.ocorreionews.com.br\/acervo-correio\/index.php?rest_route=%2Fwp%2Fv2%2Ftags&post=252318"}],"curies":[{"name":"wp","href":"https:\/\/api.w.org\/{rel}","templated":true}]}}