{"id":252336,"date":"2023-09-22T13:16:02","date_gmt":"2023-09-22T17:16:02","guid":{"rendered":"https:\/\/www.ocorreionews.com.br\/acervo-correio\/?p=252336"},"modified":"2023-09-22T13:16:02","modified_gmt":"2023-09-22T17:16:02","slug":"telefone-193-dos-bombeiros-de-chapadao-do-sul-volta-a-funcionar","status":"publish","type":"post","link":"https:\/\/www.ocorreionews.com.br\/acervo-correio\/?p=252336","title":{"rendered":"Telefone 193 dos Bombeiros de Chapad\u00e3o do Sul volta a funcionar"},"content":{"rendered":"<div class=\"entry-content clearfix single-post-content\">\n<p>O Corpo de Bombeiros de Chapad\u00e3o do Sul enviou um comunicado \u00e0 imprensa local, informando que o n\u00famero de emerg\u00eancia 193 j\u00e1 est\u00e1 funcionando normalmente.<\/p>\n<p>O numero tinha ficando indispon\u00edvel na manh\u00e3 desta quinta-feira (21).<\/p>\n<\/div>\n<div class=\"post-share single-post-share bottom-share clearfix style-1\">\n<div class=\"post-share-btn-group\"><\/div>\n<div class=\"share-handler-wrap bs-pretty-tabs bs-pretty-tabs-initialized\"><\/div>\n<\/div>\n","protected":false},"excerpt":{"rendered":"<p>O Corpo de Bombeiros de Chapad\u00e3o do Sul enviou um comunicado \u00e0 imprensa local, informando que o n\u00famero de emerg\u00eancia 193 j\u00e1 est\u00e1 funcionando normalmente. O numero tinha ficando indispon\u00edvel na manh\u00e3 desta quinta-feira (21).<\/p>\n","protected":false},"author":5,"featured_media":234144,"comment_status":"closed","ping_status":"closed","sticky":false,"template":"","format":"standard","meta":{"footnotes":""},"categories":[23],"tags":[],"class_list":["post-252336","post","type-post","status-publish","format-standard","has-post-thumbnail","hentry","category-chapadao-do-sul"],"_links":{"self":[{"href":"https:\/\/www.ocorreionews.com.br\/acervo-correio\/index.php?rest_route=\/wp\/v2\/posts\/252336","targetHints":{"allow":["GET"]}}],"collection":[{"href":"https:\/\/www.ocorreionews.com.br\/acervo-correio\/index.php?rest_route=\/wp\/v2\/posts"}],"about":[{"href":"https:\/\/www.ocorreionews.com.br\/acervo-correio\/index.php?rest_route=\/wp\/v2\/types\/post"}],"author":[{"embeddable":true,"href":"https:\/\/www.ocorreionews.com.br\/acervo-correio\/index.php?rest_route=\/wp\/v2\/users\/5"}],"replies":[{"embeddable":true,"href":"https:\/\/www.ocorreionews.com.br\/acervo-correio\/index.php?rest_route=%2Fwp%2Fv2%2Fcomments&post=252336"}],"version-history":[{"count":1,"href":"https:\/\/www.ocorreionews.com.br\/acervo-correio\/index.php?rest_route=\/wp\/v2\/posts\/252336\/revisions"}],"predecessor-version":[{"id":252337,"href":"https:\/\/www.ocorreionews.com.br\/acervo-correio\/index.php?rest_route=\/wp\/v2\/posts\/252336\/revisions\/252337"}],"wp:featuredmedia":[{"embeddable":true,"href":"https:\/\/www.ocorreionews.com.br\/acervo-correio\/index.php?rest_route=\/wp\/v2\/media\/234144"}],"wp:attachment":[{"href":"https:\/\/www.ocorreionews.com.br\/acervo-correio\/index.php?rest_route=%2Fwp%2Fv2%2Fmedia&parent=252336"}],"wp:term":[{"taxonomy":"category","embeddable":true,"href":"https:\/\/www.ocorreionews.com.br\/acervo-correio\/index.php?rest_route=%2Fwp%2Fv2%2Fcategories&post=252336"},{"taxonomy":"post_tag","embeddable":true,"href":"https:\/\/www.ocorreionews.com.br\/acervo-correio\/index.php?rest_route=%2Fwp%2Fv2%2Ftags&post=252336"}],"curies":[{"name":"wp","href":"https:\/\/api.w.org\/{rel}","templated":true}]}}