{"id":252338,"date":"2023-09-22T13:19:11","date_gmt":"2023-09-22T17:19:11","guid":{"rendered":"https:\/\/www.ocorreionews.com.br\/acervo-correio\/?p=252338"},"modified":"2023-09-22T13:19:11","modified_gmt":"2023-09-22T17:19:11","slug":"prefeito-de-chapadao-do-sul-emite-nota-de-pesar-pelo-falecimento-de-iolanda-tortelli-tognon","status":"publish","type":"post","link":"https:\/\/www.ocorreionews.com.br\/acervo-correio\/?p=252338","title":{"rendered":"Prefeito de Chapad\u00e3o do Sul emite Nota de Pesar pelo falecimento de Iolanda Tortelli Tognon"},"content":{"rendered":"<p>\u00c9 com profundo pesar que recebemos a not\u00edcia do falecimento da senhora Iolanda Tortelli Tognon, aos 69 anos, na noite do dia 21, no Hospital do Amor, em Barretos-SP. Iolanda Tognon foi uma pioneira na cidade de Chapad\u00e3o do Sul, tendo chegado \u00e0 regi\u00e3o antes mesmo de se tornar um munic\u00edpio, quando ainda era um distrito de Cassil\u00e2ndia. Sua presen\u00e7a e contribui\u00e7\u00e3o na comunidade deixam um legado valioso.<\/p>\n<p>Iolanda Tognon deixa seu esposo Ivo Tognon, bem como dois filhos e in\u00fameros amigos que, com certeza, sentir\u00e3o profundamente sua aus\u00eancia. Sua trajet\u00f3ria de vida e sua dedica\u00e7\u00e3o \u00e0 cidade de Chapad\u00e3o do Sul ser\u00e3o sempre lembradas com carinho e respeito.<\/p>\n<p>Neste momento de luto, o Prefeito Jo\u00e3o Carlos Krug e toda a equipe da Prefeitura de Chapad\u00e3o do Sul se solidarizam com a fam\u00edlia e amigos de Iolanda Tognon, expressando as mais sinceras condol\u00eancias. Que encontrem conforto na lembran\u00e7a dos momentos compartilhados e no exemplo de vida deixado por ela.<\/p>\n<p>A cidade perdeu n\u00e3o apenas uma moradora dedicada, mas tamb\u00e9m algu\u00e9m que contribuiu para moldar sua hist\u00f3ria. Que a senhora Iolanda Tognon descanse em paz.<\/p>\n<p>&nbsp;<\/p>\n<p>*Assessoria<\/p>\n","protected":false},"excerpt":{"rendered":"<p>\u00c9 com profundo pesar que recebemos a not\u00edcia do falecimento da senhora Iolanda Tortelli Tognon, aos 69 anos, na noite do dia 21, no Hospital do Amor, em Barretos-SP. Iolanda Tognon foi uma pioneira na cidade de Chapad\u00e3o do Sul, tendo chegado \u00e0 regi\u00e3o antes mesmo de se tornar um munic\u00edpio, quando ainda era um [&hellip;]<\/p>\n","protected":false},"author":5,"featured_media":252339,"comment_status":"closed","ping_status":"closed","sticky":false,"template":"","format":"standard","meta":{"footnotes":""},"categories":[23],"tags":[],"class_list":["post-252338","post","type-post","status-publish","format-standard","has-post-thumbnail","hentry","category-chapadao-do-sul"],"_links":{"self":[{"href":"https:\/\/www.ocorreionews.com.br\/acervo-correio\/index.php?rest_route=\/wp\/v2\/posts\/252338","targetHints":{"allow":["GET"]}}],"collection":[{"href":"https:\/\/www.ocorreionews.com.br\/acervo-correio\/index.php?rest_route=\/wp\/v2\/posts"}],"about":[{"href":"https:\/\/www.ocorreionews.com.br\/acervo-correio\/index.php?rest_route=\/wp\/v2\/types\/post"}],"author":[{"embeddable":true,"href":"https:\/\/www.ocorreionews.com.br\/acervo-correio\/index.php?rest_route=\/wp\/v2\/users\/5"}],"replies":[{"embeddable":true,"href":"https:\/\/www.ocorreionews.com.br\/acervo-correio\/index.php?rest_route=%2Fwp%2Fv2%2Fcomments&post=252338"}],"version-history":[{"count":1,"href":"https:\/\/www.ocorreionews.com.br\/acervo-correio\/index.php?rest_route=\/wp\/v2\/posts\/252338\/revisions"}],"predecessor-version":[{"id":252340,"href":"https:\/\/www.ocorreionews.com.br\/acervo-correio\/index.php?rest_route=\/wp\/v2\/posts\/252338\/revisions\/252340"}],"wp:featuredmedia":[{"embeddable":true,"href":"https:\/\/www.ocorreionews.com.br\/acervo-correio\/index.php?rest_route=\/wp\/v2\/media\/252339"}],"wp:attachment":[{"href":"https:\/\/www.ocorreionews.com.br\/acervo-correio\/index.php?rest_route=%2Fwp%2Fv2%2Fmedia&parent=252338"}],"wp:term":[{"taxonomy":"category","embeddable":true,"href":"https:\/\/www.ocorreionews.com.br\/acervo-correio\/index.php?rest_route=%2Fwp%2Fv2%2Fcategories&post=252338"},{"taxonomy":"post_tag","embeddable":true,"href":"https:\/\/www.ocorreionews.com.br\/acervo-correio\/index.php?rest_route=%2Fwp%2Fv2%2Ftags&post=252338"}],"curies":[{"name":"wp","href":"https:\/\/api.w.org\/{rel}","templated":true}]}}