{"id":25237,"date":"2016-04-14T07:16:25","date_gmt":"2016-04-14T11:16:25","guid":{"rendered":"https:\/\/ocorreionews.com.br\/?p=25237"},"modified":"2016-04-14T07:16:25","modified_gmt":"2016-04-14T11:16:25","slug":"mineiros-policia-prende-mais-dois-envolvidos-em-roubo-de-cargas","status":"publish","type":"post","link":"https:\/\/www.ocorreionews.com.br\/acervo-correio\/?p=25237","title":{"rendered":"Mineiros: Policia prende mais dois envolvidos em roubo de cargas"},"content":{"rendered":"<p>Numa a\u00e7\u00e3o integrada entre policiais civis de Mineiros, Rio Verde e Jata\u00ed, foram cumpridos dois mandados de pris\u00e3o preventiva, mandados de busca e apreens\u00e3o e de seq\u00fcestro de bens na cidade de Rio Verde. A opera\u00e7\u00e3o foi fruto do avan\u00e7o de uma investiga\u00e7\u00e3o de furto de cargas em andamento na Delegacia de Mineiros, sob presid\u00eancia do delegado J\u00falio Cesar Arana Vargas.<\/p>\n<p>Foram presos na manh\u00e3 de hoje em Rio Verde Fabio Rodrigues da Silva e Vanderlucio Jos\u00e9 de Oliveira. De acordo com a Pol\u00edcia Civil, F\u00e1bio era o l\u00edder de uma organiza\u00e7\u00e3o criminosa especializada no furto de cargas que atuava em toda regi\u00e3o sudoeste de Goi\u00e1s a cerca de dois anos e que provocou preju\u00edzos milion\u00e1rios a diversas v\u00edtimas. Vanderl\u00facio atuava no esquema como motorista de caminh\u00e3o.<\/p>\n<p>Outros dois integrantes do esquema (Erivaldo C\u00e2ndido Oliveira e Edson Pain) j\u00e1 haviam sido presos em flagrante pela Pol\u00edcia Civil em Mineiros no dia 10 de mar\u00e7o de 2016, evento que foi considerado a primeira etapa da opera\u00e7\u00e3o \u201cCarga Pesada\u201d.<\/p>\n<p>At\u00e9 o momento, apurou-se que a quadrilha obtinha informa\u00e7\u00f5es privilegiadas de determinadas carretas que iriam fazer o embarque de alguma carga valiosa, como por exemplo, o modelo do ve\u00edculo, placas, dentre outras e, ent\u00e3o, clonavam a placa da carreta, se deslocavam com o ve\u00edculo at\u00e9 a empresa e efetuavam o embarque da carga antes do verdadeiro ve\u00edculo chegar ao local. Em seguida subtra\u00edam a mercadoria. O golpe s\u00f3 era percebido pelas v\u00edtimas quando o verdadeiro ve\u00edculo se apresentava na empresa para o embarque. Diversos carros eram usados pelos suspeitos.<\/p>\n<p>A opera\u00e7\u00e3o s\u00f3 foi poss\u00edvel gra\u00e7as ao empenho dos policiais civis e \u00e0 colabora\u00e7\u00e3o irrestrita do Minist\u00e9rio P\u00fablico e do Poder Judici\u00e1rio, que prontamente analisou e deferiu todos os requerimentos da Pol\u00edcia Civil, informou Adriano Costa asessor de comunica\u00e7\u00e3o da Policia Civil de Mineiros_GO.<\/p>\n<p>Vale Verde<\/p>\n","protected":false},"excerpt":{"rendered":"<p>Numa a\u00e7\u00e3o integrada entre policiais civis de Mineiros, Rio Verde e Jata\u00ed, foram cumpridos dois mandados de pris\u00e3o preventiva, mandados de busca e apreens\u00e3o e de seq\u00fcestro de bens na cidade de Rio Verde. A opera\u00e7\u00e3o foi fruto do avan\u00e7o de uma investiga\u00e7\u00e3o de furto de cargas em andamento na Delegacia de Mineiros, sob presid\u00eancia [&hellip;]<\/p>\n","protected":false},"author":4,"featured_media":25238,"comment_status":"closed","ping_status":"closed","sticky":false,"template":"","format":"standard","meta":{"footnotes":""},"categories":[38],"tags":[],"class_list":["post-25237","post","type-post","status-publish","format-standard","has-post-thumbnail","hentry","category-policia"],"_links":{"self":[{"href":"https:\/\/www.ocorreionews.com.br\/acervo-correio\/index.php?rest_route=\/wp\/v2\/posts\/25237","targetHints":{"allow":["GET"]}}],"collection":[{"href":"https:\/\/www.ocorreionews.com.br\/acervo-correio\/index.php?rest_route=\/wp\/v2\/posts"}],"about":[{"href":"https:\/\/www.ocorreionews.com.br\/acervo-correio\/index.php?rest_route=\/wp\/v2\/types\/post"}],"author":[{"embeddable":true,"href":"https:\/\/www.ocorreionews.com.br\/acervo-correio\/index.php?rest_route=\/wp\/v2\/users\/4"}],"replies":[{"embeddable":true,"href":"https:\/\/www.ocorreionews.com.br\/acervo-correio\/index.php?rest_route=%2Fwp%2Fv2%2Fcomments&post=25237"}],"version-history":[{"count":0,"href":"https:\/\/www.ocorreionews.com.br\/acervo-correio\/index.php?rest_route=\/wp\/v2\/posts\/25237\/revisions"}],"wp:featuredmedia":[{"embeddable":true,"href":"https:\/\/www.ocorreionews.com.br\/acervo-correio\/index.php?rest_route=\/wp\/v2\/media\/25238"}],"wp:attachment":[{"href":"https:\/\/www.ocorreionews.com.br\/acervo-correio\/index.php?rest_route=%2Fwp%2Fv2%2Fmedia&parent=25237"}],"wp:term":[{"taxonomy":"category","embeddable":true,"href":"https:\/\/www.ocorreionews.com.br\/acervo-correio\/index.php?rest_route=%2Fwp%2Fv2%2Fcategories&post=25237"},{"taxonomy":"post_tag","embeddable":true,"href":"https:\/\/www.ocorreionews.com.br\/acervo-correio\/index.php?rest_route=%2Fwp%2Fv2%2Ftags&post=25237"}],"curies":[{"name":"wp","href":"https:\/\/api.w.org\/{rel}","templated":true}]}}