{"id":252405,"date":"2023-09-23T15:00:16","date_gmt":"2023-09-23T19:00:16","guid":{"rendered":"https:\/\/www.ocorreionews.com.br\/acervo-correio\/?p=252405"},"modified":"2023-09-25T08:21:29","modified_gmt":"2023-09-25T12:21:29","slug":"identificada-a-vitima-do-acidente-em-chapadao-do-sul","status":"publish","type":"post","link":"https:\/\/www.ocorreionews.com.br\/acervo-correio\/?p=252405","title":{"rendered":"Novas informa\u00e7\u00f5es sobre o acidente com v\u00edtima fatal em Chapad\u00e3o do Sul"},"content":{"rendered":"<p><span data-contrast=\"auto\">Nas primeiras horas da manh\u00e3 deste s\u00e1bado (23), aconteceu um grave acidente envolvendo uma moto e ve\u00edculo de passeio, causando a morte do jovem Kaian V\u00ednicius Tavares de 20 anos em Chapad\u00e3o do Sul.<\/span><span data-ccp-props=\"{&quot;201341983&quot;:0,&quot;335559739&quot;:160,&quot;335559740&quot;:259}\">\u00a0<\/span><\/p>\n<p><span data-contrast=\"auto\">O jovem veio a \u00f3bito estava em uma moto Honda e o ve\u00edculo Hyundai Creta era conduzido pelo Delegado de pol\u00edcia civil de Chapad\u00e3o do Sul Felipe Potter.<\/span><span data-ccp-props=\"{&quot;201341983&quot;:0,&quot;335559739&quot;:160,&quot;335559740&quot;:259}\">\u00a0<\/span><\/p>\n<div style=\"width: 720px;\" class=\"wp-video\"><!--[if lt IE 9]><script>document.createElement('video');<\/script><![endif]-->\n<video class=\"wp-video-shortcode\" id=\"video-252405-1\" width=\"720\" height=\"408\" preload=\"metadata\" controls=\"controls\"><source type=\"video\/mp4\" src=\"https:\/\/www.ocorreionews.com.br\/acervo-correio\/wp-content\/uploads\/2023\/09\/WhatsApp-Video-2023-09-23-at-19.56.04.mp4?_=1\" \/><a href=\"https:\/\/www.ocorreionews.com.br\/acervo-correio\/wp-content\/uploads\/2023\/09\/WhatsApp-Video-2023-09-23-at-19.56.04.mp4\">https:\/\/www.ocorreionews.com.br\/acervo-correio\/wp-content\/uploads\/2023\/09\/WhatsApp-Video-2023-09-23-at-19.56.04.mp4<\/a><\/video><\/div>\n<p><span data-contrast=\"none\">Kauan era funcion\u00e1rio de uma empresa de Chapad\u00e3o do Sul e muito querido na cidade, nas redes sociais centenas de amigos lamentaram a morte do jovem, que era apaixonado pelo futebol e participava ativamente de v\u00e1rias competi\u00e7\u00f5es amadoras na cidade<\/span><span data-ccp-props=\"{&quot;134233117&quot;:false,&quot;134233118&quot;:false,&quot;201341983&quot;:0,&quot;335551550&quot;:0,&quot;335551620&quot;:0,&quot;335559738&quot;:0,&quot;335559739&quot;:255,&quot;335559740&quot;:259}\">\u00a0<\/span><\/p>\n<p><img loading=\"lazy\" decoding=\"async\" class=\"wp-image-252379 aligncenter\" src=\"https:\/\/www.ocorreionews.com.br\/acervo-correio\/wp-content\/uploads\/2023\/09\/IMG_0355-scaled.jpg\" alt=\"\" width=\"600\" height=\"400\" srcset=\"https:\/\/www.ocorreionews.com.br\/acervo-correio\/wp-content\/uploads\/2023\/09\/IMG_0355-scaled.jpg 2560w, https:\/\/www.ocorreionews.com.br\/acervo-correio\/wp-content\/uploads\/2023\/09\/IMG_0355-300x200.jpg 300w, https:\/\/www.ocorreionews.com.br\/acervo-correio\/wp-content\/uploads\/2023\/09\/IMG_0355-1024x683.jpg 1024w, https:\/\/www.ocorreionews.com.br\/acervo-correio\/wp-content\/uploads\/2023\/09\/IMG_0355-768x512.jpg 768w, https:\/\/www.ocorreionews.com.br\/acervo-correio\/wp-content\/uploads\/2023\/09\/IMG_0355-1536x1024.jpg 1536w, https:\/\/www.ocorreionews.com.br\/acervo-correio\/wp-content\/uploads\/2023\/09\/IMG_0355-2048x1365.jpg 2048w\" sizes=\"auto, (max-width: 600px) 100vw, 600px\" \/><\/p>\n<p><span data-contrast=\"auto\">Segundo informa\u00e7\u00f5es <strong>retiradas do Boletim de Ocorr\u00eancia da Pol\u00edcia Militar<\/strong>, os militares foram informados de um acidente de tr\u00e2nsito, com v\u00edtima na rotat\u00f3ria das Avenidas Mato Grosso do Sul com a Goi\u00e1s.<\/span><span data-ccp-props=\"{&quot;201341983&quot;:0,&quot;335559739&quot;:160,&quot;335559740&quot;:259}\">\u00a0<\/span><\/p>\n<p><span data-contrast=\"auto\">Chegando no local, o corpo bombeiros j\u00e1 havia constatado o \u00f3bito da v\u00edtima, que conduzia uma motocicleta devidamente habilitado e seguia pela Avenida Goi\u00e1s em dire\u00e7\u00e3o ao Polo Industrial, j\u00e1 o carro, relacionada neste boletim como Autor dos fatos, conduzia o ve\u00edculo Creta, o qual trafegava pela Avenida Mato Grosso do Sul, sentido Bairro Esplanada, sendo que a colis\u00e3o aconteceu na rotat\u00f3ria que engloba as duas avenidas citadas. <\/span><span data-ccp-props=\"{&quot;201341983&quot;:0,&quot;335559739&quot;:160,&quot;335559740&quot;:259}\">\u00a0<\/span><\/p>\n<p><span data-contrast=\"auto\">A v\u00edtima fatal encontrava-se ca\u00edda junto ao meio fio e pr\u00f3xima a rotat\u00f3ria, com o capacete ao seu lado, a motocicleta estava a alguns metros \u00e0 frente, j\u00e1 no caso do outro ve\u00edculo, acabou parando um pouco a frente, na Avenida Mato Grosso do Sul e do lado contr\u00e1rio da pista (contram\u00e3o), vindo a colidir com uma \u00e1rvore, ap\u00f3s o sinistro.<\/span><span data-ccp-props=\"{&quot;201341983&quot;:0,&quot;335559739&quot;:160,&quot;335559740&quot;:259}\">\u00a0<\/span><\/p>\n<p><span data-contrast=\"auto\">Conforme mencionado a guarni\u00e7\u00e3o do corpo de bombeiro militar, havia atestado o \u00f3bito, j\u00e1 o Autor, quando os militares chegaram ao local, havia deslocado ao hospital atrav\u00e9s de socorro prestado por terceiros. Os militares de pronto isolaram e realizaram o per\u00edmetro do local do acidente at\u00e9 a chegada da per\u00edcia. Durante todo o procedimento pericial, a pol\u00edcia militar, permaneceu ao local, uma vez que, al\u00e9m de ser uma via muito movimentada, houve comparecimento de muitas pessoas, at\u00e9 mesmo familiares, das duas partes, sendo necess\u00e1rio apoio da PM, atrav\u00e9s de 02 (duas) guarni\u00e7\u00f5es para que fosse poss\u00edvel os trabalhos pertinentes. \u00a0<\/span><span data-ccp-props=\"{&quot;201341983&quot;:0,&quot;335559739&quot;:160,&quot;335559740&quot;:259}\">\u00a0<\/span><\/p>\n<p><img loading=\"lazy\" decoding=\"async\" class=\"wp-image-252381 aligncenter\" src=\"https:\/\/www.ocorreionews.com.br\/acervo-correio\/wp-content\/uploads\/2023\/09\/IMG_0357-scaled.jpg\" alt=\"\" width=\"599\" height=\"399\" srcset=\"https:\/\/www.ocorreionews.com.br\/acervo-correio\/wp-content\/uploads\/2023\/09\/IMG_0357-scaled.jpg 2560w, https:\/\/www.ocorreionews.com.br\/acervo-correio\/wp-content\/uploads\/2023\/09\/IMG_0357-300x200.jpg 300w, https:\/\/www.ocorreionews.com.br\/acervo-correio\/wp-content\/uploads\/2023\/09\/IMG_0357-1024x683.jpg 1024w, https:\/\/www.ocorreionews.com.br\/acervo-correio\/wp-content\/uploads\/2023\/09\/IMG_0357-768x512.jpg 768w, https:\/\/www.ocorreionews.com.br\/acervo-correio\/wp-content\/uploads\/2023\/09\/IMG_0357-1536x1024.jpg 1536w, https:\/\/www.ocorreionews.com.br\/acervo-correio\/wp-content\/uploads\/2023\/09\/IMG_0357-2048x1365.jpg 2048w\" sizes=\"auto, (max-width: 599px) 100vw, 599px\" \/><\/p>\n<p><span data-contrast=\"auto\">Ap\u00f3s t\u00e9rmino dos procedimentos, o ve\u00edculo motocicleta, devidamente licenciada foi liberada ao pai da v\u00edtima fatal, j\u00e1 o ve\u00edculo do Autor dos fatos, por n\u00e3o ter condi\u00e7\u00f5es de funcionamento, foi guinchado at\u00e9 o p\u00e1tio. <\/span><span data-ccp-props=\"{&quot;201341983&quot;:0,&quot;335559739&quot;:160,&quot;335559740&quot;:259}\">\u00a0<\/span><\/p>\n<p><span data-contrast=\"auto\">\u00a0Os militares compareceram at\u00e9 o Hospital Municipal de Chapad\u00e3o do Sul e fizeram contato com o Autor dos fatos, sendo oferecido o teste do Etil\u00f4metro, conforme procedimento operacional padr\u00e3o, ocorrendo o exame na sala do hospital, sendo constatado o valor de 0,00 mg\/l.\u00a0<\/span><span data-ccp-props=\"{&quot;201341983&quot;:0,&quot;335559739&quot;:160,&quot;335559740&quot;:259}\">\u00a0<\/span><\/p>\n<p><span data-contrast=\"auto\">Ap\u00f3s as provid\u00eancias cab\u00edveis, os miliares deslocaram at\u00e9 a base para confec\u00e7\u00e3o deste boletim e para BOAT (boletim de acidente de tr\u00e2nsito), sendo toda a documenta\u00e7\u00e3o entregue na Delegacia de Pol\u00edcia Civil.<\/span><span data-ccp-props=\"{&quot;201341983&quot;:0,&quot;335559739&quot;:160,&quot;335559740&quot;:259}\">\u00a0<\/span><\/p>\n<p><span data-contrast=\"auto\">A per\u00edcia criminal esteve no local, e estar\u00e1 elaborando o inqu\u00e9rito das<\/span><span data-contrast=\"none\"> causas e din\u00e2mica do acidente.<\/span><span data-ccp-props=\"{&quot;201341983&quot;:0,&quot;335559739&quot;:160,&quot;335559740&quot;:259}\">\u00a0<\/span><\/p>\n<p><strong>Confira abaixo Nota Oficial divulgado pelo Adepol-MS (Associa\u00e7\u00e3o de Delegados de Pol\u00edcia de MS), sobre o acidente envolvendo o Delegado de Chapad\u00e3o do Sul\u00a0<\/strong><\/p>\n<p><img loading=\"lazy\" decoding=\"async\" class=\"aligncenter\" src=\"https:\/\/www.ocorreionews.com.br\/acervo-correio\/wp-content\/uploads\/2023\/09\/Nota-de-esclarecimento.png\" width=\"599\" height=\"599\" \/><\/p>\n<p><i><span data-contrast=\"auto\">\u00a0<\/span><\/i><i><span data-contrast=\"none\">A Adepol-MS vem a p\u00fablico informar que ocorreu um tr\u00e1gico acidente de tr\u00e2nsito na madrugada deste s\u00e1bado (23) em Chapad\u00e3o do Sul, envolvendo o Delegado de Pol\u00edcia titular do munic\u00edpio, Felipe Machado Potter. Uma vida se foi, o que causa em todos n\u00f3s muita consterna\u00e7\u00e3o e tristeza.<\/span><\/i><span data-ccp-props=\"{&quot;134233117&quot;:false,&quot;134233118&quot;:false,&quot;201341983&quot;:0,&quot;335551550&quot;:0,&quot;335551620&quot;:0,&quot;335559738&quot;:0,&quot;335559739&quot;:255,&quot;335559740&quot;:259}\">\u00a0<\/span><\/p>\n<p><i><span data-contrast=\"none\">As causas e din\u00e2mica do acidente ser\u00e3o apuradas no respectivo inqu\u00e9rito policial. Ap\u00f3s a colis\u00e3o, o delegado Felipe Porter acionou o Corpo de Bombeiros Militar, permaneceu no local, executou o teste de etil\u00f4metro (baf\u00f4metro), com resultado 0\/0, e ap\u00f3s rumou ao hospital, pois tamb\u00e9m se feriu.<\/span><\/i><span data-ccp-props=\"{&quot;134233117&quot;:false,&quot;134233118&quot;:false,&quot;201341983&quot;:0,&quot;335551550&quot;:0,&quot;335551620&quot;:0,&quot;335559738&quot;:0,&quot;335559739&quot;:255,&quot;335559740&quot;:259}\">\u00a0<\/span><\/p>\n<p><i><span data-contrast=\"none\">A Adepol-MS se solidariza imensamente com a fam\u00edlia e amigos da v\u00edtima fatal desse triste acidente.<\/span><\/i><span data-ccp-props=\"{&quot;134233117&quot;:false,&quot;134233118&quot;:false,&quot;201341983&quot;:0,&quot;335551550&quot;:0,&quot;335551620&quot;:0,&quot;335559738&quot;:0,&quot;335559739&quot;:255,&quot;335559740&quot;:259}\">\u00a0<\/span><\/p>\n<p><span data-ccp-props=\"{&quot;201341983&quot;:0,&quot;335559739&quot;:160,&quot;335559740&quot;:259}\">\u00a0<\/span><\/p>\n<p><span data-contrast=\"auto\">Assessoria de comunica\u00e7\u00e3o da 4\u00aaCIPM<\/span><span data-ccp-props=\"{&quot;201341983&quot;:0,&quot;335559739&quot;:160,&quot;335559740&quot;:259}\">\u00a0<\/span><\/p>\n<p><span data-ccp-props=\"{&quot;201341983&quot;:0,&quot;335559739&quot;:160,&quot;335559740&quot;:259}\">\u00a0<\/span><\/p>\n","protected":false},"excerpt":{"rendered":"<p>Nas primeiras horas da manh\u00e3 deste s\u00e1bado (23), aconteceu um grave acidente envolvendo uma moto e ve\u00edculo de passeio, causando a morte do jovem Kaian V\u00ednicius Tavares de 20 anos em Chapad\u00e3o do Sul.\u00a0 O jovem veio a \u00f3bito estava em uma moto Honda e o ve\u00edculo Hyundai Creta era conduzido pelo Delegado de pol\u00edcia [&hellip;]<\/p>\n","protected":false},"author":4,"featured_media":252406,"comment_status":"closed","ping_status":"closed","sticky":false,"template":"","format":"standard","meta":{"footnotes":""},"categories":[23,38],"tags":[],"class_list":["post-252405","post","type-post","status-publish","format-standard","has-post-thumbnail","hentry","category-chapadao-do-sul","category-policia"],"_links":{"self":[{"href":"https:\/\/www.ocorreionews.com.br\/acervo-correio\/index.php?rest_route=\/wp\/v2\/posts\/252405","targetHints":{"allow":["GET"]}}],"collection":[{"href":"https:\/\/www.ocorreionews.com.br\/acervo-correio\/index.php?rest_route=\/wp\/v2\/posts"}],"about":[{"href":"https:\/\/www.ocorreionews.com.br\/acervo-correio\/index.php?rest_route=\/wp\/v2\/types\/post"}],"author":[{"embeddable":true,"href":"https:\/\/www.ocorreionews.com.br\/acervo-correio\/index.php?rest_route=\/wp\/v2\/users\/4"}],"replies":[{"embeddable":true,"href":"https:\/\/www.ocorreionews.com.br\/acervo-correio\/index.php?rest_route=%2Fwp%2Fv2%2Fcomments&post=252405"}],"version-history":[{"count":5,"href":"https:\/\/www.ocorreionews.com.br\/acervo-correio\/index.php?rest_route=\/wp\/v2\/posts\/252405\/revisions"}],"predecessor-version":[{"id":252476,"href":"https:\/\/www.ocorreionews.com.br\/acervo-correio\/index.php?rest_route=\/wp\/v2\/posts\/252405\/revisions\/252476"}],"wp:featuredmedia":[{"embeddable":true,"href":"https:\/\/www.ocorreionews.com.br\/acervo-correio\/index.php?rest_route=\/wp\/v2\/media\/252406"}],"wp:attachment":[{"href":"https:\/\/www.ocorreionews.com.br\/acervo-correio\/index.php?rest_route=%2Fwp%2Fv2%2Fmedia&parent=252405"}],"wp:term":[{"taxonomy":"category","embeddable":true,"href":"https:\/\/www.ocorreionews.com.br\/acervo-correio\/index.php?rest_route=%2Fwp%2Fv2%2Fcategories&post=252405"},{"taxonomy":"post_tag","embeddable":true,"href":"https:\/\/www.ocorreionews.com.br\/acervo-correio\/index.php?rest_route=%2Fwp%2Fv2%2Ftags&post=252405"}],"curies":[{"name":"wp","href":"https:\/\/api.w.org\/{rel}","templated":true}]}}