{"id":252420,"date":"2023-09-24T20:02:10","date_gmt":"2023-09-25T00:02:10","guid":{"rendered":"https:\/\/www.ocorreionews.com.br\/acervo-correio\/?p=252420"},"modified":"2023-09-24T20:02:10","modified_gmt":"2023-09-25T00:02:10","slug":"motociclista-morre-apos-perder-controle-da-direcao-e-bater-em-arvore-no-centro-de-coxim","status":"publish","type":"post","link":"https:\/\/www.ocorreionews.com.br\/acervo-correio\/?p=252420","title":{"rendered":"Motociclista morre ap\u00f3s perder controle da dire\u00e7\u00e3o e bater em \u00e1rvore no Centro de Coxim"},"content":{"rendered":"<p>Motociclista identificado como Reginaldo Marcos Nogueira, de 47 anos, morreu na madrugada deste domingo (24) depois de bater em uma \u00e1rvore na Avenida Presidente Vargas.<\/p>\n<p>Segundo informa\u00e7\u00f5es do site Edi\u00e7\u00e3o MS, a v\u00edtima seguia pela avenida quando perdeu o controle da dire\u00e7\u00e3o e avan\u00e7ou na dire\u00e7\u00e3o da cal\u00e7ada, onde estava a \u00e1rvore. Com a for\u00e7a da batida, a moto foi lan\u00e7ada a cerca de 10 metros e ficou destru\u00edda.<\/p>\n<p>O\u00a0<a class=\"st_tag internal_tag \" title=\"Not\u00edcias sobre Corpo de Bombeiros\" href=\"https:\/\/midiamax.uol.com.br\/tag\/corpo-de-bombeiros\/\" rel=\"tag\">Corpo de Bombeiros<\/a>\u00a0chegou a ser acionado, mas Reginaldo n\u00e3o resistiu aos ferimentos e morreu antes da chegada dos socorristas. Ainda n\u00e3o h\u00e1 informa\u00e7\u00f5es sobre o que teria motivado o acidente.<\/p>\n<div class=\"elementor-element elementor-element-12c3d1e elementor-widget elementor-widget-shortcode\" data-id=\"12c3d1e\" data-element_type=\"widget\" data-widget_type=\"shortcode.default\">\n<div class=\"elementor-widget-container\">\n<div class=\"elementor-shortcode\">, Edi\u00e7\u00e3o MS)<\/div>\n<\/div>\n<\/div>\n<div class=\"elementor-element elementor-element-33095f69 elementor-widget elementor-widget-theme-post-content\" data-id=\"33095f69\" data-element_type=\"widget\" data-widget_type=\"theme-post-content.default\">\n<div class=\"elementor-widget-container\"><\/div>\n<\/div>\n","protected":false},"excerpt":{"rendered":"<p>Motociclista identificado como Reginaldo Marcos Nogueira, de 47 anos, morreu na madrugada deste domingo (24) depois de bater em uma \u00e1rvore na Avenida Presidente Vargas. Segundo informa\u00e7\u00f5es do site Edi\u00e7\u00e3o MS, a v\u00edtima seguia pela avenida quando perdeu o controle da dire\u00e7\u00e3o e avan\u00e7ou na dire\u00e7\u00e3o da cal\u00e7ada, onde estava a \u00e1rvore. Com a for\u00e7a [&hellip;]<\/p>\n","protected":false},"author":4,"featured_media":252421,"comment_status":"closed","ping_status":"closed","sticky":false,"template":"","format":"standard","meta":{"footnotes":""},"categories":[38],"tags":[],"class_list":["post-252420","post","type-post","status-publish","format-standard","has-post-thumbnail","hentry","category-policia"],"_links":{"self":[{"href":"https:\/\/www.ocorreionews.com.br\/acervo-correio\/index.php?rest_route=\/wp\/v2\/posts\/252420","targetHints":{"allow":["GET"]}}],"collection":[{"href":"https:\/\/www.ocorreionews.com.br\/acervo-correio\/index.php?rest_route=\/wp\/v2\/posts"}],"about":[{"href":"https:\/\/www.ocorreionews.com.br\/acervo-correio\/index.php?rest_route=\/wp\/v2\/types\/post"}],"author":[{"embeddable":true,"href":"https:\/\/www.ocorreionews.com.br\/acervo-correio\/index.php?rest_route=\/wp\/v2\/users\/4"}],"replies":[{"embeddable":true,"href":"https:\/\/www.ocorreionews.com.br\/acervo-correio\/index.php?rest_route=%2Fwp%2Fv2%2Fcomments&post=252420"}],"version-history":[{"count":1,"href":"https:\/\/www.ocorreionews.com.br\/acervo-correio\/index.php?rest_route=\/wp\/v2\/posts\/252420\/revisions"}],"predecessor-version":[{"id":252422,"href":"https:\/\/www.ocorreionews.com.br\/acervo-correio\/index.php?rest_route=\/wp\/v2\/posts\/252420\/revisions\/252422"}],"wp:featuredmedia":[{"embeddable":true,"href":"https:\/\/www.ocorreionews.com.br\/acervo-correio\/index.php?rest_route=\/wp\/v2\/media\/252421"}],"wp:attachment":[{"href":"https:\/\/www.ocorreionews.com.br\/acervo-correio\/index.php?rest_route=%2Fwp%2Fv2%2Fmedia&parent=252420"}],"wp:term":[{"taxonomy":"category","embeddable":true,"href":"https:\/\/www.ocorreionews.com.br\/acervo-correio\/index.php?rest_route=%2Fwp%2Fv2%2Fcategories&post=252420"},{"taxonomy":"post_tag","embeddable":true,"href":"https:\/\/www.ocorreionews.com.br\/acervo-correio\/index.php?rest_route=%2Fwp%2Fv2%2Ftags&post=252420"}],"curies":[{"name":"wp","href":"https:\/\/api.w.org\/{rel}","templated":true}]}}