{"id":252424,"date":"2023-09-24T20:05:25","date_gmt":"2023-09-25T00:05:25","guid":{"rendered":"https:\/\/www.ocorreionews.com.br\/acervo-correio\/?p=252424"},"modified":"2023-09-24T20:05:25","modified_gmt":"2023-09-25T00:05:25","slug":"mulher-e-assasinada-em-aparecida-do-taboado","status":"publish","type":"post","link":"https:\/\/www.ocorreionews.com.br\/acervo-correio\/?p=252424","title":{"rendered":"Mulher \u00e9 assasinada em Aparecida do Taboado"},"content":{"rendered":"<p>Mireli Concei\u00e7\u00e3o de Oliveira, de 35 anos, estava sofrendo amea\u00e7as do companheiro antes de ser assassinada a golpes de fac\u00e3o, na noite de s\u00e1bado (23).\u00a0O crime aconteceu em Aparecida do Taboado, a 457 quil\u00f4metros de Campo Grande.<\/p>\n<p>Segundo a delegada Cec\u00edlia Fleury, o casal teve um relacionamento de tr\u00eas meses, h\u00e1 6 anos. H\u00e1 um ano, autor e v\u00edtima reataram e, recentemente, o homem come\u00e7ou a amea\u00e7ar Mireli por mensagens no WhatsApp.<\/p>\n<div class=\"teads-inread sm-screen\">\n<div class=\"teads-ui-components-adchoices\"><\/div>\n<div class=\"teads-ui-components-label\"><\/div>\n<div id=\"teads0\" class=\"teads-player\"><\/div>\n<\/div>\n<p>Na noite de s\u00e1bado, ela voltava para casa de moto quando o autor come\u00e7ou a perseguir a v\u00edtima. Ele tamb\u00e9m estava em uma motocicleta, bateu na moto de Mireli provocando um acidente, e a esfaqueou.<\/p>\n<div><\/div>\n<div><\/div>\n<p>Para o crime, ele utilizou um fac\u00e3o e atingiu golpes nos bra\u00e7os, pesco\u00e7o e dedos de Mireli. A v\u00edtima foi encontrada j\u00e1 sem vida, perto de casa.<\/p>\n<p>Equipes da Pol\u00edcia Civil estiveram no local e identificaram o autor, de 49 anos, que est\u00e1 foragido. Ele responder\u00e1 pelo crime de feminic\u00eddio.<\/p>\n<p>Este \u00e9 o 22\u00ba caso de feminic\u00eddio registrado em\u00a0<a class=\"st_tag internal_tag \" title=\"Not\u00edcias sobre Mato Grosso do Sul\" href=\"https:\/\/midiamax.uol.com.br\/tag\/mato-grosso-do-sul\/\" rel=\"tag\">Mato Grosso do Sul<\/a>\u00a0neste ano.<\/p>\n","protected":false},"excerpt":{"rendered":"<p>Mireli Concei\u00e7\u00e3o de Oliveira, de 35 anos, estava sofrendo amea\u00e7as do companheiro antes de ser assassinada a golpes de fac\u00e3o, na noite de s\u00e1bado (23).\u00a0O crime aconteceu em Aparecida do Taboado, a 457 quil\u00f4metros de Campo Grande. Segundo a delegada Cec\u00edlia Fleury, o casal teve um relacionamento de tr\u00eas meses, h\u00e1 6 anos. H\u00e1 um [&hellip;]<\/p>\n","protected":false},"author":4,"featured_media":252425,"comment_status":"closed","ping_status":"closed","sticky":false,"template":"","format":"standard","meta":{"footnotes":""},"categories":[38],"tags":[],"class_list":["post-252424","post","type-post","status-publish","format-standard","has-post-thumbnail","hentry","category-policia"],"_links":{"self":[{"href":"https:\/\/www.ocorreionews.com.br\/acervo-correio\/index.php?rest_route=\/wp\/v2\/posts\/252424","targetHints":{"allow":["GET"]}}],"collection":[{"href":"https:\/\/www.ocorreionews.com.br\/acervo-correio\/index.php?rest_route=\/wp\/v2\/posts"}],"about":[{"href":"https:\/\/www.ocorreionews.com.br\/acervo-correio\/index.php?rest_route=\/wp\/v2\/types\/post"}],"author":[{"embeddable":true,"href":"https:\/\/www.ocorreionews.com.br\/acervo-correio\/index.php?rest_route=\/wp\/v2\/users\/4"}],"replies":[{"embeddable":true,"href":"https:\/\/www.ocorreionews.com.br\/acervo-correio\/index.php?rest_route=%2Fwp%2Fv2%2Fcomments&post=252424"}],"version-history":[{"count":1,"href":"https:\/\/www.ocorreionews.com.br\/acervo-correio\/index.php?rest_route=\/wp\/v2\/posts\/252424\/revisions"}],"predecessor-version":[{"id":252426,"href":"https:\/\/www.ocorreionews.com.br\/acervo-correio\/index.php?rest_route=\/wp\/v2\/posts\/252424\/revisions\/252426"}],"wp:featuredmedia":[{"embeddable":true,"href":"https:\/\/www.ocorreionews.com.br\/acervo-correio\/index.php?rest_route=\/wp\/v2\/media\/252425"}],"wp:attachment":[{"href":"https:\/\/www.ocorreionews.com.br\/acervo-correio\/index.php?rest_route=%2Fwp%2Fv2%2Fmedia&parent=252424"}],"wp:term":[{"taxonomy":"category","embeddable":true,"href":"https:\/\/www.ocorreionews.com.br\/acervo-correio\/index.php?rest_route=%2Fwp%2Fv2%2Fcategories&post=252424"},{"taxonomy":"post_tag","embeddable":true,"href":"https:\/\/www.ocorreionews.com.br\/acervo-correio\/index.php?rest_route=%2Fwp%2Fv2%2Ftags&post=252424"}],"curies":[{"name":"wp","href":"https:\/\/api.w.org\/{rel}","templated":true}]}}