{"id":252427,"date":"2023-09-24T20:21:26","date_gmt":"2023-09-25T00:21:26","guid":{"rendered":"https:\/\/www.ocorreionews.com.br\/acervo-correio\/?p=252427"},"modified":"2023-09-25T09:32:24","modified_gmt":"2023-09-25T13:32:24","slug":"carro-capota-proximo-ao-campus-da-ufms-de-chapadao-do-sul","status":"publish","type":"post","link":"https:\/\/www.ocorreionews.com.br\/acervo-correio\/?p=252427","title":{"rendered":"Carro capota proximo ao Campus da UFMS de Chapad\u00e3o do Sul"},"content":{"rendered":"<p>O Corpo de Bombeiros de Chapad\u00e3o do Sul socorreu\u00a0 no inicio da noite deste domingo (24), uma\u00a0 v\u00edtima de capotamento numa estrada\u00a0 vicinal pr\u00f3ximo ao Campus da UFMS (Universidade Federal de Mato Grosso do Sul), e que d\u00e1 acesso para BR 060.<\/p>\n<p>O corpo de bombeiros socorreu o\u00a0 motorista que foi transportado para o Pronto Socorro do Hospital Municipal consciente e orientado.<\/p>\n<p>A Pol\u00edcia Militar est\u00e1 no local para os procedimentos administrativos de tr\u00e2nsito.<\/p>\n<p>At\u00e9 o momento n\u00e3o h\u00e1 informa\u00e7\u00f5es da circunst\u00e2ncia que levaram o motorista perder o controle e capotar seu ve\u00edculo.<\/p>\n<p><img loading=\"lazy\" decoding=\"async\" class=\"alignnone wp-image-252428 size-large\" src=\"https:\/\/www.ocorreionews.com.br\/acervo-correio\/wp-content\/uploads\/2023\/09\/ac-ufns-1024x522.png\" alt=\"\" width=\"1024\" height=\"522\" srcset=\"https:\/\/www.ocorreionews.com.br\/acervo-correio\/wp-content\/uploads\/2023\/09\/ac-ufns-1024x522.png 1024w, https:\/\/www.ocorreionews.com.br\/acervo-correio\/wp-content\/uploads\/2023\/09\/ac-ufns-300x153.png 300w, https:\/\/www.ocorreionews.com.br\/acervo-correio\/wp-content\/uploads\/2023\/09\/ac-ufns-768x391.png 768w, https:\/\/www.ocorreionews.com.br\/acervo-correio\/wp-content\/uploads\/2023\/09\/ac-ufns.png 1347w\" sizes=\"auto, (max-width: 1024px) 100vw, 1024px\" \/><\/p>\n","protected":false},"excerpt":{"rendered":"<p>O Corpo de Bombeiros de Chapad\u00e3o do Sul socorreu\u00a0 no inicio da noite deste domingo (24), uma\u00a0 v\u00edtima de capotamento numa estrada\u00a0 vicinal pr\u00f3ximo ao Campus da UFMS (Universidade Federal de Mato Grosso do Sul), e que d\u00e1 acesso para BR 060. O corpo de bombeiros socorreu o\u00a0 motorista que foi transportado para o Pronto [&hellip;]<\/p>\n","protected":false},"author":4,"featured_media":252429,"comment_status":"closed","ping_status":"closed","sticky":false,"template":"","format":"standard","meta":{"footnotes":""},"categories":[23,41],"tags":[],"class_list":["post-252427","post","type-post","status-publish","format-standard","has-post-thumbnail","hentry","category-chapadao-do-sul","category-destaque"],"_links":{"self":[{"href":"https:\/\/www.ocorreionews.com.br\/acervo-correio\/index.php?rest_route=\/wp\/v2\/posts\/252427","targetHints":{"allow":["GET"]}}],"collection":[{"href":"https:\/\/www.ocorreionews.com.br\/acervo-correio\/index.php?rest_route=\/wp\/v2\/posts"}],"about":[{"href":"https:\/\/www.ocorreionews.com.br\/acervo-correio\/index.php?rest_route=\/wp\/v2\/types\/post"}],"author":[{"embeddable":true,"href":"https:\/\/www.ocorreionews.com.br\/acervo-correio\/index.php?rest_route=\/wp\/v2\/users\/4"}],"replies":[{"embeddable":true,"href":"https:\/\/www.ocorreionews.com.br\/acervo-correio\/index.php?rest_route=%2Fwp%2Fv2%2Fcomments&post=252427"}],"version-history":[{"count":5,"href":"https:\/\/www.ocorreionews.com.br\/acervo-correio\/index.php?rest_route=\/wp\/v2\/posts\/252427\/revisions"}],"predecessor-version":[{"id":252464,"href":"https:\/\/www.ocorreionews.com.br\/acervo-correio\/index.php?rest_route=\/wp\/v2\/posts\/252427\/revisions\/252464"}],"wp:featuredmedia":[{"embeddable":true,"href":"https:\/\/www.ocorreionews.com.br\/acervo-correio\/index.php?rest_route=\/wp\/v2\/media\/252429"}],"wp:attachment":[{"href":"https:\/\/www.ocorreionews.com.br\/acervo-correio\/index.php?rest_route=%2Fwp%2Fv2%2Fmedia&parent=252427"}],"wp:term":[{"taxonomy":"category","embeddable":true,"href":"https:\/\/www.ocorreionews.com.br\/acervo-correio\/index.php?rest_route=%2Fwp%2Fv2%2Fcategories&post=252427"},{"taxonomy":"post_tag","embeddable":true,"href":"https:\/\/www.ocorreionews.com.br\/acervo-correio\/index.php?rest_route=%2Fwp%2Fv2%2Ftags&post=252427"}],"curies":[{"name":"wp","href":"https:\/\/api.w.org\/{rel}","templated":true}]}}