{"id":252439,"date":"2023-09-25T05:58:04","date_gmt":"2023-09-25T09:58:04","guid":{"rendered":"https:\/\/www.ocorreionews.com.br\/acervo-correio\/?p=252439"},"modified":"2023-09-25T08:54:37","modified_gmt":"2023-09-25T12:54:37","slug":"amigos-e-familiares-de-kaian-fazem-passeata-e-protestos-em-chapadao-do-sul","status":"publish","type":"post","link":"https:\/\/www.ocorreionews.com.br\/acervo-correio\/?p=252439","title":{"rendered":"Amigos e familiares de Kaian realizaram passeata e protestos em Chapad\u00e3o do Sul cobrando justi\u00e7a"},"content":{"rendered":"<p>Logo ap\u00f3s o sepultamento do corpo do\u00a0 jovem Kaian Vinicius Tavares de 20 anos, morto em um acidente ocorrido na madrugada de s\u00e1bado (23), em Chapad\u00e3o do Sul, amigos e familiares sa\u00edram do cemit\u00e9rio e iniciaram uma passeata pelas ruas da cidade e realizaram na porta da Delegacia, no quartel da PM e no local do acidente, manifesta\u00e7\u00e3o em protestos ao acidente ocorrido em que teve o envolvimento do delegado de pol\u00edcia da cidade.<\/p>\n<p>O pai do jovem Cleber Felix de Souza, a manifesta\u00e7\u00e3o pac\u00edfica foi organizada ap\u00f3s o sepultamento de Kaian Vin\u00edcius Tavares, de 20 anos. &#8220;N\u00e3o queremos vingan\u00e7a, e sim justi\u00e7a. Estivemos no local do acidente e nas delegacias para cobrar uma investiga\u00e7\u00e3o justa e imparcial&#8221;.<\/p>\n<p>Na porta da delegacia houve um \u201cbuzina\u00e7o\u201d por parte de motoqueiros amigos da v\u00edtima. Na delegacia, de m\u00e3os dados fizeram um circulo e rezaram o Pai Nosso.<\/p>\n<p>Os manifestantes est\u00e3o revoltados, principalmente pela nota emitida pela a Associa\u00e7\u00e3o de Delegados, onde afirmam o teste de etil\u00f4metro (baf\u00f4metro), com resultado 0\/0.<\/p>\n<p><img loading=\"lazy\" decoding=\"async\" class=\"alignnone wp-image-252440 size-full\" src=\"https:\/\/www.ocorreionews.com.br\/acervo-correio\/wp-content\/uploads\/2023\/09\/manifesto.jpg\" alt=\"\" width=\"909\" height=\"578\" srcset=\"https:\/\/www.ocorreionews.com.br\/acervo-correio\/wp-content\/uploads\/2023\/09\/manifesto.jpg 909w, https:\/\/www.ocorreionews.com.br\/acervo-correio\/wp-content\/uploads\/2023\/09\/manifesto-300x191.jpg 300w, https:\/\/www.ocorreionews.com.br\/acervo-correio\/wp-content\/uploads\/2023\/09\/manifesto-768x488.jpg 768w\" sizes=\"auto, (max-width: 909px) 100vw, 909px\" \/><\/p>\n<p><img loading=\"lazy\" decoding=\"async\" class=\"alignnone size-full wp-image-252485\" src=\"https:\/\/www.ocorreionews.com.br\/acervo-correio\/wp-content\/uploads\/2023\/09\/protesto-02.jpg\" alt=\"\" width=\"1337\" height=\"715\" srcset=\"https:\/\/www.ocorreionews.com.br\/acervo-correio\/wp-content\/uploads\/2023\/09\/protesto-02.jpg 1337w, https:\/\/www.ocorreionews.com.br\/acervo-correio\/wp-content\/uploads\/2023\/09\/protesto-02-300x160.jpg 300w, https:\/\/www.ocorreionews.com.br\/acervo-correio\/wp-content\/uploads\/2023\/09\/protesto-02-1024x548.jpg 1024w, https:\/\/www.ocorreionews.com.br\/acervo-correio\/wp-content\/uploads\/2023\/09\/protesto-02-768x411.jpg 768w\" sizes=\"auto, (max-width: 1337px) 100vw, 1337px\" \/><\/p>\n<p>&nbsp;<\/p>\n<p>Reveja as materias<\/p>\n<p>https:\/\/www.ocorreionews.com.br\/acervo-correio\/jovem-de-20-anos-morre-em-acidente-em-chapadao-do-sul-2\/<\/p>\n<p>&nbsp;<\/p>\n<p>https:\/\/www.ocorreionews.com.br\/acervo-correio\/identificada-a-vitima-do-acidente-em-chapadao-do-sul\/<\/p>\n","protected":false},"excerpt":{"rendered":"<p>Logo ap\u00f3s o sepultamento do corpo do\u00a0 jovem Kaian Vinicius Tavares de 20 anos, morto em um acidente ocorrido na madrugada de s\u00e1bado (23), em Chapad\u00e3o do Sul, amigos e familiares sa\u00edram do cemit\u00e9rio e iniciaram uma passeata pelas ruas da cidade e realizaram na porta da Delegacia, no quartel da PM e no local [&hellip;]<\/p>\n","protected":false},"author":4,"featured_media":252441,"comment_status":"closed","ping_status":"closed","sticky":false,"template":"","format":"standard","meta":{"footnotes":""},"categories":[23,41,38],"tags":[],"class_list":["post-252439","post","type-post","status-publish","format-standard","has-post-thumbnail","hentry","category-chapadao-do-sul","category-destaque","category-policia"],"_links":{"self":[{"href":"https:\/\/www.ocorreionews.com.br\/acervo-correio\/index.php?rest_route=\/wp\/v2\/posts\/252439","targetHints":{"allow":["GET"]}}],"collection":[{"href":"https:\/\/www.ocorreionews.com.br\/acervo-correio\/index.php?rest_route=\/wp\/v2\/posts"}],"about":[{"href":"https:\/\/www.ocorreionews.com.br\/acervo-correio\/index.php?rest_route=\/wp\/v2\/types\/post"}],"author":[{"embeddable":true,"href":"https:\/\/www.ocorreionews.com.br\/acervo-correio\/index.php?rest_route=\/wp\/v2\/users\/4"}],"replies":[{"embeddable":true,"href":"https:\/\/www.ocorreionews.com.br\/acervo-correio\/index.php?rest_route=%2Fwp%2Fv2%2Fcomments&post=252439"}],"version-history":[{"count":5,"href":"https:\/\/www.ocorreionews.com.br\/acervo-correio\/index.php?rest_route=\/wp\/v2\/posts\/252439\/revisions"}],"predecessor-version":[{"id":252488,"href":"https:\/\/www.ocorreionews.com.br\/acervo-correio\/index.php?rest_route=\/wp\/v2\/posts\/252439\/revisions\/252488"}],"wp:featuredmedia":[{"embeddable":true,"href":"https:\/\/www.ocorreionews.com.br\/acervo-correio\/index.php?rest_route=\/wp\/v2\/media\/252441"}],"wp:attachment":[{"href":"https:\/\/www.ocorreionews.com.br\/acervo-correio\/index.php?rest_route=%2Fwp%2Fv2%2Fmedia&parent=252439"}],"wp:term":[{"taxonomy":"category","embeddable":true,"href":"https:\/\/www.ocorreionews.com.br\/acervo-correio\/index.php?rest_route=%2Fwp%2Fv2%2Fcategories&post=252439"},{"taxonomy":"post_tag","embeddable":true,"href":"https:\/\/www.ocorreionews.com.br\/acervo-correio\/index.php?rest_route=%2Fwp%2Fv2%2Ftags&post=252439"}],"curies":[{"name":"wp","href":"https:\/\/api.w.org\/{rel}","templated":true}]}}