{"id":252445,"date":"2023-09-25T06:46:00","date_gmt":"2023-09-25T10:46:00","guid":{"rendered":"https:\/\/www.ocorreionews.com.br\/acervo-correio\/?p=252445"},"modified":"2023-09-25T07:52:57","modified_gmt":"2023-09-25T11:52:57","slug":"paraiso-programacao-de-aniversario-de-paraiso-das-aguas-comecou-com-entrega-de-recuperacao-de-estradas-rurais","status":"publish","type":"post","link":"https:\/\/www.ocorreionews.com.br\/acervo-correio\/?p=252445","title":{"rendered":"Programa\u00e7\u00e3o de Anivers\u00e1rio de Para\u00edso das \u00c1guas come\u00e7ou com entrega de recupera\u00e7\u00e3o de estradas rurais"},"content":{"rendered":"<p>O prefeito de Para\u00edso das \u00c1guas, An\u00edzio Andrade, acompanhado do vice-prefeito, Roberto Carlos, do presidente da c\u00e2mara de vereadores, Edson Prechlack, al\u00e9m de secret\u00e1rios municipais, vereadores e produtores rurais, entregou oficialmente na manh\u00e3 deste s\u00e1bado (23) a obra de levantamento e cascalhamento da estrada da regi\u00e3o do lote 10.<\/p>\n<p><img loading=\"lazy\" decoding=\"async\" class=\"alignnone wp-image-252452 size-full\" src=\"https:\/\/www.ocorreionews.com.br\/acervo-correio\/wp-content\/uploads\/2023\/09\/estradas-rurais-niver-bela2.jpg\" alt=\"\" width=\"700\" height=\"467\" srcset=\"https:\/\/www.ocorreionews.com.br\/acervo-correio\/wp-content\/uploads\/2023\/09\/estradas-rurais-niver-bela2.jpg 700w, https:\/\/www.ocorreionews.com.br\/acervo-correio\/wp-content\/uploads\/2023\/09\/estradas-rurais-niver-bela2-300x200.jpg 300w\" sizes=\"auto, (max-width: 700px) 100vw, 700px\" \/><\/p>\n<p>&nbsp;<\/p>\n<p>\u201cEsta \u00e9 uma reivindica\u00e7\u00e3o important\u00edssima dos produtores rurais dessa regi\u00e3o que tanto coopera com o desenvolvimento de nosso munic\u00edpio. Estamos imensamente felizes em entregar esta estrada de cerca de 30 quil\u00f4metros de extens\u00e3o que ajudar\u00e1 no escoamento da produ\u00e7\u00e3o e tamb\u00e9m no conforto das fam\u00edlias que aqui moram. At\u00e9 mesmo o transporte escolar ser\u00e1 de mais qualidade, pois, com uma estrada melhor, o trajeto at\u00e9 a escola ser\u00e1 mais r\u00e1pido e os alunos n\u00e3o precisar\u00e3o acordar t\u00e3o cedo\u201d, afirmou o prefeito.<\/p>\n<p><img loading=\"lazy\" decoding=\"async\" class=\"alignnone wp-image-252453 size-full\" src=\"https:\/\/www.ocorreionews.com.br\/acervo-correio\/wp-content\/uploads\/2023\/09\/estradas-rurais-niver-bela3.jpg\" alt=\"\" width=\"700\" height=\"467\" srcset=\"https:\/\/www.ocorreionews.com.br\/acervo-correio\/wp-content\/uploads\/2023\/09\/estradas-rurais-niver-bela3.jpg 700w, https:\/\/www.ocorreionews.com.br\/acervo-correio\/wp-content\/uploads\/2023\/09\/estradas-rurais-niver-bela3-300x200.jpg 300w\" sizes=\"auto, (max-width: 700px) 100vw, 700px\" \/><\/p>\n<p>O Produtor Rural da regi\u00e3o, Jos\u00e9 Firmani, agradeceu o executivo municipal e toda a c\u00e2mara de vereadores pelo empenho na execu\u00e7\u00e3o desta importante obra para a regi\u00e3o.<\/p>\n<p>\u201cEstrada boa \u00e9 essencial para quem trabalha e vive no campo. Estamos imensamente felizes por esta entrega que mostra o comprometimento das lideran\u00e7as pol\u00edticas do munic\u00edpio com aqueles que produzem e cooperam com o desenvolvimento de toda a regi\u00e3o\u201d, afirmou Jos\u00e9.<\/p>\n<p><img loading=\"lazy\" decoding=\"async\" class=\"alignnone wp-image-252454 size-full\" src=\"https:\/\/www.ocorreionews.com.br\/acervo-correio\/wp-content\/uploads\/2023\/09\/estradas-rurais-niver-bela4.jpg\" alt=\"\" width=\"700\" height=\"315\" srcset=\"https:\/\/www.ocorreionews.com.br\/acervo-correio\/wp-content\/uploads\/2023\/09\/estradas-rurais-niver-bela4.jpg 700w, https:\/\/www.ocorreionews.com.br\/acervo-correio\/wp-content\/uploads\/2023\/09\/estradas-rurais-niver-bela4-300x135.jpg 300w\" sizes=\"auto, (max-width: 700px) 100vw, 700px\" \/><\/p>\n<p>Para o presidente da Cooper, Alexandre Palombo, obras de infraestrutura que visem a melhoria do escoamento da produ\u00e7\u00e3o s\u00e3o essenciais para o fortalecimento do agroneg\u00f3cio.<\/p>\n<p>\u201cO prefeito An\u00edzio Andrade e toda a equipe da prefeitura, bem como a c\u00e2mara de vereadores, mostra-se empenhado em cooperar com o desenvolvimento e fortalecimento de nossas culturas agr\u00edcolas. Esta obra aqui na regi\u00e3o do lote 10 vai ser um divisor de \u00e1guas em nossa produ\u00e7\u00e3o\u201d, afirmou.<\/p>\n<p>Participaram da entrega da obra: Os vereadores, Edson Prechlack e Ronaldo Paniago. Os secret\u00e1rios municipais: Silvia Simone Pinho, Jos\u00e9 Donizete Corsini, Ildo Furtado de Oliveira, Adriano Dias Agostinho.<\/p>\n<p>Fonte: Diogo Rondon\/Assecom<\/p>\n","protected":false},"excerpt":{"rendered":"<p>O prefeito de Para\u00edso das \u00c1guas, An\u00edzio Andrade, acompanhado do vice-prefeito, Roberto Carlos, do presidente da c\u00e2mara de vereadores, Edson Prechlack, al\u00e9m de secret\u00e1rios municipais, vereadores e produtores rurais, entregou oficialmente na manh\u00e3 deste s\u00e1bado (23) a obra de levantamento e cascalhamento da estrada da regi\u00e3o do lote 10. &nbsp; \u201cEsta \u00e9 uma reivindica\u00e7\u00e3o important\u00edssima [&hellip;]<\/p>\n","protected":false},"author":4,"featured_media":252446,"comment_status":"closed","ping_status":"closed","sticky":false,"template":"","format":"standard","meta":{"footnotes":""},"categories":[41,36],"tags":[],"class_list":["post-252445","post","type-post","status-publish","format-standard","has-post-thumbnail","hentry","category-destaque","category-paraiso-das-aguas"],"_links":{"self":[{"href":"https:\/\/www.ocorreionews.com.br\/acervo-correio\/index.php?rest_route=\/wp\/v2\/posts\/252445","targetHints":{"allow":["GET"]}}],"collection":[{"href":"https:\/\/www.ocorreionews.com.br\/acervo-correio\/index.php?rest_route=\/wp\/v2\/posts"}],"about":[{"href":"https:\/\/www.ocorreionews.com.br\/acervo-correio\/index.php?rest_route=\/wp\/v2\/types\/post"}],"author":[{"embeddable":true,"href":"https:\/\/www.ocorreionews.com.br\/acervo-correio\/index.php?rest_route=\/wp\/v2\/users\/4"}],"replies":[{"embeddable":true,"href":"https:\/\/www.ocorreionews.com.br\/acervo-correio\/index.php?rest_route=%2Fwp%2Fv2%2Fcomments&post=252445"}],"version-history":[{"count":3,"href":"https:\/\/www.ocorreionews.com.br\/acervo-correio\/index.php?rest_route=\/wp\/v2\/posts\/252445\/revisions"}],"predecessor-version":[{"id":252468,"href":"https:\/\/www.ocorreionews.com.br\/acervo-correio\/index.php?rest_route=\/wp\/v2\/posts\/252445\/revisions\/252468"}],"wp:featuredmedia":[{"embeddable":true,"href":"https:\/\/www.ocorreionews.com.br\/acervo-correio\/index.php?rest_route=\/wp\/v2\/media\/252446"}],"wp:attachment":[{"href":"https:\/\/www.ocorreionews.com.br\/acervo-correio\/index.php?rest_route=%2Fwp%2Fv2%2Fmedia&parent=252445"}],"wp:term":[{"taxonomy":"category","embeddable":true,"href":"https:\/\/www.ocorreionews.com.br\/acervo-correio\/index.php?rest_route=%2Fwp%2Fv2%2Fcategories&post=252445"},{"taxonomy":"post_tag","embeddable":true,"href":"https:\/\/www.ocorreionews.com.br\/acervo-correio\/index.php?rest_route=%2Fwp%2Fv2%2Ftags&post=252445"}],"curies":[{"name":"wp","href":"https:\/\/api.w.org\/{rel}","templated":true}]}}