{"id":252448,"date":"2023-09-25T06:55:15","date_gmt":"2023-09-25T10:55:15","guid":{"rendered":"https:\/\/www.ocorreionews.com.br\/acervo-correio\/?p=252448"},"modified":"2023-09-25T06:55:15","modified_gmt":"2023-09-25T10:55:15","slug":"comeca-nesta-quarta-feira-dia-27-o-rodeio-fest-figueirao","status":"publish","type":"post","link":"https:\/\/www.ocorreionews.com.br\/acervo-correio\/?p=252448","title":{"rendered":"Come\u00e7a nesta quarta feira dia 27 o Rodeio Fest Figueir\u00e3o"},"content":{"rendered":"<div class=\"context toClear toTable\">\n<p>Est\u00e3o em fase final os preparativos das estruturas de ferragens para o 2\u00ba Rodeio Fest de Figueir\u00e3o. O evento, organizado pela SINSEM-FIG, que acontece nos dias 27, 28, 29 e 30 de setembro.<\/p>\n<p><strong>VEJA A PROGRAMA\u00c7\u00c3O;<\/strong><\/p>\n<p>O rodeio inicia dia 27 de setembro, esse ano haver\u00e1 montarias de cutiano, touro, mirins (carneiro) e shows;<\/p>\n<p><strong>Dia 27\/09 \u2013 (quarta-feira).<\/strong><\/p>\n<p>19h00min \u2013 Show Gospel com Valesca Mayssa.<\/p>\n<p>20h00min \u2013 Rodeio em Touros e Cutiano.<\/p>\n<p><strong>Dia 28\/09 \u2013 (quinta-feira).<\/strong><\/p>\n<p>19h00min &#8211; Rodeio em Touros, Cutiano e show com Jads &amp; Jadson.<\/p>\n<p><strong>Dia 29\/09 \u2013 (sexta-feira).<\/strong><\/p>\n<p>08h00min \u2013 Cerim\u00f4nia de Comemora\u00e7\u00e3o \u201cAnivers\u00e1rio de Figueir\u00e3o\u201d.<\/p>\n<p>&#8211; Apresenta\u00e7\u00e3o da Banda Municipal de Percuss\u00e3o \u201cJo\u00e3o Malaquias da Silva\u201d.<\/p>\n<p>&#8211; Visitas das Obras em Andamento.<\/p>\n<p><strong>Local:<\/strong> Pra\u00e7a Central Sebasti\u00e3o Barbosa de Souza.<\/p>\n<p>18h00min \u2013 Rodeio em Carneiro, Touro e Cutiano.<\/p>\n<p>22h00min \u2013 Show Henrique e Diego.<\/p>\n<p><strong>Dia 30\/09 (s\u00e1bado).<\/strong><\/p>\n<p>16h00 \u2013 Liga Terr\u00e3o \u2013 Final.<\/p>\n<p><strong>Local:<\/strong> Campo society de Futebol.<\/p>\n<p>18h00min \u2013 Rodeio em Carneiro, Touro e Cutiano.<\/p>\n<p>22h00min \u2013 Show Vitor e Cadu.<\/p>\n<p><strong>Dia 01\/10 \u2013 (domingo)<\/strong><\/p>\n<p>09h00min &#8211; Cavalgada.<\/p>\n<p>In\u00edcio na rotat\u00f3ria de Alcin\u00f3polis at\u00e9 o Clube de La\u00e7o Rancho dos Tropeiros.<\/p>\n<p>12h00min \u2013 Almo\u00e7o e Churrasco.<\/p>\n<p><strong>Local:<\/strong> Clube de La\u00e7o Rancho dos Tropeiros.<\/p>\n<p>Haver\u00e1 bail\u00e3o todas as noites com Grupo Sociedade Baileira.<\/p>\n<p><strong>Entrada Franca todas as noites.<\/strong><\/p>\n<p><em>Regional MS\u00a0<\/em><\/p>\n<p>&nbsp;<\/p>\n<\/div>\n<div class=\"slideControl\">\n<div class=\"slideZone toRelative\">\n<div class=\"sliders toAbsolute slidebox\">\n<div class=\"slideitem fade\"><img decoding=\"async\" src=\"https:\/\/regionalms.com.br\/conteudo\/regionalms\/articles\/4116\/profile\/tours-263.jpg?s=1695638924\" alt=\"2\u00ba Rodeio Fest.\" \/><\/div>\n<\/div>\n<\/div>\n<\/div>\n","protected":false},"excerpt":{"rendered":"<p>Est\u00e3o em fase final os preparativos das estruturas de ferragens para o 2\u00ba Rodeio Fest de Figueir\u00e3o. O evento, organizado pela SINSEM-FIG, que acontece nos dias 27, 28, 29 e 30 de setembro. VEJA A PROGRAMA\u00c7\u00c3O; O rodeio inicia dia 27 de setembro, esse ano haver\u00e1 montarias de cutiano, touro, mirins (carneiro) e shows; Dia [&hellip;]<\/p>\n","protected":false},"author":4,"featured_media":252449,"comment_status":"closed","ping_status":"closed","sticky":false,"template":"","format":"standard","meta":{"footnotes":""},"categories":[30],"tags":[],"class_list":["post-252448","post","type-post","status-publish","format-standard","has-post-thumbnail","hentry","category-figueirao"],"_links":{"self":[{"href":"https:\/\/www.ocorreionews.com.br\/acervo-correio\/index.php?rest_route=\/wp\/v2\/posts\/252448","targetHints":{"allow":["GET"]}}],"collection":[{"href":"https:\/\/www.ocorreionews.com.br\/acervo-correio\/index.php?rest_route=\/wp\/v2\/posts"}],"about":[{"href":"https:\/\/www.ocorreionews.com.br\/acervo-correio\/index.php?rest_route=\/wp\/v2\/types\/post"}],"author":[{"embeddable":true,"href":"https:\/\/www.ocorreionews.com.br\/acervo-correio\/index.php?rest_route=\/wp\/v2\/users\/4"}],"replies":[{"embeddable":true,"href":"https:\/\/www.ocorreionews.com.br\/acervo-correio\/index.php?rest_route=%2Fwp%2Fv2%2Fcomments&post=252448"}],"version-history":[{"count":1,"href":"https:\/\/www.ocorreionews.com.br\/acervo-correio\/index.php?rest_route=\/wp\/v2\/posts\/252448\/revisions"}],"predecessor-version":[{"id":252450,"href":"https:\/\/www.ocorreionews.com.br\/acervo-correio\/index.php?rest_route=\/wp\/v2\/posts\/252448\/revisions\/252450"}],"wp:featuredmedia":[{"embeddable":true,"href":"https:\/\/www.ocorreionews.com.br\/acervo-correio\/index.php?rest_route=\/wp\/v2\/media\/252449"}],"wp:attachment":[{"href":"https:\/\/www.ocorreionews.com.br\/acervo-correio\/index.php?rest_route=%2Fwp%2Fv2%2Fmedia&parent=252448"}],"wp:term":[{"taxonomy":"category","embeddable":true,"href":"https:\/\/www.ocorreionews.com.br\/acervo-correio\/index.php?rest_route=%2Fwp%2Fv2%2Fcategories&post=252448"},{"taxonomy":"post_tag","embeddable":true,"href":"https:\/\/www.ocorreionews.com.br\/acervo-correio\/index.php?rest_route=%2Fwp%2Fv2%2Ftags&post=252448"}],"curies":[{"name":"wp","href":"https:\/\/api.w.org\/{rel}","templated":true}]}}