{"id":252456,"date":"2023-09-24T07:00:39","date_gmt":"2023-09-24T11:00:39","guid":{"rendered":"https:\/\/www.ocorreionews.com.br\/acervo-correio\/?p=252456"},"modified":"2023-09-25T07:36:17","modified_gmt":"2023-09-25T11:36:17","slug":"vereadores-de-paraiso-das-aguas-reuniram-com-comando-do-bombeiros","status":"publish","type":"post","link":"https:\/\/www.ocorreionews.com.br\/acervo-correio\/?p=252456","title":{"rendered":"Vereadores de Paraiso das Aguas reuniram com comando do bombeiros"},"content":{"rendered":"<p>os vereadores Fio do Povo (PSDB), Prof\u00ba Leonardo (PP), Edson da Oficina(PP), acompanhado do coordenador regi\u00e3o Norte do Governo de Mato Grosso do Sul e ex-prefeito de Para\u00edso das \u00c1guas, Ivan Xixi, estiveram na sede do Comando Geral do Corpo de Bombeiros, onde apresentaram um of\u00edcio solicitando a implanta\u00e7\u00e3o de um Posto de Atendimento do Corpo de Bombeiros em Para\u00edso das \u00c1guas.<\/p>\n<p>A solicita\u00e7\u00e3o prende-se pelo fato das in\u00fameras ocorr\u00eancias no munic\u00edpio, como acidentes de tr\u00e2nsito nos extensos trechos de rodovias que cortam o munic\u00edpio, entre elas, uma das rodovias mais importantes do pa\u00eds, com um grande fluxo de ve\u00edculos, a BR 060, como tamb\u00e9m outras ocorr\u00eancias como inc\u00eandios e demais sinistros que necessitam de atendimento de urg\u00eancia e a unidade mais pr\u00f3xima \u00e9 Chapad\u00e3o do Sul, distante 55 quil\u00f4metros, o que leva at\u00e9 40 minutos o deslocamento de uma equipe at\u00e9 a sede de Para\u00edso das \u00c1guas.<\/p>\n<p><img decoding=\"async\" src=\"https:\/\/www.bncnoticias.com.br\/arquivos\/img-uploads\/imagem_759.jpg\" data-pagespeed-url-hash=\"883430045\" \/><\/p>\n<p>A comitiva foi recebida pelo comandante geral do Corpo de Bombeiros de Mato Grosso do Sul, coronel Frederico Reis Pouso Salas e pelo assessor parlamentar, tenente-coronel Ant\u00f4nio C\u00e9zar Pereira da Silva, que cordialmente receberam ao pedido dos vereadores e se comprometendo dar prosseguimento.<\/p>\n<p>&nbsp;<\/p>\n<p>Nesta sexta-feira (22) a comitiva esteve reunidos na governadoria, onde tamb\u00e9m entregou a solicita\u00e7\u00e3o.<\/p>\n<p>&#8220;Na oportunidade, al\u00e9m de fazer a entrega deste importante documento, com esta t\u00e3o necess\u00e1ria solicita\u00e7\u00e3o, tamb\u00e9m aproveitamos para parabenizar a atua\u00e7\u00e3o dos nossos bombeiros de Chapad\u00e3o do Sul e em especial, da equipe de resgate, mergulhadores da capital, que estiveram em uma atendimento no rio Sucuri\u00fa, durante um afogamento de um cidad\u00e3o ilustre de nossa cidade, onde se empenharam durante dois dias intensos de buscas&#8221;, destacou o vereador Fio do Povo.<\/p>\n<p><img decoding=\"async\" src=\"https:\/\/www.bncnoticias.com.br\/arquivos\/img-uploads\/imagem_756.jpg\" data-pagespeed-url-hash=\"4294897578\" \/><\/p>\n<p><img decoding=\"async\" src=\"https:\/\/www.bncnoticias.com.br\/arquivos\/img-uploads\/imagem_757.jpg\" data-pagespeed-url-hash=\"294430203\" \/><\/p>\n","protected":false},"excerpt":{"rendered":"<p>os vereadores Fio do Povo (PSDB), Prof\u00ba Leonardo (PP), Edson da Oficina(PP), acompanhado do coordenador regi\u00e3o Norte do Governo de Mato Grosso do Sul e ex-prefeito de Para\u00edso das \u00c1guas, Ivan Xixi, estiveram na sede do Comando Geral do Corpo de Bombeiros, onde apresentaram um of\u00edcio solicitando a implanta\u00e7\u00e3o de um Posto de Atendimento do [&hellip;]<\/p>\n","protected":false},"author":4,"featured_media":252457,"comment_status":"closed","ping_status":"closed","sticky":false,"template":"","format":"standard","meta":{"footnotes":""},"categories":[20,36],"tags":[],"class_list":["post-252456","post","type-post","status-publish","format-standard","has-post-thumbnail","hentry","category-camara-municipal","category-paraiso-das-aguas"],"_links":{"self":[{"href":"https:\/\/www.ocorreionews.com.br\/acervo-correio\/index.php?rest_route=\/wp\/v2\/posts\/252456","targetHints":{"allow":["GET"]}}],"collection":[{"href":"https:\/\/www.ocorreionews.com.br\/acervo-correio\/index.php?rest_route=\/wp\/v2\/posts"}],"about":[{"href":"https:\/\/www.ocorreionews.com.br\/acervo-correio\/index.php?rest_route=\/wp\/v2\/types\/post"}],"author":[{"embeddable":true,"href":"https:\/\/www.ocorreionews.com.br\/acervo-correio\/index.php?rest_route=\/wp\/v2\/users\/4"}],"replies":[{"embeddable":true,"href":"https:\/\/www.ocorreionews.com.br\/acervo-correio\/index.php?rest_route=%2Fwp%2Fv2%2Fcomments&post=252456"}],"version-history":[{"count":1,"href":"https:\/\/www.ocorreionews.com.br\/acervo-correio\/index.php?rest_route=\/wp\/v2\/posts\/252456\/revisions"}],"predecessor-version":[{"id":252458,"href":"https:\/\/www.ocorreionews.com.br\/acervo-correio\/index.php?rest_route=\/wp\/v2\/posts\/252456\/revisions\/252458"}],"wp:featuredmedia":[{"embeddable":true,"href":"https:\/\/www.ocorreionews.com.br\/acervo-correio\/index.php?rest_route=\/wp\/v2\/media\/252457"}],"wp:attachment":[{"href":"https:\/\/www.ocorreionews.com.br\/acervo-correio\/index.php?rest_route=%2Fwp%2Fv2%2Fmedia&parent=252456"}],"wp:term":[{"taxonomy":"category","embeddable":true,"href":"https:\/\/www.ocorreionews.com.br\/acervo-correio\/index.php?rest_route=%2Fwp%2Fv2%2Fcategories&post=252456"},{"taxonomy":"post_tag","embeddable":true,"href":"https:\/\/www.ocorreionews.com.br\/acervo-correio\/index.php?rest_route=%2Fwp%2Fv2%2Ftags&post=252456"}],"curies":[{"name":"wp","href":"https:\/\/api.w.org\/{rel}","templated":true}]}}